{"id":60011,"date":"2015-01-13T13:46:17","date_gmt":"2015-01-13T16:46:17","guid":{"rendered":"http:\/\/www.24baires.com\/?p=60011"},"modified":"2015-01-14T10:19:43","modified_gmt":"2015-01-14T13:19:43","slug":"clarin-da-verguenza-el-domingo-fui-a-la-marcha","status":"publish","type":"post","link":"http:\/\/www.24baires.com\/?p=60011","title":{"rendered":"\u00abClar\u00edn da verg\u00fcenza; el domingo fui a la marcha\u00bb"},"content":{"rendered":"<p><img data-recalc-dims=\"1\" loading=\"lazy\" decoding=\"async\" class=\"aligncenter size-full wp-image-52714\" src=\"https:\/\/i0.wp.com\/www.24baires.com\/wp-content\/uploads\/2014\/08\/timerman.jpg?resize=560%2C333\" alt=\"timerman\" width=\"560\" height=\"333\" srcset=\"https:\/\/i0.wp.com\/www.24baires.com\/wp-content\/uploads\/2014\/08\/timerman.jpg?w=560 560w, https:\/\/i0.wp.com\/www.24baires.com\/wp-content\/uploads\/2014\/08\/timerman.jpg?resize=300%2C178 300w\" sizes=\"auto, (max-width: 560px) 100vw, 560px\" \/>El Canciller, H\u00e9ctor Timeman, ofreci\u00f3 una conferencia de prensa en la que ley\u00f3 un comunicado en el que desmiente lo publicado por el diario respecto a su participaci\u00f3n en la Marcha Republicana el domingo pasado en Par\u00eds.<!--more--><\/p>\n<p>El canciller H\u00e9ctor Timerman desminti\u00f3 hoy al diario Clar\u00edn, que en su nota de tapa public\u00f3 que no hab\u00eda participado el domingo en Par\u00eds de la marcha en solidaridad por el atentado terrorista a la revista Charlie Hebdo, y aclar\u00f3 que la periodista que escribi\u00f3 la noticia \u00abno estaba en Par\u00eds, donde es corresponsal, sino en fiestas en Punta del Este\u00bb.<\/p>\n<p>\u00abLlama la atenci\u00f3n que quien firma la nota, Mar\u00eda Laura Avignolo, corresponsal de Clar\u00edn en Par\u00eds, no estaba en Par\u00eds, ya que se encontraba asistiendo a fiestas en Punta del Este tal como lo atestiguan los medios que cubren ese tipo de noticias\u00bb, se\u00f1al\u00f3 el funcionario nacional en Casa de Gobierno.<\/p>\n<p>En ese marco, Timerman dijo tambi\u00e9n que \u00abes falso que consult\u00e9 con la Presidenta sobre la participaci\u00f3n en la marcha de Par\u00eds. Reci\u00e9n el domingo a la tarde le envi\u00e9 el comunicado de la Canciller\u00eda sobre el atentado en Nigeria. Tampoco en ese momento habl\u00e9 con la Presidenta\u00bb.<\/p>\n<p>\u00abCuando aterric\u00e9 en Par\u00eds de regreso de la Rep\u00fablica Popular China la embajadora argentina me avis\u00f3 que la Canciller\u00eda francesa pregunt\u00f3 si deseaba firmar el libro de condolencias por los atentados de Par\u00eds. Por supuesto que fui como lo hubiese hecho con cualquier gobierno que atraviese una situaci\u00f3n similar\u00bb, continu\u00f3 el canciller argentino.<\/p>\n<p>Y agreg\u00f3: \u00abel domingo fui a la marcha. Particip\u00e9, con un grupo de amigos y familiares, junto al pueblo franc\u00e9s, como muchas veces a lo largo de mi vida lo hice en Buenos Aires, en Israel, en Venezuela, en Chile, en Italia y otros pa\u00edses. Siempre a favor de la vida y la libertad. Jam\u00e1s haciendo diferencias, todas las v\u00edctimas son v\u00edctimas. Prefer\u00ed estar con el ciudadano com\u00fan. Fue mi decisi\u00f3n. No me arrepiento\u00bb.<\/p>\n<p>Subray\u00f3 que Francia \u00absiempre fue solidaria con los argentinos perseguidos por la dictadura. Nadie olvida ese gesto. Como tampoco es posible olvidar que mientras Clar\u00edn se apropiaba de Papel Prensa en sociedad con la dictadura ocultaba, en lo posible, los secuestros y desapariciones de periodistas, entre ellos mi padre\u00bb, dijo al referirse al periodista fallecido Jacobo Timerman.<\/p>\n<p>\u00abA tal punto llega Clar\u00edn en sus ataques a mi persona que no duda en publicar a cualquiera que quiera denigrarme. Desde falsas denuncias hasta comentarios de ex diplom\u00e1ticos enojados por no recibir tratos preferenciales. Como, por ejemplo, Roberto Garc\u00eda Morit\u00e1n, hoy habitual columnista de Clar\u00edn quien el 14 de julio del 2011 me envi\u00f3 el siguiente correo electr\u00f3nico\u00bb.<\/p>\n<p>Y a continuaci\u00f3n, ley\u00f3: \u201cQuerido H\u00e9ctor, estoy muy embolado porque hoy Clar\u00edn me involucra con mala leche en algo que no es cierto sobre una cuenta que tenia de mis tiempos en el exterior y anterior a cuando era vicecanciller. Realmente ten\u00e9s raz\u00f3n cada vez que dec\u00eds que son una gente de mierda. Abrazos\u201d.<\/p>\n<p>Y remarc\u00f3 que \u00abClar\u00edn no cree en la libertad de expresi\u00f3n. Utiliza la libertad de expresi\u00f3n como la mejor arma para obtener prebendas de todos y cada uno de los gobiernos a los que extorsion\u00f3 desde sus tapas. Todos los gobiernos fueron v\u00edctimas de los intereses comerciales de los due\u00f1os de Clar\u00edn\u00bb.<\/p>\n<p>\u00ab\u00a1Qu\u00e9 problema para la libertad de expresi\u00f3n si la defensa la encabeza un medio cuyo due\u00f1o, H\u00e9ctor Magnetto, est\u00e1 involucrado en un juicio por delitos de lesa humanidad!\u00bb, record\u00f3 al referirse a la venta irregular de Papel Prensa a los diarios Clar\u00edn, La Naci\u00f3n y La Raz\u00f3n bajo cr\u00edmenes de lesa humanidad durante la dictadura c\u00edvico militar, investigada por la justicia.<\/p>\n<p>&nbsp;<\/p>\n<p>&nbsp;<\/p>\n<p>&nbsp;<\/p>\n<p>&nbsp;<\/p>\n<p>&nbsp;<\/p>\n<p>&nbsp;<\/p>\n<p>&nbsp;<\/p>\n<p>&nbsp;<\/p>\n<p>&nbsp;<\/p>\n<p>&nbsp;<\/p>\n<p>&nbsp;<\/p>\n<p>&nbsp;<\/p>\n<p>&nbsp;<\/p>\n","protected":false},"excerpt":{"rendered":"<p>El Canciller, H\u00e9ctor Timeman, ofreci\u00f3 una conferencia de prensa en la que ley\u00f3 un comunicado en el que desmiente lo publicado por el diario respecto a su participaci\u00f3n en la Marcha Republicana el domingo pasado en Par\u00eds.<\/p>\n","protected":false},"author":8,"featured_media":0,"comment_status":"open","ping_status":"open","sticky":false,"template":"","format":"standard","meta":{"_jetpack_newsletter_access":"","_jetpack_dont_email_post_to_subs":false,"_jetpack_newsletter_tier_id":0,"_jetpack_memberships_contains_paywalled_content":false,"_jetpack_memberships_contains_paid_content":false,"footnotes":""},"categories":[51],"tags":[],"class_list":["post-60011","post","type-post","status-publish","format-standard","hentry","category-politica"],"jetpack_shortlink":"https:\/\/wp.me\/p2JWE0-fBV","jetpack-related-posts":[{"id":59993,"url":"http:\/\/www.24baires.com\/?p=59993","url_meta":{"origin":60011,"position":0},"title":"Capitanich confirm\u00f3 que Timerman particip\u00f3 de la marcha en Par\u00eds","author":"AF","date":"13\/01\/2015","format":false,"excerpt":"El jefe de Gabinete inform\u00f3 hoy que el Canciller particip\u00f3 de la \u201cMarcha Republicana\u201d tras firmar en la sede del ministerio de Asuntos Exteriores franc\u00e9s el libro de condolencias por los atentados terroristas ocurridos en los \u00faltimos d\u00edas en ese pa\u00eds europeo. Lo expres\u00f3 en su habitual encuentro con los\u2026","rel":"","context":"En \u00abPol\u00edtica\u00bb","block_context":{"text":"Pol\u00edtica","link":"http:\/\/www.24baires.com\/?cat=51"},"img":{"alt_text":"","src":"","width":0,"height":0},"classes":[]},{"id":59886,"url":"http:\/\/www.24baires.com\/?p=59886","url_meta":{"origin":60011,"position":1},"title":"Manifestaciones en Par\u00eds y otras ciudades, previas a la &#8216;Marcha Republicana&#8217; del domingo","author":"Grupo Sierra","date":"10\/01\/2015","format":false,"excerpt":"Varios miles de personas se manifestaron en diversas ciudades de Francia en v\u00edsperas de la \"Marcha Republicana\" que se realizar\u00e1 ma\u00f1ana en la capital francesa y otras ciudades del mundo para condenar la violencia y recordar a las v\u00edctimas de los atentados de los \u00faltimos tres d\u00edas.Varios miles de personas\u2026","rel":"","context":"En \u00abInternacionales\u00bb","block_context":{"text":"Internacionales","link":"http:\/\/www.24baires.com\/?cat=73"},"img":{"alt_text":"","src":"https:\/\/i0.wp.com\/www.24baires.com\/wp-content\/uploads\/2015\/01\/10-01-2015_lille-francia_portando_un_cartel_gigante.jpg?resize=350%2C200","width":350,"height":200,"srcset":"https:\/\/i0.wp.com\/www.24baires.com\/wp-content\/uploads\/2015\/01\/10-01-2015_lille-francia_portando_un_cartel_gigante.jpg?resize=350%2C200 1x, https:\/\/i0.wp.com\/www.24baires.com\/wp-content\/uploads\/2015\/01\/10-01-2015_lille-francia_portando_un_cartel_gigante.jpg?resize=525%2C300 1.5x"},"classes":[]},{"id":75375,"url":"http:\/\/www.24baires.com\/?p=75375","url_meta":{"origin":60011,"position":2},"title":"En Francia, proh\u00edben las manifestaciones hasta el 30 de noviembre","author":"AF","date":"21\/11\/2015","format":false,"excerpt":"La Prefectura de Polic\u00eda de esa ciudad ampli\u00f3 hoy hasta esa fecha la prohibici\u00f3n de manifestarse, ordenada en el marco del estado de emergencia decretado tras los atentados que dejaron 130 muertos. La decisi\u00f3n, seg\u00fan su comunicado, se toma teniendo en cuenta \"la situaci\u00f3n actual\", el inicio el d\u00eda 30\u2026","rel":"","context":"En \u00abInternacionales\u00bb","block_context":{"text":"Internacionales","link":"http:\/\/www.24baires.com\/?cat=73"},"img":{"alt_text":"paris","src":"https:\/\/i0.wp.com\/www.24baires.com\/wp-content\/uploads\/2015\/11\/paris.jpg?resize=350%2C200","width":350,"height":200,"srcset":"https:\/\/i0.wp.com\/www.24baires.com\/wp-content\/uploads\/2015\/11\/paris.jpg?resize=350%2C200 1x, https:\/\/i0.wp.com\/www.24baires.com\/wp-content\/uploads\/2015\/11\/paris.jpg?resize=525%2C300 1.5x"},"classes":[]},{"id":42488,"url":"http:\/\/www.24baires.com\/?p=42488","url_meta":{"origin":60011,"position":3},"title":"Cristina dej\u00f3 la huella argentina en el Sal\u00f3n del Libro de Francia","author":"Grupo Sierra","date":"20\/03\/2014","format":false,"excerpt":"La Presidenta inaugur\u00f3 el pabell\u00f3n argentino en el Sal\u00f3n del Libro de Par\u00eds junto al primer ministro franc\u00e9s, en un acto en el que agradeci\u00f3 a Francia por la ayuda que brind\u00f3 en los `70 a \"miles de argentinos exiliados\". Jean Marc Ayrault dijo que \"Argentina y Francia se parecen\u2026","rel":"","context":"En \u00abPol\u00edtica\u00bb","block_context":{"text":"Pol\u00edtica","link":"http:\/\/www.24baires.com\/?cat=51"},"img":{"alt_text":"","src":"https:\/\/i0.wp.com\/www.24baires.com\/wp-content\/uploads\/2014\/03\/cris1.jpg?resize=350%2C200","width":350,"height":200,"srcset":"https:\/\/i0.wp.com\/www.24baires.com\/wp-content\/uploads\/2014\/03\/cris1.jpg?resize=350%2C200 1x, https:\/\/i0.wp.com\/www.24baires.com\/wp-content\/uploads\/2014\/03\/cris1.jpg?resize=525%2C300 1.5x"},"classes":[]},{"id":60675,"url":"http:\/\/www.24baires.com\/?p=60675","url_meta":{"origin":60011,"position":4},"title":"\u00abTodo lo que hace Clar\u00edn es para perjudicar la gobernabilidad en Argentina\u00bb","author":"GB","date":"24\/01\/2015","format":false,"excerpt":"El canciller denunci\u00f3 la manipulaci\u00f3n por parte del diario de informaci\u00f3n falsa sobre la firma del Memor\u00e1ndum con Ir\u00e1n y la pol\u00edtica seguida por el gobierno sobre las alertas rojas de Interpol. El canciller asegur\u00f3 hoy que el dario Clar\u00edn \"manipula informaci\u00f3n\", ante la publicaci\u00f3n de un cable de marzo\u2026","rel":"","context":"En \u00abPol\u00edtica\u00bb","block_context":{"text":"Pol\u00edtica","link":"http:\/\/www.24baires.com\/?cat=51"},"img":{"alt_text":"timerman","src":"https:\/\/i0.wp.com\/www.24baires.com\/wp-content\/uploads\/2014\/08\/timerman.jpg?resize=350%2C200","width":350,"height":200,"srcset":"https:\/\/i0.wp.com\/www.24baires.com\/wp-content\/uploads\/2014\/08\/timerman.jpg?resize=350%2C200 1x, https:\/\/i0.wp.com\/www.24baires.com\/wp-content\/uploads\/2014\/08\/timerman.jpg?resize=525%2C300 1.5x"},"classes":[]},{"id":59862,"url":"http:\/\/www.24baires.com\/?p=59862","url_meta":{"origin":60011,"position":5},"title":"Francia mantiene el plan antiterrorista en un nivel m\u00e1ximo por las nuevas amenazas de Al Qaeda","author":"AF","date":"10\/01\/2015","format":false,"excerpt":"Es luego de tres d\u00edas de m\u00e1xima tensi\u00f3n, por el atentado a la revista sat\u00edrica Charlie Hebdo y las tomas de rehenes que termin\u00f3 con los tres principales sospechosos muertos en dos asaltos coordinados de la polic\u00eda. Entretanto, ma\u00f1ana se llevar\u00e1 a cabo una \"Marcha Republicana\" en Francia y en\u2026","rel":"","context":"En \u00abInternacionales\u00bb","block_context":{"text":"Internacionales","link":"http:\/\/www.24baires.com\/?cat=73"},"img":{"alt_text":"","src":"https:\/\/i0.wp.com\/www.24baires.com\/wp-content\/uploads\/2015\/01\/francia.jpg?resize=350%2C200","width":350,"height":200},"classes":[]}],"jetpack_sharing_enabled":true,"jetpack_likes_enabled":true,"jetpack_featured_media_url":"","_links":{"self":[{"href":"http:\/\/www.24baires.com\/index.php?rest_route=\/wp\/v2\/posts\/60011","targetHints":{"allow":["GET"]}}],"collection":[{"href":"http:\/\/www.24baires.com\/index.php?rest_route=\/wp\/v2\/posts"}],"about":[{"href":"http:\/\/www.24baires.com\/index.php?rest_route=\/wp\/v2\/types\/post"}],"author":[{"embeddable":true,"href":"http:\/\/www.24baires.com\/index.php?rest_route=\/wp\/v2\/users\/8"}],"replies":[{"embeddable":true,"href":"http:\/\/www.24baires.com\/index.php?rest_route=%2Fwp%2Fv2%2Fcomments&post=60011"}],"version-history":[{"count":1,"href":"http:\/\/www.24baires.com\/index.php?rest_route=\/wp\/v2\/posts\/60011\/revisions"}],"predecessor-version":[{"id":60012,"href":"http:\/\/www.24baires.com\/index.php?rest_route=\/wp\/v2\/posts\/60011\/revisions\/60012"}],"wp:attachment":[{"href":"http:\/\/www.24baires.com\/index.php?rest_route=%2Fwp%2Fv2%2Fmedia&parent=60011"}],"wp:term":[{"taxonomy":"category","embeddable":true,"href":"http:\/\/www.24baires.com\/index.php?rest_route=%2Fwp%2Fv2%2Fcategories&post=60011"},{"taxonomy":"post_tag","embeddable":true,"href":"http:\/\/www.24baires.com\/index.php?rest_route=%2Fwp%2Fv2%2Ftags&post=60011"}],"curies":[{"name":"wp","href":"https:\/\/api.w.org\/{rel}","templated":true}]}}