{"id":59993,"date":"2015-01-13T10:30:15","date_gmt":"2015-01-13T13:30:15","guid":{"rendered":"http:\/\/www.24baires.com\/?p=59993"},"modified":"2015-01-13T13:53:20","modified_gmt":"2015-01-13T16:53:20","slug":"capitanich-confirmo-que-timerman-participo-de-la-marcha-en-paris","status":"publish","type":"post","link":"http:\/\/www.24baires.com\/?p=59993","title":{"rendered":"Capitanich confirm\u00f3 que Timerman particip\u00f3 de la marcha en Par\u00eds"},"content":{"rendered":"<p>El jefe de Gabinete inform\u00f3 hoy que el Canciller particip\u00f3 de la \u201cMarcha Republicana\u201d tras firmar en la sede del ministerio de Asuntos Exteriores franc\u00e9s el libro de condolencias por los atentados terroristas ocurridos en los \u00faltimos d\u00edas en ese pa\u00eds europeo.<!--more--><\/p>\n<p>Lo expres\u00f3 en su habitual encuentro con los periodistas acreditados en la casa de Gobierno, al ser consultado sobre la actividad desarrollada por el canciller argentino en Francia, afirmando que el jefe de la diplomacia manifest\u00f3 \u201csolidaridad con la rep\u00fablica hermana de Francia, y luego particip\u00f3 junto a familiares y amigos de la movilizaci\u00f3n que se produjo en Par\u00eds\u201d.<\/p>\n<p>El canciller Timerman escribi\u00f3 en el libro de condolencias: \u00abLos argentinos nos unimos al pueblo franc\u00e9s en su momento de dolor asumiendo el compromiso de seguir construyendo sociedades m\u00e1s democr\u00e1ticas, m\u00e1s justas y m\u00e1s libres, profundizando la libertad y el respeto a los derechos humanos\u00bb, tras el ataque a la revista Charlie Hebdo, que dej\u00f3 un saldo de 12 personas muertas.<\/p>\n<p>El diario Clar\u00edn hab\u00eda informado en su portada del d\u00eda de hoy que el canciller no hab\u00eda asistido a la marcha, presuntamente siguiendo \u00f3rdenes de la Casa Rosada.<\/p>\n","protected":false},"excerpt":{"rendered":"<p>El jefe de Gabinete inform\u00f3 hoy que el Canciller particip\u00f3 de la \u201cMarcha Republicana\u201d tras firmar en la sede del ministerio de Asuntos Exteriores franc\u00e9s el libro de condolencias por los atentados terroristas ocurridos en los \u00faltimos d\u00edas en ese pa\u00eds europeo.<\/p>\n","protected":false},"author":4,"featured_media":0,"comment_status":"open","ping_status":"open","sticky":false,"template":"","format":"standard","meta":{"_jetpack_newsletter_access":"","_jetpack_dont_email_post_to_subs":false,"_jetpack_newsletter_tier_id":0,"_jetpack_memberships_contains_paywalled_content":false,"_jetpack_memberships_contains_paid_content":false,"footnotes":""},"categories":[51],"tags":[],"class_list":["post-59993","post","type-post","status-publish","format-standard","hentry","category-politica"],"jetpack_shortlink":"https:\/\/wp.me\/p2JWE0-fBD","jetpack-related-posts":[{"id":60011,"url":"http:\/\/www.24baires.com\/?p=60011","url_meta":{"origin":59993,"position":0},"title":"\u00abClar\u00edn da verg\u00fcenza; el domingo fui a la marcha\u00bb","author":"GB","date":"13\/01\/2015","format":false,"excerpt":"El Canciller, H\u00e9ctor Timeman, ofreci\u00f3 una conferencia de prensa en la que ley\u00f3 un comunicado en el que desmiente lo publicado por el diario respecto a su participaci\u00f3n en la Marcha Republicana el domingo pasado en Par\u00eds. El canciller H\u00e9ctor Timerman desminti\u00f3 hoy al diario Clar\u00edn, que en su nota\u2026","rel":"","context":"En \u00abPol\u00edtica\u00bb","block_context":{"text":"Pol\u00edtica","link":"http:\/\/www.24baires.com\/?cat=51"},"img":{"alt_text":"timerman","src":"https:\/\/i0.wp.com\/www.24baires.com\/wp-content\/uploads\/2014\/08\/timerman.jpg?resize=350%2C200","width":350,"height":200,"srcset":"https:\/\/i0.wp.com\/www.24baires.com\/wp-content\/uploads\/2014\/08\/timerman.jpg?resize=350%2C200 1x, https:\/\/i0.wp.com\/www.24baires.com\/wp-content\/uploads\/2014\/08\/timerman.jpg?resize=525%2C300 1.5x"},"classes":[]},{"id":118838,"url":"http:\/\/www.24baires.com\/?p=118838","url_meta":{"origin":59993,"position":1},"title":"El Presidente inicia una gira que lo llevar\u00e1 a Espa\u00f1a y Alemania","author":"AF","date":"09\/05\/2022","format":false,"excerpt":"El jefe de Estado se reunir\u00e1 con el presidente del Gobierno de Espa\u00f1a, Pedro S\u00e1nchez, y con el canciller de Alemania, Olaf Scholz. Adem\u00e1s, tendr\u00e1 una ronda con empresarios para buscar un mayor nivel de inversiones en el pa\u00eds, as\u00ed comopotenciar las exportaciones argentinas. El presidente Alberto Fern\u00e1ndez viaj\u00f3 este\u2026","rel":"","context":"En \u00abPol\u00edtica\u00bb","block_context":{"text":"Pol\u00edtica","link":"http:\/\/www.24baires.com\/?cat=51"},"img":{"alt_text":"","src":"https:\/\/i0.wp.com\/www.24baires.com\/wp-content\/uploads\/2022\/05\/62797ba38c1c4_900.jpg?resize=350%2C200","width":350,"height":200,"srcset":"https:\/\/i0.wp.com\/www.24baires.com\/wp-content\/uploads\/2022\/05\/62797ba38c1c4_900.jpg?resize=350%2C200 1x, https:\/\/i0.wp.com\/www.24baires.com\/wp-content\/uploads\/2022\/05\/62797ba38c1c4_900.jpg?resize=525%2C300 1.5x, https:\/\/i0.wp.com\/www.24baires.com\/wp-content\/uploads\/2022\/05\/62797ba38c1c4_900.jpg?resize=700%2C400 2x"},"classes":[]},{"id":59935,"url":"http:\/\/www.24baires.com\/?p=59935","url_meta":{"origin":59993,"position":2},"title":"\u00abLa posici\u00f3n argentina de condena al terrorismo es absolutamente clara e indubitable\u00bb","author":"AF","date":"12\/01\/2015","format":false,"excerpt":"El Jefe de Gabinete, Jorge Capitanich, reiter\u00f3 en su habitual ronda de prensa, la posici\u00f3n argentina de repudio y condena \"al terrorismo en todas su formas\". El jefe de Gabinete, Jorge Capitanich, reiter\u00f3 la condena de nuestro pa\u00eds al terrorismo \u201cen todas sus formas\", al tiempo que asegur\u00f3 que \"la\u2026","rel":"","context":"En \u00abPol\u00edtica\u00bb","block_context":{"text":"Pol\u00edtica","link":"http:\/\/www.24baires.com\/?cat=51"},"img":{"alt_text":"capitanich soberan\u00eda","src":"https:\/\/i0.wp.com\/www.24baires.com\/wp-content\/uploads\/2014\/11\/capitanich-soberan%C3%ADa.jpg?resize=350%2C200","width":350,"height":200,"srcset":"https:\/\/i0.wp.com\/www.24baires.com\/wp-content\/uploads\/2014\/11\/capitanich-soberan%C3%ADa.jpg?resize=350%2C200 1x, https:\/\/i0.wp.com\/www.24baires.com\/wp-content\/uploads\/2014\/11\/capitanich-soberan%C3%ADa.jpg?resize=525%2C300 1.5x"},"classes":[]},{"id":42411,"url":"http:\/\/www.24baires.com\/?p=42411","url_meta":{"origin":59993,"position":3},"title":"Cristina se re\u00fane con Hollande en el El\u00edseo","author":"Grupo Sierra","date":"19\/03\/2014","format":false,"excerpt":"Cristina Fern\u00e1ndez de Kirchner mantiene una reuni\u00f3n en privado con el presidente socialista franc\u00e9s. Luego compartir\u00e1n un almuerzo. Por la tarde, la jefa de Estado mantendr\u00e1 un encuentro con directivos de Total. Los jefes de Estado brindan una declaraci\u00f3n com\u00fan ante la prensa (sin preguntas) en las escalinatas del Eliseo,\u2026","rel":"","context":"En \u00abPol\u00edtica\u00bb","block_context":{"text":"Pol\u00edtica","link":"http:\/\/www.24baires.com\/?cat=51"},"img":{"alt_text":"","src":"https:\/\/i0.wp.com\/www.24baires.com\/wp-content\/uploads\/2014\/03\/hollande-cristina.jpg?resize=350%2C200","width":350,"height":200,"srcset":"https:\/\/i0.wp.com\/www.24baires.com\/wp-content\/uploads\/2014\/03\/hollande-cristina.jpg?resize=350%2C200 1x, https:\/\/i0.wp.com\/www.24baires.com\/wp-content\/uploads\/2014\/03\/hollande-cristina.jpg?resize=525%2C300 1.5x"},"classes":[]},{"id":42488,"url":"http:\/\/www.24baires.com\/?p=42488","url_meta":{"origin":59993,"position":4},"title":"Cristina dej\u00f3 la huella argentina en el Sal\u00f3n del Libro de Francia","author":"Grupo Sierra","date":"20\/03\/2014","format":false,"excerpt":"La Presidenta inaugur\u00f3 el pabell\u00f3n argentino en el Sal\u00f3n del Libro de Par\u00eds junto al primer ministro franc\u00e9s, en un acto en el que agradeci\u00f3 a Francia por la ayuda que brind\u00f3 en los `70 a \"miles de argentinos exiliados\". Jean Marc Ayrault dijo que \"Argentina y Francia se parecen\u2026","rel":"","context":"En \u00abPol\u00edtica\u00bb","block_context":{"text":"Pol\u00edtica","link":"http:\/\/www.24baires.com\/?cat=51"},"img":{"alt_text":"","src":"https:\/\/i0.wp.com\/www.24baires.com\/wp-content\/uploads\/2014\/03\/cris1.jpg?resize=350%2C200","width":350,"height":200,"srcset":"https:\/\/i0.wp.com\/www.24baires.com\/wp-content\/uploads\/2014\/03\/cris1.jpg?resize=350%2C200 1x, https:\/\/i0.wp.com\/www.24baires.com\/wp-content\/uploads\/2014\/03\/cris1.jpg?resize=525%2C300 1.5x"},"classes":[]},{"id":59886,"url":"http:\/\/www.24baires.com\/?p=59886","url_meta":{"origin":59993,"position":5},"title":"Manifestaciones en Par\u00eds y otras ciudades, previas a la &#8216;Marcha Republicana&#8217; del domingo","author":"Grupo Sierra","date":"10\/01\/2015","format":false,"excerpt":"Varios miles de personas se manifestaron en diversas ciudades de Francia en v\u00edsperas de la \"Marcha Republicana\" que se realizar\u00e1 ma\u00f1ana en la capital francesa y otras ciudades del mundo para condenar la violencia y recordar a las v\u00edctimas de los atentados de los \u00faltimos tres d\u00edas.Varios miles de personas\u2026","rel":"","context":"En \u00abInternacionales\u00bb","block_context":{"text":"Internacionales","link":"http:\/\/www.24baires.com\/?cat=73"},"img":{"alt_text":"","src":"https:\/\/i0.wp.com\/www.24baires.com\/wp-content\/uploads\/2015\/01\/10-01-2015_lille-francia_portando_un_cartel_gigante.jpg?resize=350%2C200","width":350,"height":200,"srcset":"https:\/\/i0.wp.com\/www.24baires.com\/wp-content\/uploads\/2015\/01\/10-01-2015_lille-francia_portando_un_cartel_gigante.jpg?resize=350%2C200 1x, https:\/\/i0.wp.com\/www.24baires.com\/wp-content\/uploads\/2015\/01\/10-01-2015_lille-francia_portando_un_cartel_gigante.jpg?resize=525%2C300 1.5x"},"classes":[]}],"jetpack_sharing_enabled":true,"jetpack_likes_enabled":true,"jetpack_featured_media_url":"","_links":{"self":[{"href":"http:\/\/www.24baires.com\/index.php?rest_route=\/wp\/v2\/posts\/59993","targetHints":{"allow":["GET"]}}],"collection":[{"href":"http:\/\/www.24baires.com\/index.php?rest_route=\/wp\/v2\/posts"}],"about":[{"href":"http:\/\/www.24baires.com\/index.php?rest_route=\/wp\/v2\/types\/post"}],"author":[{"embeddable":true,"href":"http:\/\/www.24baires.com\/index.php?rest_route=\/wp\/v2\/users\/4"}],"replies":[{"embeddable":true,"href":"http:\/\/www.24baires.com\/index.php?rest_route=%2Fwp%2Fv2%2Fcomments&post=59993"}],"version-history":[{"count":1,"href":"http:\/\/www.24baires.com\/index.php?rest_route=\/wp\/v2\/posts\/59993\/revisions"}],"predecessor-version":[{"id":59994,"href":"http:\/\/www.24baires.com\/index.php?rest_route=\/wp\/v2\/posts\/59993\/revisions\/59994"}],"wp:attachment":[{"href":"http:\/\/www.24baires.com\/index.php?rest_route=%2Fwp%2Fv2%2Fmedia&parent=59993"}],"wp:term":[{"taxonomy":"category","embeddable":true,"href":"http:\/\/www.24baires.com\/index.php?rest_route=%2Fwp%2Fv2%2Fcategories&post=59993"},{"taxonomy":"post_tag","embeddable":true,"href":"http:\/\/www.24baires.com\/index.php?rest_route=%2Fwp%2Fv2%2Ftags&post=59993"}],"curies":[{"name":"wp","href":"https:\/\/api.w.org\/{rel}","templated":true}]}}