{"id":59988,"date":"2015-01-12T21:00:54","date_gmt":"2015-01-13T00:00:54","guid":{"rendered":"http:\/\/www.24baires.com\/?p=59988"},"modified":"2015-01-12T19:39:31","modified_gmt":"2015-01-12T22:39:31","slug":"los-legisladores-del-fpv-rechazaron-las-cautelares-contra-la-designacion-de-fiscales","status":"publish","type":"post","link":"http:\/\/www.24baires.com\/?p=59988","title":{"rendered":"Los legisladores del FpV rechazaron las cautelares contra la designaci\u00f3n de fiscales"},"content":{"rendered":"<p><img data-recalc-dims=\"1\" loading=\"lazy\" decoding=\"async\" class=\"aligncenter size-full wp-image-15448\" src=\"https:\/\/i0.wp.com\/www.24baires.com\/wp-content\/uploads\/2013\/02\/dominguez-iran-e1421102251753.jpg?resize=510%2C340\" alt=\"dominguez iran\" width=\"510\" height=\"340\" \/><\/p>\n<p>El titular de la C\u00e1mara de Diputados, Juli\u00e1n Dom\u00ednguez, en representaci\u00f3n de los bloques oficialistas rechaz\u00f3 la medida precautelar a trav\u00e9s de la cual se suspendi\u00f3 la designaci\u00f3n de fiscales dispuesta por la procuradora general de la Naci\u00f3n, Alejandra Gils Garb\u00f3.<!--more--><\/p>\n<p>El titular de la C\u00e1mara de Diputados, Juli\u00e1n Dom\u00ednguez, en representaci\u00f3n de los bloques oficialistas del Congreso Nacional, cuestion\u00f3 las medidas cautelares \u00abque paralizan las decisiones en el marco de la Constituci\u00f3n Argentina\u00bb.<\/p>\n<p>\u00abNing\u00fan otro poder puede inmiscuirse en el desenvolvimiento de lo que es propio del Ministerio P\u00fablico\u00bb, afirm\u00f3 Dom\u00ednguez, durante una conferencia de prensa en el Parlamento, junto a los principales referentes legislativos del Frente para la Victoria.<\/p>\n<p>De esta forma, el oficialismo sali\u00f3 a rechazar la medida precautelar a trav\u00e9s de la cual se suspendi\u00f3 la designaci\u00f3n de fiscales dispuesta por la procuradora general de la Naci\u00f3n, Alejandra Gils Garb\u00f3.<\/p>\n<p>El jefe del bloque de Senadores del Frente para la Victoria (FpV), Miguel Angel Pichetto, asegur\u00f3 hoy que Gils Carb\u00f3 \u00abhizo uso de facultades propias\u00bb al cargo que ocupa en la designaci\u00f3n de 16 fiscales generales, necesarios para la \u00abresoluci\u00f3n del delito organizado\u00bb.<\/p>\n<p>En una conferencia de prensa junto a los principales referentes parlamentarios del FpV, Pichetto sostuvo adem\u00e1s que los fiscales nombrados cuentan con una vasta trayectoria en el Ministerio P\u00fablico Fiscal y record\u00f3 que la medida cautelar que paraliz\u00f3 esos nombramientos hab\u00eda sido rechazada por la jueza natural (en licencia) Rodr\u00edguez Bidal el 30 de noviembre pasado.<\/p>\n<p>&nbsp;<\/p>\n<p>&nbsp;<\/p>\n","protected":false},"excerpt":{"rendered":"<p>El titular de la C\u00e1mara de Diputados, Juli\u00e1n Dom\u00ednguez, en representaci\u00f3n de los bloques oficialistas rechaz\u00f3 la medida precautelar a trav\u00e9s de la cual se suspendi\u00f3 la designaci\u00f3n de fiscales dispuesta por la procuradora general de la Naci\u00f3n, Alejandra Gils Garb\u00f3.<\/p>\n","protected":false},"author":11,"featured_media":0,"comment_status":"open","ping_status":"open","sticky":false,"template":"","format":"standard","meta":{"_jetpack_newsletter_access":"","_jetpack_dont_email_post_to_subs":false,"_jetpack_newsletter_tier_id":0,"_jetpack_memberships_contains_paywalled_content":false,"_jetpack_memberships_contains_paid_content":false,"footnotes":""},"categories":[51],"tags":[],"class_list":["post-59988","post","type-post","status-publish","format-standard","hentry","category-politica"],"jetpack_shortlink":"https:\/\/wp.me\/p2JWE0-fBy","jetpack-related-posts":[{"id":119635,"url":"http:\/\/www.24baires.com\/?p=119635","url_meta":{"origin":59988,"position":0},"title":"La Corte orden\u00f3 que se le tome juramento a los diputados designados para Magistratura","author":"AF","date":"15\/12\/2022","format":false,"excerpt":"Los diputados a los que se orden\u00f3 tomar juramento son Rodolfo Tailhade y Vanesa Siley, del Frente de Todos; Alvaro Gonz\u00e1lez, del PRO, y Roxana Reyes, de la UCR. La Corte Suprema de Justicia de la Naci\u00f3n orden\u00f3 hoy que se tome juramento a los cuatro diputados nacionales designados para\u2026","rel":"","context":"En \u00abJUDICIALES\u00bb","block_context":{"text":"JUDICIALES","link":"http:\/\/www.24baires.com\/?cat=68"},"img":{"alt_text":"","src":"https:\/\/i0.wp.com\/www.24baires.com\/wp-content\/uploads\/2022\/12\/xxx.jpeg?resize=350%2C200","width":350,"height":200,"srcset":"https:\/\/i0.wp.com\/www.24baires.com\/wp-content\/uploads\/2022\/12\/xxx.jpeg?resize=350%2C200 1x, https:\/\/i0.wp.com\/www.24baires.com\/wp-content\/uploads\/2022\/12\/xxx.jpeg?resize=525%2C300 1.5x, https:\/\/i0.wp.com\/www.24baires.com\/wp-content\/uploads\/2022\/12\/xxx.jpeg?resize=700%2C400 2x"},"classes":[]},{"id":21694,"url":"http:\/\/www.24baires.com\/?p=21694","url_meta":{"origin":59988,"position":1},"title":"Diana Conti: \u00abNuestra intenci\u00f3n es tomar sugerencias de los jueces\u00bb","author":"AF","date":"23\/04\/2013","format":false,"excerpt":"Lo confirm\u00f3 la presidenta de la comisi\u00f3n de asuntos constitucionales en Diputados, Diana Conti. \"Nuestra intenci\u00f3n es tomar las sugerencias de los jueces\", dijo. La C\u00e1mara Baja ya debate la democratizaci\u00f3n de la Justicia y buscar\u00e1 firmar despacho sobre los proyectos de regulaci\u00f3n de las medidas cautelares, reforma del Consejo\u2026","rel":"","context":"En \u00abPol\u00edtica\u00bb","block_context":{"text":"Pol\u00edtica","link":"http:\/\/www.24baires.com\/?cat=51"},"img":{"alt_text":"","src":"","width":0,"height":0},"classes":[]},{"id":60365,"url":"http:\/\/www.24baires.com\/?p=60365","url_meta":{"origin":59988,"position":2},"title":"Frente para la Victoria: \u00abHay que esclarecer esta muerte de manera urgente\u00bb","author":"Grupo Sierra","date":"19\/01\/2015","format":false,"excerpt":"Referentes parlamentarios expresaron su \"dolor y sus condolencias\" a los familiares del fiscal fallecido y reclamaron un r\u00e1pido accionar ante la muerte del funcionario, que \"conmovi\u00f3 al conjunto del pa\u00eds\". \"Nosotros queremos la verdad; reclamamos que se esclarezca este hecho que ha conmovido al conjunto del pa\u00eds; queremos saber qu\u00e9\u2026","rel":"","context":"En \u00abJUDICIALES\u00bb","block_context":{"text":"JUDICIALES","link":"http:\/\/www.24baires.com\/?cat=68"},"img":{"alt_text":"","src":"https:\/\/i0.wp.com\/www.24baires.com\/wp-content\/uploads\/2015\/01\/di-tullio-dominguez.jpg?resize=350%2C200","width":350,"height":200,"srcset":"https:\/\/i0.wp.com\/www.24baires.com\/wp-content\/uploads\/2015\/01\/di-tullio-dominguez.jpg?resize=350%2C200 1x, https:\/\/i0.wp.com\/www.24baires.com\/wp-content\/uploads\/2015\/01\/di-tullio-dominguez.jpg?resize=525%2C300 1.5x"},"classes":[]},{"id":30546,"url":"http:\/\/www.24baires.com\/?p=30546","url_meta":{"origin":59988,"position":3},"title":"Juli\u00e1n Dom\u00ednguez: \u00abAlgunos quieren comer el guiso de liebre antes de cazarla\u00bb","author":"Grupo Sierra","date":"21\/08\/2013","format":false,"excerpt":"BAH\u00cdA BLANCA.- Lo asegur\u00f3 el presidente de la C\u00e1mara de Diputados de la Naci\u00f3n, Juli\u00e1n Dom\u00ednguez, y rechaz\u00f3 los pedidos surgidos desde la oposici\u00f3n para desplazar al oficialismo de la conducci\u00f3n de ese cuerpo legislativo desde diciembre Al ser consultado por los periodistas en Bah\u00eda Blanca, Dom\u00ednguez dijo que \"primero\u2026","rel":"","context":"En \u00abPol\u00edtica\u00bb","block_context":{"text":"Pol\u00edtica","link":"http:\/\/www.24baires.com\/?cat=51"},"img":{"alt_text":"dominguez iran","src":"https:\/\/i0.wp.com\/www.24baires.com\/wp-content\/uploads\/2013\/02\/dominguez-iran.jpg?resize=350%2C200","width":350,"height":200,"srcset":"https:\/\/i0.wp.com\/www.24baires.com\/wp-content\/uploads\/2013\/02\/dominguez-iran.jpg?resize=350%2C200 1x, https:\/\/i0.wp.com\/www.24baires.com\/wp-content\/uploads\/2013\/02\/dominguez-iran.jpg?resize=525%2C300 1.5x"},"classes":[]},{"id":122891,"url":"http:\/\/www.24baires.com\/?p=122891","url_meta":{"origin":59988,"position":4},"title":"Diputados aprob\u00f3 la reforma laboral","author":"GB","date":"20\/02\/2026","format":false,"excerpt":"Con 135 votos a favor y 115 en contra, este viernes por la madruga el proyecto oficialista logr\u00f3 el aval de la C\u00e1mara Baja de la Naci\u00f3n. La norma volver\u00e1 al Senado para su sanci\u00f3n definitiva tras la eliminaci\u00f3n del art\u00edculo 44. Tras una marat\u00f3nica y caliente sesi\u00f3n, en el\u2026","rel":"","context":"En \u00abPol\u00edtica\u00bb","block_context":{"text":"Pol\u00edtica","link":"http:\/\/www.24baires.com\/?cat=51"},"img":{"alt_text":"","src":"https:\/\/i0.wp.com\/www.24baires.com\/wp-content\/uploads\/2026\/02\/votacion_reforma_laboral.webp?resize=350%2C200","width":350,"height":200,"srcset":"https:\/\/i0.wp.com\/www.24baires.com\/wp-content\/uploads\/2026\/02\/votacion_reforma_laboral.webp?resize=350%2C200 1x, https:\/\/i0.wp.com\/www.24baires.com\/wp-content\/uploads\/2026\/02\/votacion_reforma_laboral.webp?resize=525%2C300 1.5x, https:\/\/i0.wp.com\/www.24baires.com\/wp-content\/uploads\/2026\/02\/votacion_reforma_laboral.webp?resize=700%2C400 2x, https:\/\/i0.wp.com\/www.24baires.com\/wp-content\/uploads\/2026\/02\/votacion_reforma_laboral.webp?resize=1050%2C600 3x, https:\/\/i0.wp.com\/www.24baires.com\/wp-content\/uploads\/2026\/02\/votacion_reforma_laboral.webp?resize=1400%2C800 4x"},"classes":[]},{"id":116152,"url":"http:\/\/www.24baires.com\/?p=116152","url_meta":{"origin":59988,"position":5},"title":"Diputado de Juntos por el Cambio dio positivo de coronavirus tras asistir a una sesi\u00f3n","author":"AF","date":"07\/09\/2020","format":false,"excerpt":"Se trata de Jos\u00e9 N\u00fa\u00f1ez, uno de los legisladores que estuvo presente en la sesi\u00f3n del martes pasado. Seg\u00fan inform\u00f3, no presenta ning\u00fan s\u00edntoma. El diputado nacional Jos\u00e9 N\u00fa\u00f1ez (Santa Fe-PRO), uno de los integrantes del interbloque de Juntos por el Cambio que estuvo presente el martes pasado en el\u2026","rel":"","context":"En \u00abSociedad\u00bb","block_context":{"text":"Sociedad","link":"http:\/\/www.24baires.com\/?cat=1"},"img":{"alt_text":"","src":"https:\/\/i0.wp.com\/www.24baires.com\/wp-content\/uploads\/2020\/09\/0038030334.jpg?resize=350%2C200","width":350,"height":200},"classes":[]}],"jetpack_sharing_enabled":true,"jetpack_likes_enabled":true,"jetpack_featured_media_url":"","_links":{"self":[{"href":"http:\/\/www.24baires.com\/index.php?rest_route=\/wp\/v2\/posts\/59988","targetHints":{"allow":["GET"]}}],"collection":[{"href":"http:\/\/www.24baires.com\/index.php?rest_route=\/wp\/v2\/posts"}],"about":[{"href":"http:\/\/www.24baires.com\/index.php?rest_route=\/wp\/v2\/types\/post"}],"author":[{"embeddable":true,"href":"http:\/\/www.24baires.com\/index.php?rest_route=\/wp\/v2\/users\/11"}],"replies":[{"embeddable":true,"href":"http:\/\/www.24baires.com\/index.php?rest_route=%2Fwp%2Fv2%2Fcomments&post=59988"}],"version-history":[{"count":1,"href":"http:\/\/www.24baires.com\/index.php?rest_route=\/wp\/v2\/posts\/59988\/revisions"}],"predecessor-version":[{"id":59989,"href":"http:\/\/www.24baires.com\/index.php?rest_route=\/wp\/v2\/posts\/59988\/revisions\/59989"}],"wp:attachment":[{"href":"http:\/\/www.24baires.com\/index.php?rest_route=%2Fwp%2Fv2%2Fmedia&parent=59988"}],"wp:term":[{"taxonomy":"category","embeddable":true,"href":"http:\/\/www.24baires.com\/index.php?rest_route=%2Fwp%2Fv2%2Fcategories&post=59988"},{"taxonomy":"post_tag","embeddable":true,"href":"http:\/\/www.24baires.com\/index.php?rest_route=%2Fwp%2Fv2%2Ftags&post=59988"}],"curies":[{"name":"wp","href":"https:\/\/api.w.org\/{rel}","templated":true}]}}