{"id":59966,"date":"2015-01-12T16:00:58","date_gmt":"2015-01-12T19:00:58","guid":{"rendered":"http:\/\/www.24baires.com\/?p=59966"},"modified":"2015-01-12T16:14:08","modified_gmt":"2015-01-12T19:14:08","slug":"de-fazio-el-frente-renovador-no-sabe-ni-lo-que-quiere","status":"publish","type":"post","link":"http:\/\/www.24baires.com\/?p=59966","title":{"rendered":"De Fazio: \u00abEl Frente Renovador no sabe ni lo que quiere\u00bb"},"content":{"rendered":"<p>El senador bonaerense Alberto De Fazio (Frente para la Victoria) asegur\u00f3 hoy que \u00abel Frente Renovador que conduce Sergio Massa no sabe ni lo que quiere\u00bb.<!--more--><\/p>\n<p>En declaraciones formuladas a radio Provincia, el legislador se refiri\u00f3 a las distintas fuerzas de la oposici\u00f3n y remarc\u00f3 que \u201cest\u00e1 el Frente UNEN, que creo va a encontrar su camino; el PRO, con Mauricio Macri, que es nuestro antagonista, porque quiere un pa\u00eds bien distinto, pero consolidado; y el Frente Renovador que no sabe ni lo que quiere, ni qu\u00e9 pa\u00eds quiere y cuyos candidatos son inconexos desde el punto de vista ideol\u00f3gico\u00bb.<\/p>\n<p>Remarc\u00f3 luego que \u00abla propuesta del massismo es lamentable en cuanto a su desarrollo\u00bb.<\/p>\n<p>\u201cNosotros tenemos la agenda del desarrollo, que es apasionante. A partir de estos 10 a\u00f1os de crecimiento, podemos plantear 10 a\u00f1os de desarrollo y eso es lo determinante, lo que la gente quiere escuchar\u201d, se diferenci\u00f3 el legislador.<\/p>\n<p>Al ser consultado sobre la incorporaci\u00f3n de Francisco De Narv\u00e1ez al Frente Renovador, De Fazio asegur\u00f3 que es \u201cuna muestra la desorientaci\u00f3n del espacio opositor, fundamentalmente del massismo\u201d.<\/p>\n<p>Por otro lado, dijo que \u201cla gente est\u00e1 cansada de la pelea de dirigentes a partir de la agresi\u00f3n al otro, porque lo que quiere escuchar es el contenido de c\u00f3mo vamos a encarar la agenda del desarrollo y a trabajar para seguir desarrollando las econom\u00edas regionales\u00bb.<\/p>\n<p>Sostuvo que \u00abel peronismo es un movimiento muy grande. No hay que asustarse, la discusi\u00f3n interna es interesante, mientras se mantenga el respeto. Luego de las compulsas internas, todos juntos buscaremos el triunfo en primera vuelta\u00bb.<\/p>\n<p>\u201cSi bien lo que se le valora a Daniel Scioli es esa forma de lograr consensos, de no agredir, de buscar siempre ser amable y respetuoso del otro, tambi\u00e9n se suman las cuestiones accesorias y el desaf\u00edo es ver cu\u00e1l es la pol\u00edtica en materia energ\u00e9tica, cu\u00e1l es la pol\u00edtica en desarrollo vial, qu\u00e9 pensamos de la universalizaci\u00f3n de la asistencia social, c\u00f3mo vamos a financiar eso\u201d, manifest\u00f3.<\/p>\n<p>&nbsp;<\/p>\n<p>&nbsp;<\/p>\n<p>&nbsp;<\/p>\n<p>&nbsp;<\/p>\n<p>&nbsp;<\/p>\n<p>&nbsp;<\/p>\n<p>&nbsp;<\/p>\n<p>&nbsp;<\/p>\n<p>&nbsp;<\/p>\n<p>&nbsp;<\/p>\n<p>&nbsp;<\/p>\n","protected":false},"excerpt":{"rendered":"<p>El senador bonaerense Alberto De Fazio (Frente para la Victoria) asegur\u00f3 hoy que \u00abel Frente Renovador que conduce Sergio Massa no sabe ni lo que quiere\u00bb.<\/p>\n","protected":false},"author":8,"featured_media":0,"comment_status":"open","ping_status":"open","sticky":false,"template":"","format":"standard","meta":{"_jetpack_newsletter_access":"","_jetpack_dont_email_post_to_subs":false,"_jetpack_newsletter_tier_id":0,"_jetpack_memberships_contains_paywalled_content":false,"_jetpack_memberships_contains_paid_content":false,"footnotes":""},"categories":[51],"tags":[],"class_list":["post-59966","post","type-post","status-publish","format-standard","hentry","category-politica"],"jetpack_shortlink":"https:\/\/wp.me\/p2JWE0-fBc","jetpack-related-posts":[{"id":51250,"url":"http:\/\/www.24baires.com\/?p=51250","url_meta":{"origin":59966,"position":0},"title":"Massa sobre el posible pase de Insaurralde: \u00abTodos tienen la posibilidad de ser parte\u00bb","author":"AF","date":"06\/08\/2014","format":false,"excerpt":"El aspirante presidencial por el Frente Renovador, Sergio Massa, dej\u00f3 las puertas abiertas a un posible pase del diputado del Frente para la Victoria Mart\u00edn Insaurralde al Frente Renovador, al asegurar que \"todos aquellos que tengan la vocaci\u00f3n de respetar esos principios tienen la posibilidad de ser parte\". As\u00ed respondi\u00f3\u2026","rel":"","context":"En \u00abPol\u00edtica\u00bb","block_context":{"text":"Pol\u00edtica","link":"http:\/\/www.24baires.com\/?cat=51"},"img":{"alt_text":"","src":"https:\/\/i0.wp.com\/www.24baires.com\/wp-content\/uploads\/2014\/08\/insaurralde-massa.jpg?resize=350%2C200","width":350,"height":200,"srcset":"https:\/\/i0.wp.com\/www.24baires.com\/wp-content\/uploads\/2014\/08\/insaurralde-massa.jpg?resize=350%2C200 1x, https:\/\/i0.wp.com\/www.24baires.com\/wp-content\/uploads\/2014\/08\/insaurralde-massa.jpg?resize=525%2C300 1.5x"},"classes":[]},{"id":64718,"url":"http:\/\/www.24baires.com\/?p=64718","url_meta":{"origin":59966,"position":1},"title":"\u00abDe Narv\u00e1ez quiere implementar un ajuste en la Provincia\u00bb, asegur\u00f3 Bossio","author":"AF","date":"22\/04\/2015","format":false,"excerpt":"El titular de la Anses, Diego Bossio, acus\u00f3 al precandidato a gobernador bonaerense por el Frente Renovador, Francisco De Narv\u00e1ez, de \"querer implementar un ajuste en la provincia de Buenos Aires\" y asegur\u00f3 adem\u00e1s que el Frente para la Victoria \"quiere la Provincia del desarrollo\". Durante el sorteo de Procrear\u2026","rel":"","context":"En \u00abPol\u00edtica\u00bb","block_context":{"text":"Pol\u00edtica","link":"http:\/\/www.24baires.com\/?cat=51"},"img":{"alt_text":"bossio3","src":"https:\/\/i0.wp.com\/www.24baires.com\/wp-content\/uploads\/2015\/03\/bossio3.jpg?resize=350%2C200","width":350,"height":200,"srcset":"https:\/\/i0.wp.com\/www.24baires.com\/wp-content\/uploads\/2015\/03\/bossio3.jpg?resize=350%2C200 1x, https:\/\/i0.wp.com\/www.24baires.com\/wp-content\/uploads\/2015\/03\/bossio3.jpg?resize=525%2C300 1.5x"},"classes":[]},{"id":32774,"url":"http:\/\/www.24baires.com\/?p=32774","url_meta":{"origin":59966,"position":2},"title":"De Vido incit\u00f3 a la oposici\u00f3n a que \u00abexplique qu\u00e9 es lo que quiere renovar\u00bb","author":"GB","date":"30\/09\/2013","format":false,"excerpt":"El ministro de Planificaci\u00f3n Federal dijo que desde el 2003 el gobierno nacional aplica un \"modelo que trajo crecimiento a todo el pa\u00eds\" y desafi\u00f3 a la oposici\u00f3n a que \"explique qu\u00e9 es lo que quieren renovar\". \"Hace diez a\u00f1os nosotros pusimos en marcha un proyecto de desarrollo industrial con\u2026","rel":"","context":"En \u00abPol\u00edtica\u00bb","block_context":{"text":"Pol\u00edtica","link":"http:\/\/www.24baires.com\/?cat=51"},"img":{"alt_text":"de vido1","src":"https:\/\/i0.wp.com\/www.24baires.com\/wp-content\/uploads\/2013\/09\/de-vido1-300x187.jpg?resize=350%2C200","width":350,"height":200},"classes":[]},{"id":120181,"url":"http:\/\/www.24baires.com\/?p=120181","url_meta":{"origin":59966,"position":3},"title":"El Frente de Todos pasa a llamarse \u00abUni\u00f3n por la Patria\u00bb","author":"AF","date":"14\/06\/2023","format":false,"excerpt":"Los distintos sectores que componen el frente oficialista mantienen reuniones para definir, entre otras cosas, la constituci\u00f3n de su junta partidaria y el reglamento electoral que fijar\u00e1 pisos y porcentajes para la integraci\u00f3n de listas. El Frente de Todos (FdT) se llamar\u00e1 Uni\u00f3n por la Patria (UxP) en las pr\u00f3ximas\u2026","rel":"","context":"En \u00abPol\u00edtica\u00bb","block_context":{"text":"Pol\u00edtica","link":"http:\/\/www.24baires.com\/?cat=51"},"img":{"alt_text":"","src":"https:\/\/i0.wp.com\/www.24baires.com\/wp-content\/uploads\/2023\/06\/cfk-25-5.png?resize=350%2C200","width":350,"height":200,"srcset":"https:\/\/i0.wp.com\/www.24baires.com\/wp-content\/uploads\/2023\/06\/cfk-25-5.png?resize=350%2C200 1x, https:\/\/i0.wp.com\/www.24baires.com\/wp-content\/uploads\/2023\/06\/cfk-25-5.png?resize=525%2C300 1.5x, https:\/\/i0.wp.com\/www.24baires.com\/wp-content\/uploads\/2023\/06\/cfk-25-5.png?resize=700%2C400 2x, https:\/\/i0.wp.com\/www.24baires.com\/wp-content\/uploads\/2023\/06\/cfk-25-5.png?resize=1050%2C600 3x"},"classes":[]},{"id":49374,"url":"http:\/\/www.24baires.com\/?p=49374","url_meta":{"origin":59966,"position":4},"title":"Dura cr\u00edtica de Alberto De Fazio a Gustavo Posse, intendente de San Isidro","author":"AF","date":"06\/07\/2014","format":false,"excerpt":"\u201cGustavo Posse es impresentable\u201d, dijo el senador bonaerense del FpV al ser consultado sobre los cuestionamientos respecto de la polic\u00eda comunal. El senador bonaerense del Frente para la Victoria, Alberto De Fazio, consider\u00f3 satisfactorios los resultados obtenidos en tres meses de vigencia de la emergencia en materia de seguridad y\u2026","rel":"","context":"En \u00abLocales\u00bb","block_context":{"text":"Locales","link":"http:\/\/www.24baires.com\/?cat=38"},"img":{"alt_text":"gustavo-posse","src":"https:\/\/i0.wp.com\/www.24baires.com\/wp-content\/uploads\/2014\/01\/gustavo-posse.jpg?resize=350%2C200","width":350,"height":200,"srcset":"https:\/\/i0.wp.com\/www.24baires.com\/wp-content\/uploads\/2014\/01\/gustavo-posse.jpg?resize=350%2C200 1x, https:\/\/i0.wp.com\/www.24baires.com\/wp-content\/uploads\/2014\/01\/gustavo-posse.jpg?resize=525%2C300 1.5x"},"classes":[]},{"id":59421,"url":"http:\/\/www.24baires.com\/?p=59421","url_meta":{"origin":59966,"position":5},"title":"Alfons\u00edn rechaz\u00f3 acuerdos con el Pro y el Frente Renovador","author":"GB","date":"31\/12\/2014","format":false,"excerpt":"El diputado nacional y titular de la UCR bonaerense, Ricardo Alfons\u00edn, volvi\u00f3 a rechazar hoy acuerdos del radicalismo por fuera del Frente Amplio UNEN, al considerar que una propuesta junto al PRO \"no ser\u00eda progresista\" y que una confluencia con el Frente Renovador implicar\u00eda \"entrampar\" al partido en la \"interna\u2026","rel":"","context":"En \u00abElecciones 2015\u00bb","block_context":{"text":"Elecciones 2015","link":"http:\/\/www.24baires.com\/?cat=74"},"img":{"alt_text":"alfonsin","src":"https:\/\/i0.wp.com\/www.24baires.com\/wp-content\/uploads\/2013\/09\/alfonsin.jpg?resize=350%2C200","width":350,"height":200,"srcset":"https:\/\/i0.wp.com\/www.24baires.com\/wp-content\/uploads\/2013\/09\/alfonsin.jpg?resize=350%2C200 1x, https:\/\/i0.wp.com\/www.24baires.com\/wp-content\/uploads\/2013\/09\/alfonsin.jpg?resize=525%2C300 1.5x"},"classes":[]}],"jetpack_sharing_enabled":true,"jetpack_likes_enabled":true,"jetpack_featured_media_url":"","_links":{"self":[{"href":"http:\/\/www.24baires.com\/index.php?rest_route=\/wp\/v2\/posts\/59966","targetHints":{"allow":["GET"]}}],"collection":[{"href":"http:\/\/www.24baires.com\/index.php?rest_route=\/wp\/v2\/posts"}],"about":[{"href":"http:\/\/www.24baires.com\/index.php?rest_route=\/wp\/v2\/types\/post"}],"author":[{"embeddable":true,"href":"http:\/\/www.24baires.com\/index.php?rest_route=\/wp\/v2\/users\/8"}],"replies":[{"embeddable":true,"href":"http:\/\/www.24baires.com\/index.php?rest_route=%2Fwp%2Fv2%2Fcomments&post=59966"}],"version-history":[{"count":1,"href":"http:\/\/www.24baires.com\/index.php?rest_route=\/wp\/v2\/posts\/59966\/revisions"}],"predecessor-version":[{"id":59967,"href":"http:\/\/www.24baires.com\/index.php?rest_route=\/wp\/v2\/posts\/59966\/revisions\/59967"}],"wp:attachment":[{"href":"http:\/\/www.24baires.com\/index.php?rest_route=%2Fwp%2Fv2%2Fmedia&parent=59966"}],"wp:term":[{"taxonomy":"category","embeddable":true,"href":"http:\/\/www.24baires.com\/index.php?rest_route=%2Fwp%2Fv2%2Fcategories&post=59966"},{"taxonomy":"post_tag","embeddable":true,"href":"http:\/\/www.24baires.com\/index.php?rest_route=%2Fwp%2Fv2%2Ftags&post=59966"}],"curies":[{"name":"wp","href":"https:\/\/api.w.org\/{rel}","templated":true}]}}