{"id":59963,"date":"2015-01-12T15:30:27","date_gmt":"2015-01-12T18:30:27","guid":{"rendered":"http:\/\/www.24baires.com\/?p=59963"},"modified":"2015-01-12T14:35:42","modified_gmt":"2015-01-12T17:35:42","slug":"la-inseguridad-bajo-un-80-con-12-mil-policias-en-la-costa-aseguro-scioli","status":"publish","type":"post","link":"http:\/\/www.24baires.com\/?p=59963","title":{"rendered":"\u00abLa inseguridad baj\u00f3 un 80% con 12 mil polic\u00edas en la Costa\u00bb, asegur\u00f3 Scioli"},"content":{"rendered":"<p><img data-recalc-dims=\"1\" loading=\"lazy\" decoding=\"async\" class=\"aligncenter size-full wp-image-59964\" src=\"https:\/\/i0.wp.com\/www.24baires.com\/wp-content\/uploads\/2015\/01\/Scioli-pulti.jpg?resize=560%2C313\" alt=\"Scioli - pulti\" width=\"560\" height=\"313\" srcset=\"https:\/\/i0.wp.com\/www.24baires.com\/wp-content\/uploads\/2015\/01\/Scioli-pulti.jpg?w=560 560w, https:\/\/i0.wp.com\/www.24baires.com\/wp-content\/uploads\/2015\/01\/Scioli-pulti.jpg?resize=300%2C168 300w\" sizes=\"auto, (max-width: 560px) 100vw, 560px\" \/><strong>AYACUCHO-<\/strong>\u00abTrabajamos con resultados contundentes, lo cual nos exige profundizar el camino con m\u00e1s m\u00f3viles\u00bb, asegur\u00f3 el gobernador bonaerense.<!--more--><\/p>\n<p>Scioli efectu\u00f3 estas declaraciones al dar inicio en la ciudad de Ayacucho el ciclo lectivo de la Escuela para la Polic\u00eda Local, con un total de 50 aspirantes, junto al intendente Pablo Zubiaurre.<\/p>\n<p>\u00abLa prioridad es defender la vida, buscar el progreso, por eso queremos que las transformaciones lleguen a cada rinc\u00f3n de la provincia\u00bb, sostuvo al poner en marcha la instrucci\u00f3n policial.<\/p>\n<p>Scioli ponder\u00f3 el compromiso \u00abde estos j\u00f3venes que van a pertenecer al ciclo de mayor reclutamiento de la historia de la Polic\u00eda de la Provincia, con una renovaci\u00f3n genuina, un salto cuantitativo y cualitativo que es reconocido hoy por miles y miles de familias de todo el pa\u00eds que han elegido nuestra Costa Atl\u00e1ntica\u00bb.<\/p>\n<p>\u00abTrabajamos con resultados contundentes, m\u00e1s del 80% en la baja de los \u00edndices de inseguridad, a partir de los 12.200 polic\u00edas que est\u00e1n en la Costa, lo cual nos exige a nosotros que profundicemos este camino que es complementado con m\u00e1s m\u00f3viles\u00bb, afirm\u00f3.<\/p>\n<p>El mandatario provincial estuvo acompa\u00f1ado adem\u00e1s por el subsecretario de Planificaci\u00f3n del Ministerio de Seguridad, Fernando Jantus, en el Palacio Municipal de Ayacucho.<\/p>\n<p>Previamente, Scioli mantuvo una reuni\u00f3n de trabajo con el intendente, donde se acord\u00f3 que el Ministerio de la Producci\u00f3n, Ciencia y Tecnolog\u00eda desarrolle un plan para que las industrias diseminadas puedan congregarse en un parque industrial, con una escuela t\u00e9cnica de oficios orientada al perfil productivo, como as\u00ed tambi\u00e9n se abordar\u00e1 la problem\u00e1tica hidr\u00e1ulica que padece la localidad.<\/p>\n<p>Scioli recorri\u00f3 tambi\u00e9n la Iglesia local, y elogi\u00f3 ante los vecinos este espacio \u00abarquitect\u00f3nico, religioso, que es un punto de encuentro para las familias, donde se refuerza la fe\u00bb.<\/p>\n<p>&nbsp;<\/p>\n<p>&nbsp;<\/p>\n<p>&nbsp;<\/p>\n<p>&nbsp;<\/p>\n<p>&nbsp;<\/p>\n<p>&nbsp;<\/p>\n<p>&nbsp;<\/p>\n<p>&nbsp;<\/p>\n<p>&nbsp;<\/p>\n<p>&nbsp;<\/p>\n","protected":false},"excerpt":{"rendered":"<p>AYACUCHO-\u00abTrabajamos con resultados contundentes, lo cual nos exige profundizar el camino con m\u00e1s m\u00f3viles\u00bb, asegur\u00f3 el gobernador bonaerense.<\/p>\n","protected":false},"author":8,"featured_media":0,"comment_status":"open","ping_status":"open","sticky":false,"template":"","format":"standard","meta":{"_jetpack_newsletter_access":"","_jetpack_dont_email_post_to_subs":false,"_jetpack_newsletter_tier_id":0,"_jetpack_memberships_contains_paywalled_content":false,"_jetpack_memberships_contains_paid_content":false,"footnotes":""},"categories":[51],"tags":[],"class_list":["post-59963","post","type-post","status-publish","format-standard","hentry","category-politica"],"jetpack_shortlink":"https:\/\/wp.me\/p2JWE0-fB9","jetpack-related-posts":[{"id":103162,"url":"http:\/\/www.24baires.com\/?p=103162","url_meta":{"origin":59963,"position":0},"title":"Berisso es el primer municipio en eliminar la Polic\u00eda Local","author":"AF","date":"04\/07\/2018","format":false,"excerpt":"La municipalidad de Berisso se convirti\u00f3 en la primera comuna de la provincia en fusionar la Polic\u00eda Local con la bonaerense, siguiendo los planes del Gobierno provincial para eliminar la fuerza creada durante la gesti\u00f3n de Daniel Scioli. El intendente de Berisso, Jorge Nedela, firm\u00f3 ayer un convenio con el\u2026","rel":"","context":"En \u00abLocales\u00bb","block_context":{"text":"Locales","link":"http:\/\/www.24baires.com\/?cat=38"},"img":{"alt_text":"","src":"https:\/\/i0.wp.com\/www.24baires.com\/wp-content\/uploads\/2015\/10\/policia-local-mdp.jpg?resize=350%2C200","width":350,"height":200,"srcset":"https:\/\/i0.wp.com\/www.24baires.com\/wp-content\/uploads\/2015\/10\/policia-local-mdp.jpg?resize=350%2C200 1x, https:\/\/i0.wp.com\/www.24baires.com\/wp-content\/uploads\/2015\/10\/policia-local-mdp.jpg?resize=525%2C300 1.5x"},"classes":[]},{"id":60890,"url":"http:\/\/www.24baires.com\/?p=60890","url_meta":{"origin":59963,"position":1},"title":"Scioli asegur\u00f3 que quiere \u00abllegar a los 90 mil efectivos de polic\u00eda\u00bb","author":"GB","date":"28\/01\/2015","format":false,"excerpt":"QUILMES-El gobernador Daniel Scioli anunci\u00f3 hoy que el objetivo de su gobierno es \"llegar a los 90 mil efectivos de polic\u00eda\" para el final de su mandato. El mandatario se refiri\u00f3 adem\u00e1s a \"la cobertura de seguridad\" que permiti\u00f3 \"la vuelta del gran espect\u00e1culo deportivo que es el f\u00fatbol del\u2026","rel":"","context":"En \u00abPol\u00edtica\u00bb","block_context":{"text":"Pol\u00edtica","link":"http:\/\/www.24baires.com\/?cat=51"},"img":{"alt_text":"scioli 1","src":"https:\/\/i0.wp.com\/www.24baires.com\/wp-content\/uploads\/2015\/01\/scioli-1.jpg?resize=350%2C200","width":350,"height":200,"srcset":"https:\/\/i0.wp.com\/www.24baires.com\/wp-content\/uploads\/2015\/01\/scioli-1.jpg?resize=350%2C200 1x, https:\/\/i0.wp.com\/www.24baires.com\/wp-content\/uploads\/2015\/01\/scioli-1.jpg?resize=525%2C300 1.5x"},"classes":[]},{"id":59747,"url":"http:\/\/www.24baires.com\/?p=59747","url_meta":{"origin":59963,"position":2},"title":"Ya son m\u00e1s de 5 mil los aspirantes a la Polic\u00eda Municipal","author":"AF","date":"08\/01\/2015","format":false,"excerpt":"El ministro de Seguridad bonaerense, Alejandro Granados, afirm\u00f3 que ya son m\u00e1s de 5 mil los aspirantes que realizan los cursos de formaci\u00f3n en las Escuelas de Polic\u00eda Local de 24 municipios, fuerza que estar\u00e1 integrada por 15 mil efectivos y ser\u00e1 puesta en marcha a mediados de a\u00f1o en\u2026","rel":"","context":"En \u00abMunicipios\u00bb","block_context":{"text":"Municipios","link":"http:\/\/www.24baires.com\/?cat=44"},"img":{"alt_text":"granados","src":"https:\/\/i0.wp.com\/www.24baires.com\/wp-content\/uploads\/2014\/04\/granados.jpg?resize=350%2C200","width":350,"height":200,"srcset":"https:\/\/i0.wp.com\/www.24baires.com\/wp-content\/uploads\/2014\/04\/granados.jpg?resize=350%2C200 1x, https:\/\/i0.wp.com\/www.24baires.com\/wp-content\/uploads\/2014\/04\/granados.jpg?resize=525%2C300 1.5x"},"classes":[]},{"id":108387,"url":"http:\/\/www.24baires.com\/?p=108387","url_meta":{"origin":59963,"position":3},"title":"Scioli ratific\u00f3 su candidatura presidencial","author":"GB","date":"25\/05\/2019","format":false,"excerpt":"El exgobernador de la Provincia de Buenos Aires particip\u00f3 del Congreso Educativo de Ajedrez que se realiz\u00f3 en la ciudad balnearia y manifest\u00f3 sus deseos de ser el primer mandatario del pa\u00eds despu\u00e9s del 10 de diciembre, sin embargo aclar\u00f3: \u201cVer\u00e9 como peronista en qu\u00e9 lugar puedo hacer mi mayor\u2026","rel":"","context":"En \u00abPol\u00edtica\u00bb","block_context":{"text":"Pol\u00edtica","link":"http:\/\/www.24baires.com\/?cat=51"},"img":{"alt_text":"","src":"https:\/\/i0.wp.com\/www.24baires.com\/wp-content\/uploads\/2019\/05\/scioli-mar-del.jpg?resize=350%2C200","width":350,"height":200,"srcset":"https:\/\/i0.wp.com\/www.24baires.com\/wp-content\/uploads\/2019\/05\/scioli-mar-del.jpg?resize=350%2C200 1x, https:\/\/i0.wp.com\/www.24baires.com\/wp-content\/uploads\/2019\/05\/scioli-mar-del.jpg?resize=525%2C300 1.5x"},"classes":[]},{"id":21336,"url":"http:\/\/www.24baires.com\/?p=21336","url_meta":{"origin":59963,"position":4},"title":"El Gobernador inaugur\u00f3 el ciclo lectivo policial 2013 en Berazategui","author":"AF","date":"18\/04\/2013","format":false,"excerpt":"El gobernador Daniel Scioli alent\u00f3 este jueves a seguir fortaleciendo \u201cel compromiso (policial) con la sociedad, con una s\u00f3lida preparaci\u00f3n\u201d, al inaugurar en el distrito de Berazategui el ciclo lectivo 2013 para 1.500 cadetes de tres escuelas del conurbano. Por otra parte, destac\u00f3 los progresos de las escuelas policiales descentralizadas\u2026","rel":"","context":"En \u00abSociedad\u00bb","block_context":{"text":"Sociedad","link":"http:\/\/www.24baires.com\/?cat=1"},"img":{"alt_text":"scioli casal","src":"https:\/\/i0.wp.com\/www.24baires.com\/wp-content\/uploads\/2013\/04\/scioli-casal.png?resize=350%2C200","width":350,"height":200},"classes":[]},{"id":62029,"url":"http:\/\/www.24baires.com\/?p=62029","url_meta":{"origin":59963,"position":5},"title":"Scioli inici\u00f3 el ciclo lectivo de la Polc\u00eda Local en Jos\u00e9 C. Paz","author":"GB","date":"20\/02\/2015","format":false,"excerpt":"El Gobernador Daniel Scioli inici\u00f3 el ciclo lectivo de la Polic\u00eda Local, en Leandro N. Alem y Altube. Jose C. Paz; previamente recorrer\u00e1 las obras del nuevo edificio de la escuela de Policia Local. La formaci\u00f3n de los pr\u00f3ximos polic\u00edas sigue los lineamientos universitarios planteados para 15 mil aspirantes de\u2026","rel":"","context":"En \u00abLocales\u00bb","block_context":{"text":"Locales","link":"http:\/\/www.24baires.com\/?cat=38"},"img":{"alt_text":"scioli 1","src":"https:\/\/i0.wp.com\/www.24baires.com\/wp-content\/uploads\/2015\/01\/scioli-1.jpg?resize=350%2C200","width":350,"height":200,"srcset":"https:\/\/i0.wp.com\/www.24baires.com\/wp-content\/uploads\/2015\/01\/scioli-1.jpg?resize=350%2C200 1x, https:\/\/i0.wp.com\/www.24baires.com\/wp-content\/uploads\/2015\/01\/scioli-1.jpg?resize=525%2C300 1.5x"},"classes":[]}],"jetpack_sharing_enabled":true,"jetpack_likes_enabled":true,"jetpack_featured_media_url":"","_links":{"self":[{"href":"http:\/\/www.24baires.com\/index.php?rest_route=\/wp\/v2\/posts\/59963","targetHints":{"allow":["GET"]}}],"collection":[{"href":"http:\/\/www.24baires.com\/index.php?rest_route=\/wp\/v2\/posts"}],"about":[{"href":"http:\/\/www.24baires.com\/index.php?rest_route=\/wp\/v2\/types\/post"}],"author":[{"embeddable":true,"href":"http:\/\/www.24baires.com\/index.php?rest_route=\/wp\/v2\/users\/8"}],"replies":[{"embeddable":true,"href":"http:\/\/www.24baires.com\/index.php?rest_route=%2Fwp%2Fv2%2Fcomments&post=59963"}],"version-history":[{"count":1,"href":"http:\/\/www.24baires.com\/index.php?rest_route=\/wp\/v2\/posts\/59963\/revisions"}],"predecessor-version":[{"id":59965,"href":"http:\/\/www.24baires.com\/index.php?rest_route=\/wp\/v2\/posts\/59963\/revisions\/59965"}],"wp:attachment":[{"href":"http:\/\/www.24baires.com\/index.php?rest_route=%2Fwp%2Fv2%2Fmedia&parent=59963"}],"wp:term":[{"taxonomy":"category","embeddable":true,"href":"http:\/\/www.24baires.com\/index.php?rest_route=%2Fwp%2Fv2%2Fcategories&post=59963"},{"taxonomy":"post_tag","embeddable":true,"href":"http:\/\/www.24baires.com\/index.php?rest_route=%2Fwp%2Fv2%2Ftags&post=59963"}],"curies":[{"name":"wp","href":"https:\/\/api.w.org\/{rel}","templated":true}]}}