{"id":59935,"date":"2015-01-12T10:00:03","date_gmt":"2015-01-12T13:00:03","guid":{"rendered":"http:\/\/www.24baires.com\/?p=59935"},"modified":"2015-01-12T10:13:58","modified_gmt":"2015-01-12T13:13:58","slug":"la-posicion-argentina-de-condena-al-terrorismo-es-absolutamente-clara-e-indubitable","status":"publish","type":"post","link":"http:\/\/www.24baires.com\/?p=59935","title":{"rendered":"\u00abLa posici\u00f3n argentina de condena al terrorismo es absolutamente clara e indubitable\u00bb"},"content":{"rendered":"<p><img data-recalc-dims=\"1\" loading=\"lazy\" decoding=\"async\" class=\"aligncenter size-full wp-image-57424\" src=\"https:\/\/i0.wp.com\/www.24baires.com\/wp-content\/uploads\/2014\/11\/capitanich-soberan%C3%ADa.jpg?resize=560%2C373\" alt=\"capitanich soberan\u00eda\" width=\"560\" height=\"373\" srcset=\"https:\/\/i0.wp.com\/www.24baires.com\/wp-content\/uploads\/2014\/11\/capitanich-soberan%C3%ADa.jpg?w=560 560w, https:\/\/i0.wp.com\/www.24baires.com\/wp-content\/uploads\/2014\/11\/capitanich-soberan%C3%ADa.jpg?resize=300%2C199 300w\" sizes=\"auto, (max-width: 560px) 100vw, 560px\" \/>El Jefe de Gabinete, Jorge Capitanich, reiter\u00f3 en su habitual ronda de prensa, la posici\u00f3n argentina de repudio y condena \u00abal terrorismo en todas su formas\u00bb.<!--more--><\/p>\n<p>El jefe de Gabinete, Jorge Capitanich, reiter\u00f3 la condena de nuestro pa\u00eds al terrorismo \u201cen todas sus formas\u00bb, al tiempo que asegur\u00f3 que \u00abla posici\u00f3n argentina es absolutamente clara e indubitable\u00bb y \u201csiempre\u201d la ha manifestado \u201cen todos los foros internacionales\u201d .<\/p>\n<p>\u00abLa posici\u00f3n argentina es absolutamente clara e indubitable\u00bb, dijo el jefe de ministros en su habitual conferencia matutina en Casa de Gobierno, al ser consultado por un periodista sobre lo que algunos medios consideraron una \u00abtibia reacci\u00f3n\u00bb frente al atentado en la revista Charlie Hebdo en Par\u00eds, en el que murieron 10 periodistas y dos polic\u00edas, y la toma de rehenes por parte de un terrorista en un local kosher de la capital francesa, donde murieron otras cuatro personas.<\/p>\n<p>\u00abEl canciller H\u00e9ctor Timerman firm\u00f3 en Par\u00eds el libro de las condolencias con las v\u00edctimas, el Estado argentino siempre ha manifestado su condena al terrorismo. Ni bien ocurri\u00f3 el hecho, la presidenta Cristina Fern\u00e1ndez de Kirchner emiti\u00f3 un comunicado p\u00fablico en la materia. Argentina mantiene una posici\u00f3n muy clara respecto a la cooperaci\u00f3n internacional para la lucha contra terrorismo\u00bb, consign\u00f3 el funcionario.<\/p>\n<p>Agreg\u00f3 que Argentina tiene \u201cuna relaci\u00f3n fraternal con la rep\u00fablica hermana de Francia\u201d y record\u00f3 que el pa\u00eds \u201cratifica la suscripci\u00f3n de tratados contra el terrorismo internacional, lo que permite establecer mecanismos de coordinaci\u00f3n en materia de inteligencia, identificaci\u00f3n de amenazas y riesgos, esquemas de alerta temprana, y un trabajo coordinado de las cuatro fuerzas federales\u201d.<\/p>\n<p>Capitanich se\u00f1al\u00f3 tambi\u00e9n el trabajo que realiza \u201cel sistema nacional de inteligencia de la Rep\u00fablica Argentina, creado a trav\u00e9s de la ley 25.520, junto con el Ministerio de Seguridad, a trav\u00e9s de su direcci\u00f3n de Inteligencia Criminal\u201d, y explic\u00f3 que \u201cexiste un intercambio de informaci\u00f3n\u201d entre estos organismos nacionales con los agregados policiales de las representaciones diplom\u00e1ticas extranjeras\u201d en Argentina, as\u00ed como tambi\u00e9n con el Comit\u00e9 contra el terrorismo de Naciones Unidas, el Comit\u00e9 latinoamericano y el de Mercosur.<\/p>\n<p>\u201cNosotros tenemos una clara posici\u00f3n en materia internacional, una clara muestra de celeridad. Siempre hemos manifestado en todos los foros internacionales la condena al terrorismo en todas sus formas, as\u00ed como el respeto irrestricto a las leyes y los derechos humanos\u00bb, concluy\u00f3.<\/p>\n<p>Este fin de semana m\u00e1s de cinco millones de personas se manifestaron en Francia contra el terrorismo, en defensa de la paz y la libertad.<\/p>\n<p>La manifestaci\u00f3n tuvo su r\u00e9plica en Buenos Aires, frente a la embajada de Francia, en la esquina de Cerrito y Arroyo, donde centenares de personas llegaron con consignas a favor de la libertad, la igualdad y la fraternidad\u00bb y en contra del terror.<\/p>\n","protected":false},"excerpt":{"rendered":"<p>El Jefe de Gabinete, Jorge Capitanich, reiter\u00f3 en su habitual ronda de prensa, la posici\u00f3n argentina de repudio y condena \u00abal terrorismo en todas su formas\u00bb.<\/p>\n","protected":false},"author":4,"featured_media":0,"comment_status":"open","ping_status":"open","sticky":false,"template":"","format":"standard","meta":{"_jetpack_newsletter_access":"","_jetpack_dont_email_post_to_subs":false,"_jetpack_newsletter_tier_id":0,"_jetpack_memberships_contains_paywalled_content":false,"_jetpack_memberships_contains_paid_content":false,"footnotes":""},"categories":[51],"tags":[],"class_list":["post-59935","post","type-post","status-publish","format-standard","hentry","category-politica"],"jetpack_shortlink":"https:\/\/wp.me\/p2JWE0-fAH","jetpack-related-posts":[{"id":50471,"url":"http:\/\/www.24baires.com\/?p=50471","url_meta":{"origin":59935,"position":0},"title":"\u00abArgentina sufri\u00f3 ataques desmesurados por parte de grupos de fondos buitre\u00bb","author":"AF","date":"24\/07\/2014","format":false,"excerpt":"Lo asegur\u00f3 el jefe de Gabinete, Jorge Capitanich, quien sostuvo que \"estos min\u00fasculos grupos de fondos buitre\u201d generan \u201cataques especulativos permanentes\". El jefe de Gabinete sostuvo, adem\u00e1s, que esos grupos generan \u201cataques especulativos permanentes, promueven acciones judiciales pero tienen su domicilio en guaridas fiscales, no en pa\u00edses sino en guaridas\u2026","rel":"","context":"En \u00abEconom\u00eda\u00bb","block_context":{"text":"Econom\u00eda","link":"http:\/\/www.24baires.com\/?cat=45"},"img":{"alt_text":"","src":"","width":0,"height":0},"classes":[]},{"id":51174,"url":"http:\/\/www.24baires.com\/?p=51174","url_meta":{"origin":59935,"position":1},"title":"Capitanich asegur\u00f3 que \u00abha habido clara parcialidad\u00bb en Pollack","author":"AF","date":"05\/08\/2014","format":false,"excerpt":"El jefe de Gabinete dijo hoy que en la labor del mediador designado por el juez Thomas Griesa hubo \"mala comprensi\u00f3n, incapacidad manifiesta, y marcada incompetencia para resolver un problema\". El jefe de Gabinete, Jorge Capitanich, volvi\u00f3 hoy a cuestionar al mediador Daniel Pollack en el litigio con los fondos\u2026","rel":"","context":"En \u00abEconom\u00eda\u00bb","block_context":{"text":"Econom\u00eda","link":"http:\/\/www.24baires.com\/?cat=45"},"img":{"alt_text":"capitanich","src":"https:\/\/i0.wp.com\/www.24baires.com\/wp-content\/uploads\/2014\/04\/capitanich.jpg?resize=350%2C200","width":350,"height":200,"srcset":"https:\/\/i0.wp.com\/www.24baires.com\/wp-content\/uploads\/2014\/04\/capitanich.jpg?resize=350%2C200 1x, https:\/\/i0.wp.com\/www.24baires.com\/wp-content\/uploads\/2014\/04\/capitanich.jpg?resize=525%2C300 1.5x"},"classes":[]},{"id":41193,"url":"http:\/\/www.24baires.com\/?p=41193","url_meta":{"origin":59935,"position":2},"title":"Capitanich advierte: \u00abSi la oposici\u00f3n gobernara, todo ser\u00eda un desastre\u00bb","author":"Grupo Sierra","date":"27\/02\/2014","format":false,"excerpt":"El jefe de Gabinete, Jorge Capitanich, asegur\u00f3 hoy que si la oposici\u00f3n pol\u00edtica gobernara la Argentina \"ser\u00eda algo absolutamente desastroso\", al resaltar las constantes cr\u00edticas de la oposici\u00f3n al acuerdo con Repsol. \"Si parte del arco opositor pol\u00edtico gobernara la Argentina, ser\u00eda algo absolutamente desastrozo, porque su posici\u00f3n es estar\u2026","rel":"","context":"En \u00abPol\u00edtica\u00bb","block_context":{"text":"Pol\u00edtica","link":"http:\/\/www.24baires.com\/?cat=51"},"img":{"alt_text":"Capitanich","src":"https:\/\/i0.wp.com\/www.24baires.com\/wp-content\/uploads\/2014\/01\/Capitanich.jpg?resize=350%2C200","width":350,"height":200,"srcset":"https:\/\/i0.wp.com\/www.24baires.com\/wp-content\/uploads\/2014\/01\/Capitanich.jpg?resize=350%2C200 1x, https:\/\/i0.wp.com\/www.24baires.com\/wp-content\/uploads\/2014\/01\/Capitanich.jpg?resize=525%2C300 1.5x"},"classes":[]},{"id":50869,"url":"http:\/\/www.24baires.com\/?p=50869","url_meta":{"origin":59935,"position":3},"title":"\u00abDecir que la Argentina est\u00e1 en default t\u00e9cnico es una patra\u00f1a absurda\u00bb","author":"AF","date":"31\/07\/2014","format":false,"excerpt":"Lo afirm\u00f3 el jefe de Gabinete, Jorge Capitanich, y sostuvo que \"ha habido una mala praxis del Poder Judicial de Estados Unidos\" en el litigio con los fondos buitre y que han notado \"una marcada incompetencia\" del mediador. En su habitual conferencia de prensa matutina en Casa de Gobierno, Capitanich\u2026","rel":"","context":"En \u00abEconom\u00eda\u00bb","block_context":{"text":"Econom\u00eda","link":"http:\/\/www.24baires.com\/?cat=45"},"img":{"alt_text":"capitanich","src":"https:\/\/i0.wp.com\/www.24baires.com\/wp-content\/uploads\/2014\/04\/capitanich.jpg?resize=350%2C200","width":350,"height":200,"srcset":"https:\/\/i0.wp.com\/www.24baires.com\/wp-content\/uploads\/2014\/04\/capitanich.jpg?resize=350%2C200 1x, https:\/\/i0.wp.com\/www.24baires.com\/wp-content\/uploads\/2014\/04\/capitanich.jpg?resize=525%2C300 1.5x"},"classes":[]},{"id":58977,"url":"http:\/\/www.24baires.com\/?p=58977","url_meta":{"origin":59935,"position":4},"title":"Capitanich conden\u00f3 el \u00abhostigamiento medi\u00e1tico\u00bb de Clar\u00edn contra el Gobierno","author":"AF","date":"22\/12\/2014","format":false,"excerpt":"El jefe de Gabinete defendi\u00f3 la utilizaci\u00f3n de la cuenta de Twitter de la Casa Rosada para aclarar la postura de la familia Kirchner. \"El Gobierno debe promover su leg\u00edtima defensa frente a la calumnia, la injuria o la informaci\u00f3n falsa\", dijo. El jefe de Gabinete, Jorge Capitanich, conden\u00f3 el\u2026","rel":"","context":"En \u00abPol\u00edtica\u00bb","block_context":{"text":"Pol\u00edtica","link":"http:\/\/www.24baires.com\/?cat=51"},"img":{"alt_text":"Capitanich","src":"https:\/\/i0.wp.com\/www.24baires.com\/wp-content\/uploads\/2014\/01\/Capitanich.jpg?resize=350%2C200","width":350,"height":200,"srcset":"https:\/\/i0.wp.com\/www.24baires.com\/wp-content\/uploads\/2014\/01\/Capitanich.jpg?resize=350%2C200 1x, https:\/\/i0.wp.com\/www.24baires.com\/wp-content\/uploads\/2014\/01\/Capitanich.jpg?resize=525%2C300 1.5x"},"classes":[]},{"id":116123,"url":"http:\/\/www.24baires.com\/?p=116123","url_meta":{"origin":59935,"position":5},"title":"\u00abLa Argentina central que tiene periferias no se puede tolerar m\u00e1s\u00bb","author":"AF","date":"01\/09\/2020","format":false,"excerpt":"El Presidente encabez\u00f3 la firma de convenios con el gobernador de Chaco, Jorge Capitanich. En ese marco, defendi\u00f3 el acceso a la conectividad y al conocimiento en todo el pa\u00eds. El presidente Alberto Fern\u00e1ndez reafirm\u00f3 que \"la Argentina central, que tiene dos periferias, al norte y a sur del pa\u00eds,\u2026","rel":"","context":"En \u00abPol\u00edtica\u00bb","block_context":{"text":"Pol\u00edtica","link":"http:\/\/www.24baires.com\/?cat=51"},"img":{"alt_text":"","src":"https:\/\/i0.wp.com\/www.24baires.com\/wp-content\/uploads\/2020\/09\/fern%C3%A1ndez-capitanich.jpg?resize=350%2C200","width":350,"height":200,"srcset":"https:\/\/i0.wp.com\/www.24baires.com\/wp-content\/uploads\/2020\/09\/fern%C3%A1ndez-capitanich.jpg?resize=350%2C200 1x, https:\/\/i0.wp.com\/www.24baires.com\/wp-content\/uploads\/2020\/09\/fern%C3%A1ndez-capitanich.jpg?resize=525%2C300 1.5x"},"classes":[]}],"jetpack_sharing_enabled":true,"jetpack_likes_enabled":true,"jetpack_featured_media_url":"","_links":{"self":[{"href":"http:\/\/www.24baires.com\/index.php?rest_route=\/wp\/v2\/posts\/59935","targetHints":{"allow":["GET"]}}],"collection":[{"href":"http:\/\/www.24baires.com\/index.php?rest_route=\/wp\/v2\/posts"}],"about":[{"href":"http:\/\/www.24baires.com\/index.php?rest_route=\/wp\/v2\/types\/post"}],"author":[{"embeddable":true,"href":"http:\/\/www.24baires.com\/index.php?rest_route=\/wp\/v2\/users\/4"}],"replies":[{"embeddable":true,"href":"http:\/\/www.24baires.com\/index.php?rest_route=%2Fwp%2Fv2%2Fcomments&post=59935"}],"version-history":[{"count":1,"href":"http:\/\/www.24baires.com\/index.php?rest_route=\/wp\/v2\/posts\/59935\/revisions"}],"predecessor-version":[{"id":59936,"href":"http:\/\/www.24baires.com\/index.php?rest_route=\/wp\/v2\/posts\/59935\/revisions\/59936"}],"wp:attachment":[{"href":"http:\/\/www.24baires.com\/index.php?rest_route=%2Fwp%2Fv2%2Fmedia&parent=59935"}],"wp:term":[{"taxonomy":"category","embeddable":true,"href":"http:\/\/www.24baires.com\/index.php?rest_route=%2Fwp%2Fv2%2Fcategories&post=59935"},{"taxonomy":"post_tag","embeddable":true,"href":"http:\/\/www.24baires.com\/index.php?rest_route=%2Fwp%2Fv2%2Ftags&post=59935"}],"curies":[{"name":"wp","href":"https:\/\/api.w.org\/{rel}","templated":true}]}}