{"id":59932,"date":"2015-01-11T21:40:25","date_gmt":"2015-01-12T00:40:25","guid":{"rendered":"http:\/\/www.24baires.com\/?p=59932"},"modified":"2015-01-11T20:54:42","modified_gmt":"2015-01-11T23:54:42","slug":"rossi-visito-el-puesto-de-salud-que-defensa-instalo-en-mar-de-ajo","status":"publish","type":"post","link":"http:\/\/www.24baires.com\/?p=59932","title":{"rendered":"Rossi visit\u00f3 el puesto de salud que Defensa instal\u00f3 en Mar de Aj\u00f3"},"content":{"rendered":"<p><img data-recalc-dims=\"1\" loading=\"lazy\" decoding=\"async\" class=\"aligncenter size-full wp-image-59933\" src=\"https:\/\/i0.wp.com\/www.24baires.com\/wp-content\/uploads\/2015\/01\/rossi-mar-del-ajo.jpg?resize=560%2C314\" alt=\"rossi mar del ajo\" width=\"560\" height=\"314\" srcset=\"https:\/\/i0.wp.com\/www.24baires.com\/wp-content\/uploads\/2015\/01\/rossi-mar-del-ajo.jpg?w=560 560w, https:\/\/i0.wp.com\/www.24baires.com\/wp-content\/uploads\/2015\/01\/rossi-mar-del-ajo.jpg?resize=300%2C168 300w\" sizes=\"auto, (max-width: 560px) 100vw, 560px\" \/>El ministro de Defensa, Agust\u00edn Rossi, visit\u00f3 esta tarde el puesto sanitario instalado por la cartera que conduce en la localidad de Mar de Aj\u00f3 donde los visitantes podr\u00e1n contar el asesoramiento de distintos profesionales de la salud. Adem\u00e1s, el mismo espacio cuanta con un descanso recreativo para que todos los turistas puedan disfrutar.<!--more--><\/p>\n<p>\u201cEstamos cumpliendo una importante funci\u00f3n para la comunidad, complementando el trabajo de las autoridades de salud del Municipio de la Costa\u201d, sostuvo Rossi tras recorrer el puesto sanitario.<\/p>\n<p>Adem\u00e1s, explic\u00f3 que en dicho parador \u201clos visitantes podr\u00e1n controlarse la presi\u00f3n arterial, el nivel de glucemia, el \u00edndice de masa corporal, la frecuencia cardiaca\u201d entre otras consultas.<\/p>\n<p>\u201cEn apenas 20 minutos los turistas se llevan un diagn\u00f3stico r\u00e1pido para prevenir posibles enfermedades\u201d, sostuvo el titular de Defensa y agreg\u00f3 que s\u00f3lo un d\u00eda \u201cpasaron m\u00e1s de 150 personas para realizar consultas y realizarse chequeos\u201d.<\/p>\n<p>El puesto sanitario, instalado por la Coordinaci\u00f3n de Salud y Bienestar de las Fuerzas Armadas con las autoridades sanitarias del Municipio de la Costa,funcionar\u00e1 hasta el 31 de enero, de lunes a domingos de 14 a 20 en la Av. Costanera y la Av. Libertador (Mar de Aj\u00f3).<\/p>\n<p>&nbsp;<\/p>\n<p>&nbsp;<\/p>\n<p>&nbsp;<\/p>\n<p>&nbsp;<\/p>\n<p>&nbsp;<\/p>\n<p>&nbsp;<\/p>\n<p>&nbsp;<\/p>\n<p>&nbsp;<\/p>\n<p>&nbsp;<\/p>\n<p>&nbsp;<\/p>\n<p>&nbsp;<\/p>\n","protected":false},"excerpt":{"rendered":"<p>El ministro de Defensa, Agust\u00edn Rossi, visit\u00f3 esta tarde el puesto sanitario instalado por la cartera que conduce en la localidad de Mar de Aj\u00f3 donde los visitantes podr\u00e1n contar el asesoramiento de distintos profesionales de la salud. Adem\u00e1s, el mismo espacio cuanta con un descanso recreativo para que todos los turistas puedan disfrutar.<\/p>\n","protected":false},"author":8,"featured_media":0,"comment_status":"open","ping_status":"open","sticky":false,"template":"","format":"standard","meta":{"_jetpack_newsletter_access":"","_jetpack_dont_email_post_to_subs":false,"_jetpack_newsletter_tier_id":0,"_jetpack_memberships_contains_paywalled_content":false,"_jetpack_memberships_contains_paid_content":false,"footnotes":""},"categories":[51],"tags":[],"class_list":["post-59932","post","type-post","status-publish","format-standard","hentry","category-politica"],"jetpack_shortlink":"https:\/\/wp.me\/p2JWE0-fAE","jetpack-related-posts":[{"id":60478,"url":"http:\/\/www.24baires.com\/?p=60478","url_meta":{"origin":59932,"position":0},"title":"Rossi encabez\u00f3 el acto de colocaci\u00f3n del \u201cEmblema Azul\u201d en el Faro Punta Mogotes","author":"GB","date":"21\/01\/2015","format":false,"excerpt":"MAR DEL PLATA-El ministro de Defensa, Agust\u00edn Rossi, encabez\u00f3 hoy el acto de se\u00f1alizaci\u00f3n con el \u201cEmblema Azul\u201d del Faro Punta Mogotes, y all\u00ed tambi\u00e9n recorri\u00f3 el Espacio para la Memoria y la Promoci\u00f3n de los Derechos Humanos \"Ex Centro Clandestino de detenci\u00f3n ESIM\". \u201cHemos se\u00f1alizado varios espacios que pertenecen\u2026","rel":"","context":"En \u00abMemoria\u00bb","block_context":{"text":"Memoria","link":"http:\/\/www.24baires.com\/?cat=50"},"img":{"alt_text":"","src":"https:\/\/i0.wp.com\/www.24baires.com\/wp-content\/uploads\/2015\/01\/rossi-faro.jpg?resize=350%2C200","width":350,"height":200,"srcset":"https:\/\/i0.wp.com\/www.24baires.com\/wp-content\/uploads\/2015\/01\/rossi-faro.jpg?resize=350%2C200 1x, https:\/\/i0.wp.com\/www.24baires.com\/wp-content\/uploads\/2015\/01\/rossi-faro.jpg?resize=525%2C300 1.5x"},"classes":[]},{"id":56930,"url":"http:\/\/www.24baires.com\/?p=56930","url_meta":{"origin":59932,"position":1},"title":"Durante la temporada habr\u00e1 hospitales m\u00f3viles, carpas sanitarias y helic\u00f3pteros en la costa","author":"GB","date":"11\/11\/2014","format":false,"excerpt":"La pr\u00f3xima temporada de verano, el Ministerio de Salud bonaerense dispondr\u00e1 de 12 ambulancias equipadas con cardiodesfibriladores, 7 hospitales m\u00f3viles y 2 helic\u00f3pteros que recorrer\u00e1n la costa atl\u00e1ntica. De acuerdo a datos del Operativo de Servicio de Atenci\u00f3n al Turista (SAT), este a\u00f1o la Provincia contar\u00e1 adem\u00e1s con 5 carpas\u2026","rel":"","context":"En \u00abProvincia\u00bb","block_context":{"text":"Provincia","link":"http:\/\/www.24baires.com\/?cat=40"},"img":{"alt_text":"","src":"","width":0,"height":0},"classes":[]},{"id":29288,"url":"http:\/\/www.24baires.com\/?p=29288","url_meta":{"origin":59932,"position":2},"title":"El Ministro Rossi recorri\u00f3 la Base Naval de Mar del Plata junto a la diputada Adela Segarra","author":"Grupo Sierra","date":"31\/07\/2013","format":false,"excerpt":"El Ministro de Defensa de la Naci\u00f3n, Agust\u00edn Rossi, recorri\u00f3 las instalaciones de la Base Naval junto a la diputada nacional, Adela Segarra y la candidata a concejal por la Lista 2 del Frente para la Victoria, Ana L\u00f3pez. Tras una serie de de actividades que realiz\u00f3 en la ciudad\u2026","rel":"","context":"En \u00abPol\u00edtica\u00bb","block_context":{"text":"Pol\u00edtica","link":"http:\/\/www.24baires.com\/?cat=51"},"img":{"alt_text":"","src":"https:\/\/i0.wp.com\/www.24baires.com\/wp-content\/uploads\/2013\/07\/Rossi-Adela.jpg?resize=350%2C200","width":350,"height":200,"srcset":"https:\/\/i0.wp.com\/www.24baires.com\/wp-content\/uploads\/2013\/07\/Rossi-Adela.jpg?resize=350%2C200 1x, https:\/\/i0.wp.com\/www.24baires.com\/wp-content\/uploads\/2013\/07\/Rossi-Adela.jpg?resize=525%2C300 1.5x"},"classes":[]},{"id":114564,"url":"http:\/\/www.24baires.com\/?p=114564","url_meta":{"origin":59932,"position":3},"title":"Kicillof: \u00abCon el tiempo de la cuarentena duplicamos la capacidad del sistema de salud de la Provincia\u00bb","author":"AF","date":"31\/03\/2020","format":false,"excerpt":"El Gobernador visit\u00f3 las obras de ampliaci\u00f3n del Hospital Rossi de La Plata. El gobernador de la provincia de Buenos Aires, Axel Kicillof, visit\u00f3 esta ma\u00f1ana las obras de ampliaci\u00f3n del Hospital Rossi de La Plata y expres\u00f3 que \"esta ampliaci\u00f3n nos permite contar con mejores est\u00e1ndares de seguridad, los\u2026","rel":"","context":"En \u00abProvincia\u00bb","block_context":{"text":"Provincia","link":"http:\/\/www.24baires.com\/?cat=40"},"img":{"alt_text":"","src":"https:\/\/i0.wp.com\/www.24baires.com\/wp-content\/uploads\/2020\/03\/kicilloffff.jpg?resize=350%2C200","width":350,"height":200,"srcset":"https:\/\/i0.wp.com\/www.24baires.com\/wp-content\/uploads\/2020\/03\/kicilloffff.jpg?resize=350%2C200 1x, https:\/\/i0.wp.com\/www.24baires.com\/wp-content\/uploads\/2020\/03\/kicilloffff.jpg?resize=525%2C300 1.5x"},"classes":[]},{"id":61893,"url":"http:\/\/www.24baires.com\/?p=61893","url_meta":{"origin":59932,"position":4},"title":"Rossi: \u00abClar\u00edn y los fiscales que convocan a la marcha se quieren llevar puesta a Fein\u00bb","author":"AF","date":"18\/02\/2015","format":false,"excerpt":"El ministro de Defensa consider\u00f3 que los fiscales \"no tienen nada de independientes, son arietes de la oposici\u00f3n pol\u00edtica argentina\". En ese marco, el funcionario hizo menci\u00f3n al \"c\u00edrculo rojo\" y les dijo que \"los esperamos en las elecciones\". El ministro de Defensa, Agust\u00edn Rossi, dijo hoy que \"Clar\u00edn y\u2026","rel":"","context":"En \u00abPol\u00edtica\u00bb","block_context":{"text":"Pol\u00edtica","link":"http:\/\/www.24baires.com\/?cat=51"},"img":{"alt_text":"rossi","src":"https:\/\/i0.wp.com\/www.24baires.com\/wp-content\/uploads\/2015\/02\/rossi1.jpg?resize=350%2C200","width":350,"height":200,"srcset":"https:\/\/i0.wp.com\/www.24baires.com\/wp-content\/uploads\/2015\/02\/rossi1.jpg?resize=350%2C200 1x, https:\/\/i0.wp.com\/www.24baires.com\/wp-content\/uploads\/2015\/02\/rossi1.jpg?resize=525%2C300 1.5x"},"classes":[]},{"id":119416,"url":"http:\/\/www.24baires.com\/?p=119416","url_meta":{"origin":59932,"position":5},"title":"Verano 2023: alquilar en Mar del Plata costar\u00e1 un 70% m\u00e1s","author":"GB","date":"05\/10\/2022","format":false,"excerpt":"El presidente del Colegio de Martilleros y Corredores P\u00fablicos de Mar del Plata explic\u00f3 c\u00f3mo ser\u00e1 alquilar en este verano 2023. Comenz\u00f3 octubre y muchas personas ya piensan en las vacaciones de verano. Cu\u00e1l es el destino tur\u00edstico que visitar\u00e1n y d\u00f3nde alquilar un departamento son algunas de las preguntas\u2026","rel":"","context":"En \u00abTurismo\u00bb","block_context":{"text":"Turismo","link":"http:\/\/www.24baires.com\/?cat=69"},"img":{"alt_text":"","src":"https:\/\/i0.wp.com\/www.24baires.com\/wp-content\/uploads\/2017\/02\/mar-del-plata.jpg?resize=350%2C200","width":350,"height":200,"srcset":"https:\/\/i0.wp.com\/www.24baires.com\/wp-content\/uploads\/2017\/02\/mar-del-plata.jpg?resize=350%2C200 1x, https:\/\/i0.wp.com\/www.24baires.com\/wp-content\/uploads\/2017\/02\/mar-del-plata.jpg?resize=525%2C300 1.5x, https:\/\/i0.wp.com\/www.24baires.com\/wp-content\/uploads\/2017\/02\/mar-del-plata.jpg?resize=700%2C400 2x"},"classes":[]}],"jetpack_sharing_enabled":true,"jetpack_likes_enabled":true,"jetpack_featured_media_url":"","_links":{"self":[{"href":"http:\/\/www.24baires.com\/index.php?rest_route=\/wp\/v2\/posts\/59932","targetHints":{"allow":["GET"]}}],"collection":[{"href":"http:\/\/www.24baires.com\/index.php?rest_route=\/wp\/v2\/posts"}],"about":[{"href":"http:\/\/www.24baires.com\/index.php?rest_route=\/wp\/v2\/types\/post"}],"author":[{"embeddable":true,"href":"http:\/\/www.24baires.com\/index.php?rest_route=\/wp\/v2\/users\/8"}],"replies":[{"embeddable":true,"href":"http:\/\/www.24baires.com\/index.php?rest_route=%2Fwp%2Fv2%2Fcomments&post=59932"}],"version-history":[{"count":1,"href":"http:\/\/www.24baires.com\/index.php?rest_route=\/wp\/v2\/posts\/59932\/revisions"}],"predecessor-version":[{"id":59934,"href":"http:\/\/www.24baires.com\/index.php?rest_route=\/wp\/v2\/posts\/59932\/revisions\/59934"}],"wp:attachment":[{"href":"http:\/\/www.24baires.com\/index.php?rest_route=%2Fwp%2Fv2%2Fmedia&parent=59932"}],"wp:term":[{"taxonomy":"category","embeddable":true,"href":"http:\/\/www.24baires.com\/index.php?rest_route=%2Fwp%2Fv2%2Fcategories&post=59932"},{"taxonomy":"post_tag","embeddable":true,"href":"http:\/\/www.24baires.com\/index.php?rest_route=%2Fwp%2Fv2%2Ftags&post=59932"}],"curies":[{"name":"wp","href":"https:\/\/api.w.org\/{rel}","templated":true}]}}