{"id":59878,"date":"2015-01-10T19:50:59","date_gmt":"2015-01-10T22:50:59","guid":{"rendered":"http:\/\/www.24baires.com\/?p=59878"},"modified":"2015-01-11T12:40:44","modified_gmt":"2015-01-11T15:40:44","slug":"scioli-distinguio-a-zaffaroni","status":"publish","type":"post","link":"http:\/\/www.24baires.com\/?p=59878","title":{"rendered":"Scioli distingui\u00f3 a Zaffaroni"},"content":{"rendered":"<p><img data-recalc-dims=\"1\" loading=\"lazy\" decoding=\"async\" class=\"aligncenter size-full wp-image-59879\" src=\"https:\/\/i0.wp.com\/www.24baires.com\/wp-content\/uploads\/2015\/01\/zaffa-scioli.jpg?resize=560%2C400\" alt=\"zaffa scioli\" width=\"560\" height=\"400\" srcset=\"https:\/\/i0.wp.com\/www.24baires.com\/wp-content\/uploads\/2015\/01\/zaffa-scioli.jpg?w=560 560w, https:\/\/i0.wp.com\/www.24baires.com\/wp-content\/uploads\/2015\/01\/zaffa-scioli.jpg?resize=300%2C214 300w\" sizes=\"auto, (max-width: 560px) 100vw, 560px\" \/><\/p>\n<p>Durante un almuerzo que mantuvieron en <strong>Mar del Plata<\/strong>, el gobernador le entreg\u00f3 una plaqueta al ex juez de la Corte Suprema \u00aben reconocimiento a su capacidad y \u00e9tica al servicio de la Justicia\u00bb.<!--more--><\/p>\n<p>Al t\u00e9rmino del encuentro, Scioli le entreg\u00f3 una plaqueta \u00aben reconocimiento a su capacidad y \u00e9tica al servicio de la Justicia\u00bb.<br \/>\nAsimismo, el gobernador tambi\u00e9n destac\u00f3 \u00absu aquilatada experiencia y compromiso, su b\u00fasqueda constante de igualdad hacia los sectores m\u00e1s vulnerables de la sociedad\u00bb.<\/p>\n<p>&nbsp;<\/p>\n<p>&nbsp;<\/p>\n","protected":false},"excerpt":{"rendered":"<p>Durante un almuerzo que mantuvieron en Mar del Plata, el gobernador le entreg\u00f3 una plaqueta al ex juez de la Corte Suprema \u00aben reconocimiento a su capacidad y \u00e9tica al servicio de la Justicia\u00bb.<\/p>\n","protected":false},"author":11,"featured_media":0,"comment_status":"open","ping_status":"open","sticky":false,"template":"","format":"standard","meta":{"_jetpack_newsletter_access":"","_jetpack_dont_email_post_to_subs":false,"_jetpack_newsletter_tier_id":0,"_jetpack_memberships_contains_paywalled_content":false,"_jetpack_memberships_contains_paid_content":false,"footnotes":""},"categories":[51],"tags":[],"class_list":["post-59878","post","type-post","status-publish","format-standard","hentry","category-politica"],"jetpack_shortlink":"https:\/\/wp.me\/p2JWE0-fzM","jetpack-related-posts":[{"id":101122,"url":"http:\/\/www.24baires.com\/?p=101122","url_meta":{"origin":59878,"position":0},"title":"Indagar\u00e1n a Scioli por irregularidades en la construcci\u00f3n de las UPA 24","author":"AF","date":"17\/03\/2018","format":false,"excerpt":"El ex gobernador Daniel Scioli y quien fuera su ministro de Salud, Alejandro Collia, fueron imputados y citados a prestar declaraci\u00f3n indagatoria en el marco de una causa que investiga presuntas irregularidades en la adjudicaci\u00f3n de ocho Unidades de Pronta Atenci\u00f3n (UPA 24) para las que se destinaron m\u00e1s de\u2026","rel":"","context":"En \u00abJUDICIALES\u00bb","block_context":{"text":"JUDICIALES","link":"http:\/\/www.24baires.com\/?cat=68"},"img":{"alt_text":"","src":"https:\/\/i0.wp.com\/www.24baires.com\/wp-content\/uploads\/2014\/05\/Daniel-Scioli.jpg?resize=350%2C200","width":350,"height":200,"srcset":"https:\/\/i0.wp.com\/www.24baires.com\/wp-content\/uploads\/2014\/05\/Daniel-Scioli.jpg?resize=350%2C200 1x, https:\/\/i0.wp.com\/www.24baires.com\/wp-content\/uploads\/2014\/05\/Daniel-Scioli.jpg?resize=525%2C300 1.5x"},"classes":[]},{"id":108387,"url":"http:\/\/www.24baires.com\/?p=108387","url_meta":{"origin":59878,"position":1},"title":"Scioli ratific\u00f3 su candidatura presidencial","author":"GB","date":"25\/05\/2019","format":false,"excerpt":"El exgobernador de la Provincia de Buenos Aires particip\u00f3 del Congreso Educativo de Ajedrez que se realiz\u00f3 en la ciudad balnearia y manifest\u00f3 sus deseos de ser el primer mandatario del pa\u00eds despu\u00e9s del 10 de diciembre, sin embargo aclar\u00f3: \u201cVer\u00e9 como peronista en qu\u00e9 lugar puedo hacer mi mayor\u2026","rel":"","context":"En \u00abPol\u00edtica\u00bb","block_context":{"text":"Pol\u00edtica","link":"http:\/\/www.24baires.com\/?cat=51"},"img":{"alt_text":"","src":"https:\/\/i0.wp.com\/www.24baires.com\/wp-content\/uploads\/2019\/05\/scioli-mar-del.jpg?resize=350%2C200","width":350,"height":200,"srcset":"https:\/\/i0.wp.com\/www.24baires.com\/wp-content\/uploads\/2019\/05\/scioli-mar-del.jpg?resize=350%2C200 1x, https:\/\/i0.wp.com\/www.24baires.com\/wp-content\/uploads\/2019\/05\/scioli-mar-del.jpg?resize=525%2C300 1.5x"},"classes":[]},{"id":105389,"url":"http:\/\/www.24baires.com\/?p=105389","url_meta":{"origin":59878,"position":2},"title":"Vidal prometi\u00f3 \u00abnueva propuesta\u00bb a docentes","author":"GB","date":"12\/11\/2018","format":false,"excerpt":"La gobernadora Mar\u00eda Eugenia Vidal asegur\u00f3 hoy que convocar\u00e1 a los gremios docentes antes de fin de a\u00f1o para hacerles una \"nueva propuesta\". Apunt\u00f3 contra la industria del juego y volvi\u00f3 a negar posible candidatura a presidenta. \"Vamos a volver a convocar a los docentes antes de fin de aa\u00f1o\u2026","rel":"","context":"En \u00abProvincia\u00bb","block_context":{"text":"Provincia","link":"http:\/\/www.24baires.com\/?cat=40"},"img":{"alt_text":"","src":"https:\/\/i0.wp.com\/www.24baires.com\/wp-content\/uploads\/2018\/03\/vidal-1.jpg?resize=350%2C200","width":350,"height":200,"srcset":"https:\/\/i0.wp.com\/www.24baires.com\/wp-content\/uploads\/2018\/03\/vidal-1.jpg?resize=350%2C200 1x, https:\/\/i0.wp.com\/www.24baires.com\/wp-content\/uploads\/2018\/03\/vidal-1.jpg?resize=525%2C300 1.5x"},"classes":[]},{"id":120181,"url":"http:\/\/www.24baires.com\/?p=120181","url_meta":{"origin":59878,"position":3},"title":"El Frente de Todos pasa a llamarse \u00abUni\u00f3n por la Patria\u00bb","author":"AF","date":"14\/06\/2023","format":false,"excerpt":"Los distintos sectores que componen el frente oficialista mantienen reuniones para definir, entre otras cosas, la constituci\u00f3n de su junta partidaria y el reglamento electoral que fijar\u00e1 pisos y porcentajes para la integraci\u00f3n de listas. El Frente de Todos (FdT) se llamar\u00e1 Uni\u00f3n por la Patria (UxP) en las pr\u00f3ximas\u2026","rel":"","context":"En \u00abPol\u00edtica\u00bb","block_context":{"text":"Pol\u00edtica","link":"http:\/\/www.24baires.com\/?cat=51"},"img":{"alt_text":"","src":"https:\/\/i0.wp.com\/www.24baires.com\/wp-content\/uploads\/2023\/06\/cfk-25-5.png?resize=350%2C200","width":350,"height":200,"srcset":"https:\/\/i0.wp.com\/www.24baires.com\/wp-content\/uploads\/2023\/06\/cfk-25-5.png?resize=350%2C200 1x, https:\/\/i0.wp.com\/www.24baires.com\/wp-content\/uploads\/2023\/06\/cfk-25-5.png?resize=525%2C300 1.5x, https:\/\/i0.wp.com\/www.24baires.com\/wp-content\/uploads\/2023\/06\/cfk-25-5.png?resize=700%2C400 2x, https:\/\/i0.wp.com\/www.24baires.com\/wp-content\/uploads\/2023\/06\/cfk-25-5.png?resize=1050%2C600 3x"},"classes":[]},{"id":31370,"url":"http:\/\/www.24baires.com\/?p=31370","url_meta":{"origin":59878,"position":4},"title":"Granados asumir\u00e1 la Seguridad bonaerense","author":"GB","date":"05\/09\/2013","format":false,"excerpt":"El gobernador de Buenos Aires, Daniel Scioli, dispuso desdoblar el Ministerio de Justicia. De esta forma el intendente de Ezeiza reemplazar\u00e1 a Ricardo Casal en Seguridad y \u00e9ste pasar\u00e1 a Justicia. Fue al entregar patrulleros. \u201cEstamos readecuando, en funci\u00f3n de las necesidades operativas, la organizaci\u00f3n y administraci\u00f3n de Justicia y\u2026","rel":"","context":"En \u00abProvincia\u00bb","block_context":{"text":"Provincia","link":"http:\/\/www.24baires.com\/?cat=40"},"img":{"alt_text":"","src":"","width":0,"height":0},"classes":[]},{"id":102717,"url":"http:\/\/www.24baires.com\/?p=102717","url_meta":{"origin":59878,"position":5},"title":"Stolbizer: \u00abLa gesti\u00f3n de Vidal es tan mala como la de Scioli\u00bb","author":"GB","date":"13\/06\/2018","format":false,"excerpt":"La l\u00edder del GEN endureci\u00f3 su discurso contra la Gobernadora y afirm\u00f3 que \"no puede mostrar avances\" en educaci\u00f3n, salud y seguridad. Margarita Stolbizer abandon\u00f3 el discurso conciliador con Mar\u00eda Eugenia Vidal y afirm\u00f3 que su gesti\u00f3n \"es tan mala\" como la de su antecesor Daniel Scioli. Durante una visita\u2026","rel":"","context":"En \u00abPol\u00edtica\u00bb","block_context":{"text":"Pol\u00edtica","link":"http:\/\/www.24baires.com\/?cat=51"},"img":{"alt_text":"","src":"https:\/\/i0.wp.com\/www.24baires.com\/wp-content\/uploads\/2016\/08\/vidal-stolbizer.jpg?resize=350%2C200","width":350,"height":200,"srcset":"https:\/\/i0.wp.com\/www.24baires.com\/wp-content\/uploads\/2016\/08\/vidal-stolbizer.jpg?resize=350%2C200 1x, https:\/\/i0.wp.com\/www.24baires.com\/wp-content\/uploads\/2016\/08\/vidal-stolbizer.jpg?resize=525%2C300 1.5x"},"classes":[]}],"jetpack_sharing_enabled":true,"jetpack_likes_enabled":true,"jetpack_featured_media_url":"","_links":{"self":[{"href":"http:\/\/www.24baires.com\/index.php?rest_route=\/wp\/v2\/posts\/59878","targetHints":{"allow":["GET"]}}],"collection":[{"href":"http:\/\/www.24baires.com\/index.php?rest_route=\/wp\/v2\/posts"}],"about":[{"href":"http:\/\/www.24baires.com\/index.php?rest_route=\/wp\/v2\/types\/post"}],"author":[{"embeddable":true,"href":"http:\/\/www.24baires.com\/index.php?rest_route=\/wp\/v2\/users\/11"}],"replies":[{"embeddable":true,"href":"http:\/\/www.24baires.com\/index.php?rest_route=%2Fwp%2Fv2%2Fcomments&post=59878"}],"version-history":[{"count":1,"href":"http:\/\/www.24baires.com\/index.php?rest_route=\/wp\/v2\/posts\/59878\/revisions"}],"predecessor-version":[{"id":59880,"href":"http:\/\/www.24baires.com\/index.php?rest_route=\/wp\/v2\/posts\/59878\/revisions\/59880"}],"wp:attachment":[{"href":"http:\/\/www.24baires.com\/index.php?rest_route=%2Fwp%2Fv2%2Fmedia&parent=59878"}],"wp:term":[{"taxonomy":"category","embeddable":true,"href":"http:\/\/www.24baires.com\/index.php?rest_route=%2Fwp%2Fv2%2Fcategories&post=59878"},{"taxonomy":"post_tag","embeddable":true,"href":"http:\/\/www.24baires.com\/index.php?rest_route=%2Fwp%2Fv2%2Ftags&post=59878"}],"curies":[{"name":"wp","href":"https:\/\/api.w.org\/{rel}","templated":true}]}}