{"id":59865,"date":"2015-01-10T13:30:01","date_gmt":"2015-01-10T16:30:01","guid":{"rendered":"http:\/\/www.24baires.com\/?p=59865"},"modified":"2015-01-10T11:27:00","modified_gmt":"2015-01-10T14:27:00","slug":"scioli-le-pidio-al-kirchnerismo-no-seamos-masoquistas","status":"publish","type":"post","link":"http:\/\/www.24baires.com\/?p=59865","title":{"rendered":"Scioli le pidi\u00f3 al kirchnerismo: \u00abNo seamos masoquistas\u00bb"},"content":{"rendered":"<p><img data-recalc-dims=\"1\" loading=\"lazy\" decoding=\"async\" class=\"aligncenter size-full wp-image-52695\" src=\"https:\/\/i0.wp.com\/www.24baires.com\/wp-content\/uploads\/2014\/08\/scioli5.jpg?resize=560%2C280\" alt=\"scioli5\" width=\"560\" height=\"280\" srcset=\"https:\/\/i0.wp.com\/www.24baires.com\/wp-content\/uploads\/2014\/08\/scioli5.jpg?w=560 560w, https:\/\/i0.wp.com\/www.24baires.com\/wp-content\/uploads\/2014\/08\/scioli5.jpg?resize=300%2C150 300w\" sizes=\"auto, (max-width: 560px) 100vw, 560px\" \/>Al cabo de una semana donde parte del kirchnerismo lo puso en la mira por su visita a un acto organizado por el Grupo Clar\u00edn, Daniel Scioli evit\u00f3 salir al cruce de los embates en su contra, pero pidi\u00f3 al Frente para la Victoria no ser \u00abmasoquistas\u00bb de cara a las elecciones.<!--more--><\/p>\n<p>En una entrevista con Dario Popular, Scioli mantuvo su agenda y fue claro en el mensaje al interior del FPV; en cambio, cuando se le pregunt\u00f3 puntualmente sobre Mart\u00edn Insaurralde, su reacci\u00f3n fue cortante: prefiri\u00f3 no hablar del intendente de Lomas.<\/p>\n<p>A continuaci\u00f3n algunos pasajes de la entrevista:<\/p>\n<p>&#8211; El intendente Gustavo Pulti lo defini\u00f3 como \u00abun vecino de la ciudad de Mar del Plata\u00bb -en el sentido figurado, por ser el gobernador y como tal, vecino de todos los partidos-, pero usted tiene un particular afecto por esta ciudad, \u00bfno es as\u00ed?<\/p>\n<p>&#8211; S\u00ed, es una ciudad que marc\u00f3 mi vida para siempre. Desde muy chico, cuando ven\u00eda para ac\u00e1 con mis abuelos y mis padres; luego marc\u00f3 el comienzo de mi carrera deportiva, y tambi\u00e9n el comienzo de mi carrera pol\u00edtica. Luego, como secretario de Turismo y Deportes la promovimos de una manera especial, por toda la situaci\u00f3n que vivi\u00f3 esta ciudad, un momento traum\u00e1tico en lo social, en lo econ\u00f3mico, en lo colectivo En los peores momentos de la crisis nacional, sufri\u00f3 mucho Mar del Plata. Por eso le pusimos mucho \u00e9nfasis en recuperar su dinamismo, no solamente el tur\u00edstico, sino sus sectores productivos, su infraestructura para el turismo. As\u00ed que como gobernador, si bien para todos los municipios busco lo mejor, en el caso particular de Mar del Plata tengo un compromiso que va m\u00e1s all\u00e1 de lo institucional.<\/p>\n<p>&#8211; \u00bfDesde los 7 a\u00f1os viene a Mar del Plata?<\/p>\n<p>&#8211; As\u00ed es Bueno, ah\u00ed est\u00e1 la casa de mi abuela, que est\u00e1 igual que en aquel momento<\/p>\n<p>&#8211; \u00bfD\u00f3nde est\u00e1?<\/p>\n<p>&#8211; En la zona de La Perla. Enfrente est\u00e1 el Museo de Arte Contempor\u00e1neo, que es una obra de infraestructura cultural maravillosa. Que da la posibilidad de acceder a la cultura y es un museo de vanguardia, y ese lugar a m\u00ed me trajo muchos recuerdos muy lindos.<\/p>\n<p>&#8211; Este verano se lo ve permanentemente en la costa, pero de vacaciones ni hablar, \u00bfno?<\/p>\n<p>&#8211; A m\u00ed me gusta mucho trabajar. Yo tengo una responsabilidad que es cuidar a toda la gente que est\u00e1 ac\u00e1, en este momento, por eso mi satisfacci\u00f3n de que salga bien todo lo que hemos organizado, planificado, en materia de salud, de seguridad, un Operativo Sol con resultados contundentes<\/p>\n<p>&#8211; D\u00edas pasados se lo vio en una fotograf\u00eda nadando en el mar, y uno imaginar\u00eda que despu\u00e9s una experiencia traum\u00e1tica como el accidente que sufri\u00f3 deber\u00eda haberle quedado un resquemor. \u00bfC\u00f3mo se sac\u00f3 ese temor?<\/p>\n<p>&#8211; Mi primer deporte fue la nataci\u00f3n, yo fui campe\u00f3n argentino de 200 metros pecho, pero siempre que vengo a Mar del Plata me gusta, cuando puedo, salir a nadar un poco, porque me hace bien. Particularmente a toda la zona de la amputaci\u00f3n que yo tuve. Y aparte yo tengo una manera de trabajar, que en este caso es estar cerca de los guardavidas, como tambi\u00e9n hablo con los turistas, les preguntamos c\u00f3mo est\u00e1n, qu\u00e9 m\u00e1s necesitan para estar mejor, y as\u00ed van saliendo las ideas, las decisiones de gesti\u00f3n. Y el deporte forma parte de mi vida, para mantener un equilibrio f\u00edsico, ps\u00edquico, por la enorme responsabilidad que yo tengo.<\/p>\n<p>&#8211; \u00bfHay m\u00e1s riesgos en la pol\u00edtica, o sobre una lancha a 180 km\/h?<\/p>\n<p>&#8211; El deporte es una gran escuela de vida, y yo he practicado un deporte que exig\u00eda organizaci\u00f3n, que ten\u00eda las presiones permanentes de pasar una ola de 2 metros y medio a 200 kil\u00f3metros por hora; un deporte que exig\u00eda planificaci\u00f3n, y eso me marc\u00f3 obviamente en mi m\u00e9todo de trabajo. Un deporte que exig\u00eda mucha perseverancia, mucha voluntad Y la pol\u00edtica es voluntad.<\/p>\n<p>&#8211; \u00bfLe sorprende la pol\u00e9mica que se arm\u00f3 en torno a la visita que hizo al Espacio Clar\u00edn?<\/p>\n<p>-(Frunce el ce\u00f1o) Mire, en un a\u00f1o muy sensible, tambi\u00e9n electoral, cuestiones que a veces forman parte de mi rutina (Analiza sus palabras un instante). En este caso, era la oportunidad de compartir con elencos, que han vuelto a Mar del Plata muchos de ellos No le den otra lectura, estamos hablando de un lugar cultural, con elencos art\u00edsticos. Pero bueno, todos saben de mi coherencia, mi compromiso, y mi sentido de la responsabilidad en las cosas importantes.<\/p>\n<p>&#8211; Son varios los candidatos del Frente para la Victoria que piensan que Cristina va a se\u00f1alar a uno en particular antes de junio. \u00bfUsted piensa que puede darse esa situaci\u00f3n, o que no va a definirse por nadie?<\/p>\n<p>&#8211; No, yo no puedo aventurar cuestiones, hoy por hoy la verdad que mi tiempo est\u00e1 dedicado a esto en lo que ustedes me ven todos los d\u00edas: estar en cada rinc\u00f3n de la costa atl\u00e1ntica, la sierra, estar en todos lados, para ir supervisando que todo lo que he planificado est\u00e1 dando los resultados que esperaba. Y por lo dem\u00e1s, las reglas de juego son claras: las PASO son obligatorias para todos los partidos, lo importante es que haya propuestas superadoras, de colaboraci\u00f3n, no de confrontaci\u00f3n, actitudes constructivas, no destructivas, de todos los sectores. Yo creo que todos los espacios pol\u00edticos tenemos una enorme responsabilidad de cara al pa\u00eds, especialmente cuando se ha avanzado tanto y se ha transformado tanto la Argentina. Entonces sobre eso tenemos que ver ahora, hacia el futuro, c\u00f3mo podemos ir haci\u00e9ndolo cada vez mejor; de eso se trata, por lo menos ese va a ser el sentido de mis acciones en cuanto a las iniciativas que yo vaya tomando de cara al futuro.<\/p>\n<p>&#8211; Los otros candidatos del FpV lo han criticado mucho a usted a partir de lo que sucedi\u00f3. \u00bfUsted le contesta a alguno?<\/p>\n<p>&#8211; No, es en el marco de la campa\u00f1a, donde uno dice una cosa, otro Mire, si hay alguien que tiene coherencia, previsibilidad, inspira confianza, y a la hora de la verdad, cualquiera de las decisiones pol\u00edticas, que son las que han permitido transformar al pa\u00eds y llegar a esta instancia, ha tenido un fuerte compromiso, soy yo, que nace cuando N\u00e9stor (Kirchner) me ha confiado tantas veces responsabilidades, y Cristina me ha respaldado, y as\u00ed fuimos transitando Muchas veces puede haber alguna situaci\u00f3n que se preste a otras lecturas, alguna cuesti\u00f3n que se fogonee de alg\u00fan sector interno para tratar de generar alg\u00fan conflicto Pero yo les pido a mis compa\u00f1eras y mis compa\u00f1eros, a los peronistas, a todos los sectores que estamos en el Frente para la Victoria, que en el final del camino tengamos un esp\u00edritu de unidad, que es lo que nos va a llevar de vuelta a la confianza de los argentinos, para alcanzar la victoria. Que los adversarios no est\u00e1n adentro, los adversarios est\u00e1n afuera, y eso es lo que tenemos que combatir. Yo pido eso: que no seamos masoquistas, hicimos un gran trabajo durante 2014, nacional, las provincias, los gobernadores, de militancia; hemos venido remontando la situaci\u00f3n que en 2013 parec\u00eda adversa, y se han generado condiciones socioecon\u00f3micas, pol\u00edticas, para alcanzar un nuevo triunfo. Entonces, si hemos recuperado una m\u00edstica, hemos recuperado una gran movilizaci\u00f3n de todos los sectores Bueno, busquemos con sentido de responsabilidad, y eso es lo que yo busco preservar en todo momento, y de nada contribuir\u00eda que yo me enrosque en todas esas situaciones.<\/p>\n<p>&#8211; Una elecci\u00f3n clave que va a haber este a\u00f1o tambi\u00e9n es obviamente la de la provincia de Buenos Aires. \u00bfVa a jugar con alg\u00fan candidato a gobernador en particular?<\/p>\n<p>&#8211; Yo en primer lugar, como aspiro a lo nacional, tambi\u00e9n a lo provincial, de c\u00f3mo el pr\u00f3ximo gobernador pueda tomar la posta y hacerlo a\u00fan mejor, complementar los cambios y la transformaci\u00f3n en la provincia, como est\u00e1 ocurriendo a nivel nacional. Es una provincia que ha avanzado en distintos aspectos. Hay candidatos con una clara vocaci\u00f3n, cuyos mensajes representan eso.<\/p>\n<p>&#8211; \u00bfConf\u00eda en que Insaurralde termine siendo candidato a gobernador del FpV?<\/p>\n<p>&#8211; No voy a hacer ning\u00fan comentario, ning\u00fan comentario<\/p>\n<p>&#8211; \u00bfQu\u00e9 pasa si la Presidenta, como todo indica, quiere armar las listas legislativas? &#8211; No hagamos futurolog\u00eda, yo no voy a entrar en ese tipo de especulaciones que se est\u00e1n haciendo, porque yo en la vida me muevo con la buena fe, las buenas intenciones, pensando que todos siempre buscan lo mejor, as\u00ed que mi mensaje de fondo es el que le acabo de decir.<\/p>\n<p>&#8211; \u00bfImagina que Cristina va a terminar siendo candidata?<\/p>\n<p>&#8211; Son an\u00e1lisis, decisiones, y evaluaciones que har\u00e1 la Presidenta<\/p>\n<p>&#8211; Imaginemos que usted llega a la Presidencia, \u00bfel peronismo se encolumnar\u00e1, como hace habitualmente, detr\u00e1s del presidente?<\/p>\n<p>&#8211; Yo creo que ha cambiado estos a\u00f1os el concepto de proyecto colectivo. Todos tenemos una gran responsabilidad de llevar esto al gran cap\u00edtulo del desarrollo, que es lo que se viene dentro de este modelo productivo.<\/p>\n<p>&#8211; \u00bfHay alguna posibilidad de que usted vaya a buscar luego de una eventual victoria la transversalidad?<\/p>\n<p>&#8211; El esp\u00edritu del Frente para la Victoria ha sido ese, la convergencia de los sectores sociales, econ\u00f3micos, productivos, que entienden que hay que seguir con el desendeudamiento, con la reindustrializaci\u00f3n, con pol\u00edticas de derechos humanos, alcanzar la soberan\u00eda energ\u00e9tica, desarrollar la miner\u00eda sustentable, seguir promoviendo el turismo, fortalecer y consolidar los logros, pujanza productiva, inclusi\u00f3n social<\/p>\n<p>&#8211; Todo parece indicar que el problema con los holdouts no se va a arreglar en breve. \u00bfCree que va a quedar para el pr\u00f3ximo presidente la soluci\u00f3n a eso?<\/p>\n<p>&#8211; A m\u00ed me parece muy inteligente, de cara a los intereses del pa\u00eds, buscando la sustentabilidad social, la estrategia que se est\u00e1 llevando adelante.<\/p>\n<p>&#8211; La provincia estaba esperando ese acuerdo para tomar deuda. Ese acuerdo finalmente no lleg\u00f3, \u00bfva a tomar deuda durante el presente a\u00f1o?<\/p>\n<p>&#8211; Lo iremos evaluando, iremos evaluando las distintas condiciones del mercado, buscamos siempre articular estas pol\u00edticas con el Gobierno nacional.<\/p>\n<p>&#8211; \u00bfCu\u00e1ndo va a definir a su candidato a vicepresidente?<\/p>\n<p>&#8211; Falta mucho tiempo, muchos meses todav\u00eda.<\/p>\n<p>&#8211; Algunos dicen que Cristina podr\u00eda llegar a imponer un nombre, \u00bfusted qu\u00e9 har\u00eda en ese caso?<\/p>\n<p>&#8211; No quiero hacer especulaciones sobre un tema que Mire toda la gente que tenemos ac\u00e1, ya le expliqu\u00e9 conceptualmente lo que yo pienso, y creo que a partir de eso es lo importante, la cuesti\u00f3n de fondo.<\/p>\n<p>&#8211; \u00bfCu\u00e1les son los temas clave que cree que encontrar\u00eda como presidente?<\/p>\n<p>&#8211; Un pa\u00eds transformado, desendeudado, organizado Hay por delante perspectivas muy buenas para el pa\u00eds. Una Argentina que tiene materia gris, que tenemos materias primas, que tenemos que alentar inversiones.<\/p>\n<p>&nbsp;<\/p>\n<p>&nbsp;<\/p>\n<p>&nbsp;<\/p>\n<p>&nbsp;<\/p>\n<p>&nbsp;<\/p>\n<p>&nbsp;<\/p>\n<p>&nbsp;<\/p>\n<p>&nbsp;<\/p>\n<p>&nbsp;<\/p>\n<p>&nbsp;<\/p>\n<p>&nbsp;<\/p>\n<p>&nbsp;<\/p>\n<p>&nbsp;<\/p>\n<p>&nbsp;<\/p>\n<p>&nbsp;<\/p>\n","protected":false},"excerpt":{"rendered":"<p>Al cabo de una semana donde parte del kirchnerismo lo puso en la mira por su visita a un acto organizado por el Grupo Clar\u00edn, Daniel Scioli evit\u00f3 salir al cruce de los embates en su contra, pero pidi\u00f3 al Frente para la Victoria no ser \u00abmasoquistas\u00bb de cara a las elecciones.<\/p>\n","protected":false},"author":4,"featured_media":0,"comment_status":"open","ping_status":"open","sticky":false,"template":"","format":"standard","meta":{"_jetpack_newsletter_access":"","_jetpack_dont_email_post_to_subs":false,"_jetpack_newsletter_tier_id":0,"_jetpack_memberships_contains_paywalled_content":false,"_jetpack_memberships_contains_paid_content":false,"footnotes":""},"categories":[51],"tags":[],"class_list":["post-59865","post","type-post","status-publish","format-standard","hentry","category-politica"],"jetpack_shortlink":"https:\/\/wp.me\/p2JWE0-fzz","jetpack-related-posts":[{"id":108387,"url":"http:\/\/www.24baires.com\/?p=108387","url_meta":{"origin":59865,"position":0},"title":"Scioli ratific\u00f3 su candidatura presidencial","author":"GB","date":"25\/05\/2019","format":false,"excerpt":"El exgobernador de la Provincia de Buenos Aires particip\u00f3 del Congreso Educativo de Ajedrez que se realiz\u00f3 en la ciudad balnearia y manifest\u00f3 sus deseos de ser el primer mandatario del pa\u00eds despu\u00e9s del 10 de diciembre, sin embargo aclar\u00f3: \u201cVer\u00e9 como peronista en qu\u00e9 lugar puedo hacer mi mayor\u2026","rel":"","context":"En \u00abPol\u00edtica\u00bb","block_context":{"text":"Pol\u00edtica","link":"http:\/\/www.24baires.com\/?cat=51"},"img":{"alt_text":"","src":"https:\/\/i0.wp.com\/www.24baires.com\/wp-content\/uploads\/2019\/05\/scioli-mar-del.jpg?resize=350%2C200","width":350,"height":200,"srcset":"https:\/\/i0.wp.com\/www.24baires.com\/wp-content\/uploads\/2019\/05\/scioli-mar-del.jpg?resize=350%2C200 1x, https:\/\/i0.wp.com\/www.24baires.com\/wp-content\/uploads\/2019\/05\/scioli-mar-del.jpg?resize=525%2C300 1.5x"},"classes":[]},{"id":102620,"url":"http:\/\/www.24baires.com\/?p=102620","url_meta":{"origin":59865,"position":1},"title":"Agust\u00edn Rossi critic\u00f3 el acuerdo con el FMI y dijo que fue \u00abun error de Macri\u00bb","author":"AF","date":"08\/06\/2018","format":false,"excerpt":"El diputado explic\u00f3 antes de ingresar Congreso Peron\u00edsta en Ferro : \"nos va a generar much\u00edsimo dolor al conjunto de los argentinos, ning\u00fan pa\u00eds del mundo celebra un acuerdo con el FMI\". El diputado Agust\u00edn Rossi critic\u00f3 el acuerdo con el FMI y dijo que fue \"un error\" de Macri:\u2026","rel":"","context":"En \u00abPol\u00edtica\u00bb","block_context":{"text":"Pol\u00edtica","link":"http:\/\/www.24baires.com\/?cat=51"},"img":{"alt_text":"","src":"https:\/\/i0.wp.com\/www.24baires.com\/wp-content\/uploads\/2015\/02\/rossi1.jpg?resize=350%2C200","width":350,"height":200,"srcset":"https:\/\/i0.wp.com\/www.24baires.com\/wp-content\/uploads\/2015\/02\/rossi1.jpg?resize=350%2C200 1x, https:\/\/i0.wp.com\/www.24baires.com\/wp-content\/uploads\/2015\/02\/rossi1.jpg?resize=525%2C300 1.5x"},"classes":[]},{"id":106709,"url":"http:\/\/www.24baires.com\/?p=106709","url_meta":{"origin":59865,"position":2},"title":"Vidal inaugur\u00f3 obras hidr\u00e1ulicas en La Plata","author":"GB","date":"06\/02\/2019","format":false,"excerpt":"En tono de campa\u00f1a y con fuertes cr\u00edticas a la gesti\u00f3n anterior, la gobernadora Mar\u00eda Eugenia Vidal inaugur\u00f3 hoy obras hidr\u00e1ulicas en la ciudad de La Plata, donde en 2013 una inundaci\u00f3n caus\u00f3 la muerte de 89 personas. Junto al intendente local Julio Garro, Vidal inaugur\u00f3 hoy el ensanche y\u2026","rel":"","context":"En \u00abProvincia\u00bb","block_context":{"text":"Provincia","link":"http:\/\/www.24baires.com\/?cat=40"},"img":{"alt_text":"","src":"https:\/\/i0.wp.com\/www.24baires.com\/wp-content\/uploads\/2019\/02\/vidal-en-la-plata-300x200.jpg?resize=350%2C200","width":350,"height":200},"classes":[]},{"id":108334,"url":"http:\/\/www.24baires.com\/?p=108334","url_meta":{"origin":59865,"position":3},"title":"Lavagna: \u00abNi Cristina ni cambiemos\u00bb","author":"AF","date":"22\/05\/2019","format":false,"excerpt":"\"Recibimos a los radicales que no se sientan representados por el PRO\", sostuvo por C5N el candidato presidencial por Consenso 19, quien remarc\u00f3 que el kirchnerismo \"no puede recibir nada de nosotros\". El ex ministro de Econom\u00eda Roberto Lavagna ratific\u00f3 este mi\u00e9rcoles por la tarde su precandidatura presidencial por Consenso\u2026","rel":"","context":"En \u00abPol\u00edtica\u00bb","block_context":{"text":"Pol\u00edtica","link":"http:\/\/www.24baires.com\/?cat=51"},"img":{"alt_text":"","src":"https:\/\/i0.wp.com\/www.24baires.com\/wp-content\/uploads\/2013\/12\/lavagna-solo.jpg?resize=350%2C200","width":350,"height":200,"srcset":"https:\/\/i0.wp.com\/www.24baires.com\/wp-content\/uploads\/2013\/12\/lavagna-solo.jpg?resize=350%2C200 1x, https:\/\/i0.wp.com\/www.24baires.com\/wp-content\/uploads\/2013\/12\/lavagna-solo.jpg?resize=525%2C300 1.5x"},"classes":[]},{"id":112427,"url":"http:\/\/www.24baires.com\/?p=112427","url_meta":{"origin":59865,"position":4},"title":"Vidal se adjudic\u00f3 obras del R\u00edo Areco y Dura\u00f1ona sali\u00f3 a cruzarla: \u201cVos las frenaste\u201d","author":"GB","date":"09\/10\/2019","format":false,"excerpt":"Las redes sociales se hicieron eco de la embestida del intendente y en minutos llovieron mensajes contra la gobernadora. Tras supervisar y adjudicarse el avance de una obra hidr\u00e1ulica en San Antonio de Areco, el intendente local, Francisco \u201cPaco\u201d Dura\u00f1ona, sali\u00f3 a contradecirla. \u201cNos toc\u00f3 un d\u00eda incre\u00edble para ir\u2026","rel":"","context":"En \u00abProvincia\u00bb","block_context":{"text":"Provincia","link":"http:\/\/www.24baires.com\/?cat=40"},"img":{"alt_text":"","src":"https:\/\/i0.wp.com\/www.24baires.com\/wp-content\/uploads\/2019\/10\/VIDAL.jpg?resize=350%2C200","width":350,"height":200,"srcset":"https:\/\/i0.wp.com\/www.24baires.com\/wp-content\/uploads\/2019\/10\/VIDAL.jpg?resize=350%2C200 1x, https:\/\/i0.wp.com\/www.24baires.com\/wp-content\/uploads\/2019\/10\/VIDAL.jpg?resize=525%2C300 1.5x"},"classes":[]},{"id":101122,"url":"http:\/\/www.24baires.com\/?p=101122","url_meta":{"origin":59865,"position":5},"title":"Indagar\u00e1n a Scioli por irregularidades en la construcci\u00f3n de las UPA 24","author":"AF","date":"17\/03\/2018","format":false,"excerpt":"El ex gobernador Daniel Scioli y quien fuera su ministro de Salud, Alejandro Collia, fueron imputados y citados a prestar declaraci\u00f3n indagatoria en el marco de una causa que investiga presuntas irregularidades en la adjudicaci\u00f3n de ocho Unidades de Pronta Atenci\u00f3n (UPA 24) para las que se destinaron m\u00e1s de\u2026","rel":"","context":"En \u00abJUDICIALES\u00bb","block_context":{"text":"JUDICIALES","link":"http:\/\/www.24baires.com\/?cat=68"},"img":{"alt_text":"","src":"https:\/\/i0.wp.com\/www.24baires.com\/wp-content\/uploads\/2014\/05\/Daniel-Scioli.jpg?resize=350%2C200","width":350,"height":200,"srcset":"https:\/\/i0.wp.com\/www.24baires.com\/wp-content\/uploads\/2014\/05\/Daniel-Scioli.jpg?resize=350%2C200 1x, https:\/\/i0.wp.com\/www.24baires.com\/wp-content\/uploads\/2014\/05\/Daniel-Scioli.jpg?resize=525%2C300 1.5x"},"classes":[]}],"jetpack_sharing_enabled":true,"jetpack_likes_enabled":true,"jetpack_featured_media_url":"","_links":{"self":[{"href":"http:\/\/www.24baires.com\/index.php?rest_route=\/wp\/v2\/posts\/59865","targetHints":{"allow":["GET"]}}],"collection":[{"href":"http:\/\/www.24baires.com\/index.php?rest_route=\/wp\/v2\/posts"}],"about":[{"href":"http:\/\/www.24baires.com\/index.php?rest_route=\/wp\/v2\/types\/post"}],"author":[{"embeddable":true,"href":"http:\/\/www.24baires.com\/index.php?rest_route=\/wp\/v2\/users\/4"}],"replies":[{"embeddable":true,"href":"http:\/\/www.24baires.com\/index.php?rest_route=%2Fwp%2Fv2%2Fcomments&post=59865"}],"version-history":[{"count":1,"href":"http:\/\/www.24baires.com\/index.php?rest_route=\/wp\/v2\/posts\/59865\/revisions"}],"predecessor-version":[{"id":59866,"href":"http:\/\/www.24baires.com\/index.php?rest_route=\/wp\/v2\/posts\/59865\/revisions\/59866"}],"wp:attachment":[{"href":"http:\/\/www.24baires.com\/index.php?rest_route=%2Fwp%2Fv2%2Fmedia&parent=59865"}],"wp:term":[{"taxonomy":"category","embeddable":true,"href":"http:\/\/www.24baires.com\/index.php?rest_route=%2Fwp%2Fv2%2Fcategories&post=59865"},{"taxonomy":"post_tag","embeddable":true,"href":"http:\/\/www.24baires.com\/index.php?rest_route=%2Fwp%2Fv2%2Ftags&post=59865"}],"curies":[{"name":"wp","href":"https:\/\/api.w.org\/{rel}","templated":true}]}}