{"id":59811,"date":"2015-01-09T13:00:16","date_gmt":"2015-01-09T16:00:16","guid":{"rendered":"http:\/\/www.24baires.com\/?p=59811"},"modified":"2015-01-09T12:36:31","modified_gmt":"2015-01-09T15:36:31","slug":"scioli-desarrollo-actividad-de-seguridad-en-tandil","status":"publish","type":"post","link":"http:\/\/www.24baires.com\/?p=59811","title":{"rendered":"Scioli desarroll\u00f3 actividad de seguridad en Tandil"},"content":{"rendered":"<p><img data-recalc-dims=\"1\" loading=\"lazy\" decoding=\"async\" class=\"aligncenter size-full wp-image-52695\" src=\"https:\/\/i0.wp.com\/www.24baires.com\/wp-content\/uploads\/2014\/08\/scioli5.jpg?resize=560%2C280\" alt=\"scioli5\" width=\"560\" height=\"280\" srcset=\"https:\/\/i0.wp.com\/www.24baires.com\/wp-content\/uploads\/2014\/08\/scioli5.jpg?w=560 560w, https:\/\/i0.wp.com\/www.24baires.com\/wp-content\/uploads\/2014\/08\/scioli5.jpg?resize=300%2C150 300w\" sizes=\"auto, (max-width: 560px) 100vw, 560px\" \/>El gobernador Daniel Scioli, desarroll\u00f3 hoy una serie de actividades de seguridad en la ciudad de Tandil, acompa\u00f1ado por el intendente radical, Miguel Lunghi, en la que puso en marcha el edificio de Comando de Prevenci\u00f3n Rural (CPR), y la Subcoordinaci\u00f3n de Seguridad de dicha dependencia.<!--more--><\/p>\n<p>En ese marco, entreg\u00f3 patrullas y dio inicio al ciclo lectivo de la Polic\u00eda de Prevenci\u00f3n Local de ese sitio.<\/p>\n<p>Estuvo presente tambi\u00e9n el ministro de Seguridad, Alejandro Granados, con quien se firm\u00f3 un convenio por el cual este municipio se suma a los comando de patrullas rurales.<\/p>\n<p>Asimismo, se hizo entrega de 4 m\u00f3viles patrulleros para la Jefatura Distrital Tandil, y 3 m\u00f3viles patrulleros para la Patrulla Rural de Tandil.<\/p>\n<p>&nbsp;<\/p>\n<p>&nbsp;<\/p>\n<p>&nbsp;<\/p>\n<p>&nbsp;<\/p>\n<p>&nbsp;<\/p>\n<p>&nbsp;<\/p>\n<p>&nbsp;<\/p>\n<p>&nbsp;<\/p>\n<p>&nbsp;<\/p>\n<p>&nbsp;<\/p>\n<p>&nbsp;<\/p>\n","protected":false},"excerpt":{"rendered":"<p>El gobernador Daniel Scioli, desarroll\u00f3 hoy una serie de actividades de seguridad en la ciudad de Tandil, acompa\u00f1ado por el intendente radical, Miguel Lunghi, en la que puso en marcha el edificio de Comando de Prevenci\u00f3n Rural (CPR), y la Subcoordinaci\u00f3n de Seguridad de dicha dependencia.<\/p>\n","protected":false},"author":8,"featured_media":0,"comment_status":"open","ping_status":"open","sticky":false,"template":"","format":"standard","meta":{"_jetpack_newsletter_access":"","_jetpack_dont_email_post_to_subs":false,"_jetpack_newsletter_tier_id":0,"_jetpack_memberships_contains_paywalled_content":false,"_jetpack_memberships_contains_paid_content":false,"footnotes":""},"categories":[51],"tags":[],"class_list":["post-59811","post","type-post","status-publish","format-standard","hentry","category-politica"],"jetpack_shortlink":"https:\/\/wp.me\/p2JWE0-fyH","jetpack-related-posts":[{"id":101772,"url":"http:\/\/www.24baires.com\/?p=101772","url_meta":{"origin":59811,"position":0},"title":"El intendente de Florencio Varela critic\u00f3 a Patricia Bullrich y pidi\u00f3 seguridad","author":"GB","date":"24\/04\/2018","format":false,"excerpt":"El jefe comunal mantuvo una reuni\u00f3n con la polic\u00eda de ese distrito y funcionarios municipales ante la preocupaci\u00f3n de los vecinos. En ese marco apunt\u00f3 contra la Ministra de Seguridad de la Naci\u00f3n. El Intendente de Florencio Varela, Andr\u00e9s Watson, se reuni\u00f3 ayer por la tarde con las fuerzas de\u2026","rel":"","context":"En \u00abMunicipios\u00bb","block_context":{"text":"Municipios","link":"http:\/\/www.24baires.com\/?cat=44"},"img":{"alt_text":"","src":"https:\/\/i0.wp.com\/www.24baires.com\/wp-content\/uploads\/2018\/04\/int-florencio-varela.jpg?resize=350%2C200","width":350,"height":200,"srcset":"https:\/\/i0.wp.com\/www.24baires.com\/wp-content\/uploads\/2018\/04\/int-florencio-varela.jpg?resize=350%2C200 1x, https:\/\/i0.wp.com\/www.24baires.com\/wp-content\/uploads\/2018\/04\/int-florencio-varela.jpg?resize=525%2C300 1.5x"},"classes":[]},{"id":116513,"url":"http:\/\/www.24baires.com\/?p=116513","url_meta":{"origin":59811,"position":1},"title":"Tandil ingresa al \u00abEstad\u00edo Rojo\u00bb para extremar medidas por el coronavirus","author":"GB","date":"21\/10\/2020","format":false,"excerpt":"Tandil anunci\u00f3 que a partir del mi\u00e9rcoles pasar\u00e1 al \"Estad\u00edo Rojo\" del sistema integral para enfrentar la pandemia de coronavirus, de acuerdo a la determinaci\u00f3n adoptada por el Comit\u00e9 de Seguimiento del Covid-19. La medida, adoptada tras evaluarse la situaci\u00f3n sanitaria y los principales indicadores, regir\u00e1 en principio hasta el\u2026","rel":"","context":"En \u00abMunicipios\u00bb","block_context":{"text":"Municipios","link":"http:\/\/www.24baires.com\/?cat=44"},"img":{"alt_text":"","src":"https:\/\/i0.wp.com\/www.24baires.com\/wp-content\/uploads\/2020\/08\/comercio-pandemia.jpeg?resize=350%2C200","width":350,"height":200,"srcset":"https:\/\/i0.wp.com\/www.24baires.com\/wp-content\/uploads\/2020\/08\/comercio-pandemia.jpeg?resize=350%2C200 1x, https:\/\/i0.wp.com\/www.24baires.com\/wp-content\/uploads\/2020\/08\/comercio-pandemia.jpeg?resize=525%2C300 1.5x"},"classes":[]},{"id":115696,"url":"http:\/\/www.24baires.com\/?p=115696","url_meta":{"origin":59811,"position":2},"title":"Kicillof convoc\u00f3 a las entidades del campo para hablar de seguridad rural","author":"GB","date":"21\/07\/2020","format":false,"excerpt":"El gobernador encabez\u00f3 esta ma\u00f1ana un encuentro con representantes de entidades del sector agropecuario para trabajar en medidas coordinadas para la prevenci\u00f3n del delito rural. El gobernador bonaerense, Axel Kicillof, puso en marcha una mesa de trabajo junto al ministro de Desarrollo Agrario, Javier Rodr\u00edguez, y su par de Seguridad,\u2026","rel":"","context":"En \u00abProvincia\u00bb","block_context":{"text":"Provincia","link":"http:\/\/www.24baires.com\/?cat=40"},"img":{"alt_text":"","src":"https:\/\/i0.wp.com\/www.24baires.com\/wp-content\/uploads\/2020\/07\/kici-seguridad.jpg?resize=350%2C200","width":350,"height":200,"srcset":"https:\/\/i0.wp.com\/www.24baires.com\/wp-content\/uploads\/2020\/07\/kici-seguridad.jpg?resize=350%2C200 1x, https:\/\/i0.wp.com\/www.24baires.com\/wp-content\/uploads\/2020\/07\/kici-seguridad.jpg?resize=525%2C300 1.5x"},"classes":[]},{"id":121162,"url":"http:\/\/www.24baires.com\/?p=121162","url_meta":{"origin":59811,"position":3},"title":"Kicillof presentar\u00e1 el operativo \u201cescudo del norte\u201d contra los narcos","author":"GB","date":"25\/03\/2024","format":false,"excerpt":"El gobernador de la provincia de Buenos Aires implementar\u00e1 medidas para combatir el narcotr\u00e1fico en la regi\u00f3n norte bonaerense, presentando el \"escudo del norte\" en San Nicol\u00e1s para prevenir el ingreso de narcotraficantes desde Rosario. En respuesta a la creciente preocupaci\u00f3n por el aumento del narcotr\u00e1fico en la regi\u00f3n norte\u2026","rel":"","context":"En \u00abProvincia\u00bb","block_context":{"text":"Provincia","link":"http:\/\/www.24baires.com\/?cat=40"},"img":{"alt_text":"","src":"https:\/\/i0.wp.com\/www.24baires.com\/wp-content\/uploads\/2024\/03\/gendarmeria.webp?resize=350%2C200","width":350,"height":200,"srcset":"https:\/\/i0.wp.com\/www.24baires.com\/wp-content\/uploads\/2024\/03\/gendarmeria.webp?resize=350%2C200 1x, https:\/\/i0.wp.com\/www.24baires.com\/wp-content\/uploads\/2024\/03\/gendarmeria.webp?resize=525%2C300 1.5x, https:\/\/i0.wp.com\/www.24baires.com\/wp-content\/uploads\/2024\/03\/gendarmeria.webp?resize=700%2C400 2x"},"classes":[]},{"id":116172,"url":"http:\/\/www.24baires.com\/?p=116172","url_meta":{"origin":59811,"position":4},"title":"Pese al anuncio de aumentos, contin\u00faa la protesta de polic\u00edas","author":"AF","date":"09\/09\/2020","format":false,"excerpt":"A pesar del anuncio de ayer del jefe de Gabinete bonaerense, cientos de efectivos permanecieron anoche y continuaban hoy concentrados en Puerta 12 y otras dependencias, a la espera del anuncio oficial que podr\u00eda concretarse ma\u00f1ana. Efectivos de la polic\u00eda bonaerense permanec\u00edan esta ma\u00f1ana concentrados en las puertas del Centro\u2026","rel":"","context":"En \u00abProvincia\u00bb","block_context":{"text":"Provincia","link":"http:\/\/www.24baires.com\/?cat=40"},"img":{"alt_text":"","src":"https:\/\/i0.wp.com\/www.24baires.com\/wp-content\/uploads\/2020\/09\/5f58c5d77c51d_1004x565.jpg?resize=350%2C200","width":350,"height":200,"srcset":"https:\/\/i0.wp.com\/www.24baires.com\/wp-content\/uploads\/2020\/09\/5f58c5d77c51d_1004x565.jpg?resize=350%2C200 1x, https:\/\/i0.wp.com\/www.24baires.com\/wp-content\/uploads\/2020\/09\/5f58c5d77c51d_1004x565.jpg?resize=525%2C300 1.5x"},"classes":[]},{"id":105111,"url":"http:\/\/www.24baires.com\/?p=105111","url_meta":{"origin":59811,"position":5},"title":"Tandil: buscan a un joven cuyo auto apareci\u00f3 incendiado y con restos de sangre","author":"AF","date":"25\/10\/2018","format":false,"excerpt":"Jorge Bustamante sali\u00f3 el mi\u00e9rcoles por la madrugada hacia la Ciudad de Buenos Aires pero el coche apareci\u00f3 apuntando hacia otra direcci\u00f3n. Tandil es escenario de un fuerte operativo de b\u00fasqueda de un joven de 24 a\u00f1os que sali\u00f3 el mi\u00e9rcoles a la 1.30 de la madrugada hacia la Ciudad\u2026","rel":"","context":"En \u00abPoliciales\u00bb","block_context":{"text":"Policiales","link":"http:\/\/www.24baires.com\/?cat=49"},"img":{"alt_text":"","src":"https:\/\/i0.wp.com\/www.24baires.com\/wp-content\/uploads\/2018\/10\/b%C3%BAsqueda.jpeg?resize=350%2C200","width":350,"height":200,"srcset":"https:\/\/i0.wp.com\/www.24baires.com\/wp-content\/uploads\/2018\/10\/b%C3%BAsqueda.jpeg?resize=350%2C200 1x, https:\/\/i0.wp.com\/www.24baires.com\/wp-content\/uploads\/2018\/10\/b%C3%BAsqueda.jpeg?resize=525%2C300 1.5x"},"classes":[]}],"jetpack_sharing_enabled":true,"jetpack_likes_enabled":true,"jetpack_featured_media_url":"","_links":{"self":[{"href":"http:\/\/www.24baires.com\/index.php?rest_route=\/wp\/v2\/posts\/59811","targetHints":{"allow":["GET"]}}],"collection":[{"href":"http:\/\/www.24baires.com\/index.php?rest_route=\/wp\/v2\/posts"}],"about":[{"href":"http:\/\/www.24baires.com\/index.php?rest_route=\/wp\/v2\/types\/post"}],"author":[{"embeddable":true,"href":"http:\/\/www.24baires.com\/index.php?rest_route=\/wp\/v2\/users\/8"}],"replies":[{"embeddable":true,"href":"http:\/\/www.24baires.com\/index.php?rest_route=%2Fwp%2Fv2%2Fcomments&post=59811"}],"version-history":[{"count":1,"href":"http:\/\/www.24baires.com\/index.php?rest_route=\/wp\/v2\/posts\/59811\/revisions"}],"predecessor-version":[{"id":59812,"href":"http:\/\/www.24baires.com\/index.php?rest_route=\/wp\/v2\/posts\/59811\/revisions\/59812"}],"wp:attachment":[{"href":"http:\/\/www.24baires.com\/index.php?rest_route=%2Fwp%2Fv2%2Fmedia&parent=59811"}],"wp:term":[{"taxonomy":"category","embeddable":true,"href":"http:\/\/www.24baires.com\/index.php?rest_route=%2Fwp%2Fv2%2Fcategories&post=59811"},{"taxonomy":"post_tag","embeddable":true,"href":"http:\/\/www.24baires.com\/index.php?rest_route=%2Fwp%2Fv2%2Ftags&post=59811"}],"curies":[{"name":"wp","href":"https:\/\/api.w.org\/{rel}","templated":true}]}}