{"id":59799,"date":"2015-01-09T10:30:18","date_gmt":"2015-01-09T13:30:18","guid":{"rendered":"http:\/\/www.24baires.com\/?p=59799"},"modified":"2015-01-09T10:08:17","modified_gmt":"2015-01-09T13:08:17","slug":"judiciales-van-a-paritarias-con-la-provincia","status":"publish","type":"post","link":"http:\/\/www.24baires.com\/?p=59799","title":{"rendered":"Provincia negocia con los Judiciales"},"content":{"rendered":"<p><img data-recalc-dims=\"1\" loading=\"lazy\" decoding=\"async\" class=\"aligncenter size-full wp-image-59208\" src=\"https:\/\/i0.wp.com\/www.24baires.com\/wp-content\/uploads\/2014\/12\/ajb.jpg?resize=560%2C372\" alt=\"ajb\" width=\"560\" height=\"372\" srcset=\"https:\/\/i0.wp.com\/www.24baires.com\/wp-content\/uploads\/2014\/12\/ajb.jpg?w=560 560w, https:\/\/i0.wp.com\/www.24baires.com\/wp-content\/uploads\/2014\/12\/ajb.jpg?resize=300%2C199 300w\" sizes=\"auto, (max-width: 560px) 100vw, 560px\" \/>Luego del acuerdo para enero y febrero que alcanzaron docentes y estatales, los judiciales enrolados en la AJB se reunir\u00e1n este viernes con el Gobierno en el marco de las paritarias salariales.<!--more--><\/p>\n<p>Seg\u00fan dijo el titular de la AJB, Hugo Blasco, concurrir\u00e1n el viernes \u201cpara escuchar\u201d al Gobierno, y asegur\u00f3 que un aumento salarial para enero y febrero \u2013como el acordado con maestros y estatales como anticipo de la paritaria general de 2015- ser\u00eda \u201causpicioso\u201d. No obstante, el gremialista advirti\u00f3 que \u201cno vamos a aceptar migajas\u201d y, en ese sentido, insisti\u00f3 en reclamar \u201cuna suba del 5 por ciento de bolsillo retroactiva a diciembre como se le otorg\u00f3 a los jueces para, reci\u00e9n a partir de ah\u00ed, sentarnos a hablar de enero y febrero\u201d.<\/p>\n<p>De hecho, los judiciales vienen de realizar un paro de 48 horas el 29 y 30 de diciembre contra el \u201cprivilegio\u201d salarial que recibieron los jueces a partir de diciembre y que, seg\u00fan el gremio, no estaba previsto en las negociaciones salariales fijadas para el a\u00f1o 2014.<\/p>\n<p>El gremio judicial viene reclamando desde principios de noviembre la reapertura de la discusi\u00f3n salarial y en los \u00faltimos d\u00edas se declar\u00f3 \u201cen estado de alerta y movilizaci\u00f3n\u201d y amenaz\u00f3 con no volver a los juzgados a partir de febrero, tras la feria judicial en curso.<\/p>\n<p>&nbsp;<\/p>\n<p>&nbsp;<\/p>\n<p>&nbsp;<\/p>\n<p>&nbsp;<\/p>\n<p>&nbsp;<\/p>\n<p>&nbsp;<\/p>\n<p>&nbsp;<\/p>\n<p>&nbsp;<\/p>\n<p>&nbsp;<\/p>\n<p>&nbsp;<\/p>\n<p>&nbsp;<\/p>\n","protected":false},"excerpt":{"rendered":"<p>Luego del acuerdo para enero y febrero que alcanzaron docentes y estatales, los judiciales enrolados en la AJB se reunir\u00e1n este viernes con el Gobierno en el marco de las paritarias salariales.<\/p>\n","protected":false},"author":8,"featured_media":0,"comment_status":"open","ping_status":"open","sticky":false,"template":"","format":"standard","meta":{"_jetpack_newsletter_access":"","_jetpack_dont_email_post_to_subs":false,"_jetpack_newsletter_tier_id":0,"_jetpack_memberships_contains_paywalled_content":false,"_jetpack_memberships_contains_paid_content":false,"footnotes":""},"categories":[51],"tags":[],"class_list":["post-59799","post","type-post","status-publish","format-standard","hentry","category-politica"],"jetpack_shortlink":"https:\/\/wp.me\/p2JWE0-fyv","jetpack-related-posts":[{"id":116375,"url":"http:\/\/www.24baires.com\/?p=116375","url_meta":{"origin":59799,"position":0},"title":"Paritarias: judiciales esperan una oferta de la Provincia","author":"GB","date":"02\/10\/2020","format":false,"excerpt":"El Gobierno bonaerense recibir\u00e1 a los judiciales en el marco de las paritarias salariales y se espera que realice una propuesta de aumento. Este viernes los judiciales bonaerenses se sentar\u00e1n a negociar sus salarios con el Gobierno en el marco de las paritarias. Se espera que la Provincia oficialice una\u2026","rel":"","context":"En \u00abProvincia\u00bb","block_context":{"text":"Provincia","link":"http:\/\/www.24baires.com\/?cat=40"},"img":{"alt_text":"","src":"https:\/\/i0.wp.com\/www.24baires.com\/wp-content\/uploads\/2019\/09\/gobernacion.jpg?resize=350%2C200","width":350,"height":200,"srcset":"https:\/\/i0.wp.com\/www.24baires.com\/wp-content\/uploads\/2019\/09\/gobernacion.jpg?resize=350%2C200 1x, https:\/\/i0.wp.com\/www.24baires.com\/wp-content\/uploads\/2019\/09\/gobernacion.jpg?resize=525%2C300 1.5x"},"classes":[]},{"id":59745,"url":"http:\/\/www.24baires.com\/?p=59745","url_meta":{"origin":59799,"position":1},"title":"El Gobierno bonaerense paut\u00f3 reuni\u00f3n con Judiciales para este viernes","author":"AF","date":"08\/01\/2015","format":false,"excerpt":"El gobierno de Daniel Scioli convoc\u00f3 a la Asociaci\u00f3n Judicial Bonaerense (AJB) a una reuni\u00f3n paritaria salarial para el pr\u00f3ximo viernes. El encuentro se llevar\u00e1 a cabo a partir de las 11 en la sede de la cartera de Econom\u00eda, despu\u00e9s de que el gremio judicial reclamara desde noviembre del\u2026","rel":"","context":"En \u00abSociedad\u00bb","block_context":{"text":"Sociedad","link":"http:\/\/www.24baires.com\/?cat=1"},"img":{"alt_text":"","src":"","width":0,"height":0},"classes":[]},{"id":106764,"url":"http:\/\/www.24baires.com\/?p=106764","url_meta":{"origin":59799,"position":2},"title":"Judiciales exigen negociaciones salariales","author":"GB","date":"11\/02\/2019","format":false,"excerpt":"Desde la AJB le exigieron al Ministerio de Trabajo bonaerense que convoque a la reapertura de paritarias \u201csuspendida desde el 4 de diciembre\u201d. Los judiciales solicitaron al Ministerio de Trabajo que convoquen a la reapertura de la paritaria 2018. Los trabajadores del sector manifestaron que exigen no perder el poder\u2026","rel":"","context":"En \u00abProvincia\u00bb","block_context":{"text":"Provincia","link":"http:\/\/www.24baires.com\/?cat=40"},"img":{"alt_text":"","src":"https:\/\/i0.wp.com\/www.24baires.com\/wp-content\/uploads\/2014\/04\/judiciales.jpg?resize=350%2C200","width":350,"height":200,"srcset":"https:\/\/i0.wp.com\/www.24baires.com\/wp-content\/uploads\/2014\/04\/judiciales.jpg?resize=350%2C200 1x, https:\/\/i0.wp.com\/www.24baires.com\/wp-content\/uploads\/2014\/04\/judiciales.jpg?resize=525%2C300 1.5x"},"classes":[]},{"id":102501,"url":"http:\/\/www.24baires.com\/?p=102501","url_meta":{"origin":59799,"position":3},"title":"Provincia otorg\u00f3 a los judiciales un pago a cuenta del siete por ciento","author":"GB","date":"02\/06\/2018","format":false,"excerpt":"La Asociaci\u00f3n Judicial Bonaerense, que la semana pasada rechaz\u00f3 una oferta de 15 por ciento de aumento, consider\u00f3 que la medida representa una \"nueva muestra de autoritarismo\". El Gobierno bonaerense liquid\u00f3 hoy un pago a cuenta del siete por ciento a los trabajadores judiciales, que la semana pasada rechazaron la\u2026","rel":"","context":"En \u00abProvincia\u00bb","block_context":{"text":"Provincia","link":"http:\/\/www.24baires.com\/?cat=40"},"img":{"alt_text":"","src":"https:\/\/i0.wp.com\/www.24baires.com\/wp-content\/uploads\/2014\/04\/judiciales.jpg?resize=350%2C200","width":350,"height":200,"srcset":"https:\/\/i0.wp.com\/www.24baires.com\/wp-content\/uploads\/2014\/04\/judiciales.jpg?resize=350%2C200 1x, https:\/\/i0.wp.com\/www.24baires.com\/wp-content\/uploads\/2014\/04\/judiciales.jpg?resize=525%2C300 1.5x"},"classes":[]},{"id":102049,"url":"http:\/\/www.24baires.com\/?p=102049","url_meta":{"origin":59799,"position":4},"title":"Estatales, m\u00e9dicos y judiciales parar\u00e1n este jueves","author":"AF","date":"09\/05\/2018","format":false,"excerpt":"Los m\u00e9dicos enrolados en Cicop, los judiciales de AJB, los estatales de ATE y los docentes de algunas seccionales de Suteba parar\u00e1n ma\u00f1ana por 24 horas y marchar\u00e1n a la Casa de la Provincia para pedirle al gobierno de Mar\u00eda Eugenia Vidal que los convoque a paritarias y contra el\u2026","rel":"","context":"En \u00abSociedad\u00bb","block_context":{"text":"Sociedad","link":"http:\/\/www.24baires.com\/?cat=1"},"img":{"alt_text":"","src":"https:\/\/i0.wp.com\/www.24baires.com\/wp-content\/uploads\/2017\/04\/movilizacion-lanus-1.jpg?resize=350%2C200","width":350,"height":200,"srcset":"https:\/\/i0.wp.com\/www.24baires.com\/wp-content\/uploads\/2017\/04\/movilizacion-lanus-1.jpg?resize=350%2C200 1x, https:\/\/i0.wp.com\/www.24baires.com\/wp-content\/uploads\/2017\/04\/movilizacion-lanus-1.jpg?resize=525%2C300 1.5x"},"classes":[]},{"id":111068,"url":"http:\/\/www.24baires.com\/?p=111068","url_meta":{"origin":59799,"position":5},"title":"El gobierno bonaerense advirti\u00f3 que la paritaria est\u00e1 \u201ccerrada\u201d para la administraci\u00f3n p\u00fablica","author":"GB","date":"04\/07\/2019","format":false,"excerpt":"Desde el Poder Ejecutivo que comanda la gobernadora Mar\u00eda Eugenia Vidal adelantaron que aplicar\u00e1n la cl\u00e1usula de actualizaci\u00f3n para el sector. A su vez, expresaron que resta definir la situaci\u00f3n con judiciales y profesionales de la salud. Mientras ATE, AJB y Cicop contin\u00faan con las protestas para que el gobierno\u2026","rel":"","context":"En \u00abProvincia\u00bb","block_context":{"text":"Provincia","link":"http:\/\/www.24baires.com\/?cat=40"},"img":{"alt_text":"","src":"https:\/\/i0.wp.com\/www.24baires.com\/wp-content\/uploads\/2019\/04\/gobierno.jpg?resize=350%2C200","width":350,"height":200,"srcset":"https:\/\/i0.wp.com\/www.24baires.com\/wp-content\/uploads\/2019\/04\/gobierno.jpg?resize=350%2C200 1x, https:\/\/i0.wp.com\/www.24baires.com\/wp-content\/uploads\/2019\/04\/gobierno.jpg?resize=525%2C300 1.5x"},"classes":[]}],"jetpack_sharing_enabled":true,"jetpack_likes_enabled":true,"jetpack_featured_media_url":"","_links":{"self":[{"href":"http:\/\/www.24baires.com\/index.php?rest_route=\/wp\/v2\/posts\/59799","targetHints":{"allow":["GET"]}}],"collection":[{"href":"http:\/\/www.24baires.com\/index.php?rest_route=\/wp\/v2\/posts"}],"about":[{"href":"http:\/\/www.24baires.com\/index.php?rest_route=\/wp\/v2\/types\/post"}],"author":[{"embeddable":true,"href":"http:\/\/www.24baires.com\/index.php?rest_route=\/wp\/v2\/users\/8"}],"replies":[{"embeddable":true,"href":"http:\/\/www.24baires.com\/index.php?rest_route=%2Fwp%2Fv2%2Fcomments&post=59799"}],"version-history":[{"count":2,"href":"http:\/\/www.24baires.com\/index.php?rest_route=\/wp\/v2\/posts\/59799\/revisions"}],"predecessor-version":[{"id":59801,"href":"http:\/\/www.24baires.com\/index.php?rest_route=\/wp\/v2\/posts\/59799\/revisions\/59801"}],"wp:attachment":[{"href":"http:\/\/www.24baires.com\/index.php?rest_route=%2Fwp%2Fv2%2Fmedia&parent=59799"}],"wp:term":[{"taxonomy":"category","embeddable":true,"href":"http:\/\/www.24baires.com\/index.php?rest_route=%2Fwp%2Fv2%2Fcategories&post=59799"},{"taxonomy":"post_tag","embeddable":true,"href":"http:\/\/www.24baires.com\/index.php?rest_route=%2Fwp%2Fv2%2Ftags&post=59799"}],"curies":[{"name":"wp","href":"https:\/\/api.w.org\/{rel}","templated":true}]}}