{"id":59794,"date":"2015-01-09T09:56:53","date_gmt":"2015-01-09T12:56:53","guid":{"rendered":"http:\/\/www.24baires.com\/?p=59794"},"modified":"2015-01-09T21:52:05","modified_gmt":"2015-01-10T00:52:05","slug":"la-presidenta-viajara-a-china-en-febrero-lo-confirmo-capitanich","status":"publish","type":"post","link":"http:\/\/www.24baires.com\/?p=59794","title":{"rendered":"La Presidenta viajar\u00e1 a China en febrero, lo confirm\u00f3 Capitanich"},"content":{"rendered":"<p><img data-recalc-dims=\"1\" loading=\"lazy\" decoding=\"async\" class=\"aligncenter size-full wp-image-7641\" src=\"https:\/\/i0.wp.com\/www.24baires.com\/wp-content\/uploads\/2012\/12\/cristina-avi%C3%B3n.jpg?resize=560%2C247\" alt=\"cristina avi\u00f3n\" width=\"560\" height=\"247\" srcset=\"https:\/\/i0.wp.com\/www.24baires.com\/wp-content\/uploads\/2012\/12\/cristina-avi%C3%B3n.jpg?w=560 560w, https:\/\/i0.wp.com\/www.24baires.com\/wp-content\/uploads\/2012\/12\/cristina-avi%C3%B3n.jpg?resize=300%2C132 300w\" sizes=\"auto, (max-width: 560px) 100vw, 560px\" \/>Cristina Fern\u00e1ndez de Kirchner ir\u00e1 a ese pa\u00eds con el objetivo del \u00abfortalecimiento de la relaci\u00f3n bilateral\u00bb y en devoluci\u00f3n a la visita que el presidente de ese pa\u00eds, Xi Jinping, realiz\u00f3 en julio del 2014 a la Argentina.<!--more--><\/p>\n<p>En rueda de prensa en Casa de Gobierno, Capitanich inform\u00f3 que en el d\u00eda de hoy el canciller H\u00e9ctor Timerman se entrevist\u00f3 con su par chino, Wang Yi, en el marco de la I Reuni\u00f3n Ministerial Celac-China, que se realiza en Beijing.<\/p>\n<p>En el marco de esa entrevista, Timerman le ratific\u00f3 a Yi la visita de la mandataria argentina para el mes de febrero, noticia que \u00abfue recibida con benepl\u00e1cito para el fortalecimiento de la relaci\u00f3n bilateral\u00bb.<\/p>\n<p>Seg\u00fan inform\u00f3 Capitanich, los cancilleres hablaron tambi\u00e9n hoy del \u00abintercambio comercial y la inversi\u00f3n programada para los pr\u00f3ximos 10 a\u00f1os\u00bb, as\u00ed como la \u00abestrategia de desembolso para la culminaci\u00f3n de las represas hidroel\u00e9ctricas en Santa Cruz, que significar\u00e1 un aumento en la oferta energ\u00e9tica y un influjo significativo de divisas para el desarrollo estructural del pa\u00eds\u00bb.<\/p>\n<p>Asimismo, se acord\u00f3 que en la cumbre que ambos mandatarios mantendr\u00e1n en febrero, \u00abse revisar\u00e1 el plan de acci\u00f3n conjunta y la agenda pol\u00edtica, as\u00ed como se firmar\u00e1 multiplicidad de convenios entre ambos pa\u00edses\u00bb, dijo el jefe de Gabinete.<\/p>\n<p>&nbsp;<\/p>\n<p>&nbsp;<\/p>\n<p>&nbsp;<\/p>\n<p>&nbsp;<\/p>\n<p>&nbsp;<\/p>\n<p>&nbsp;<\/p>\n<p>&nbsp;<\/p>\n<p>&nbsp;<\/p>\n<p>&nbsp;<\/p>\n<p>&nbsp;<\/p>\n<p>&nbsp;<\/p>\n<p>&nbsp;<\/p>\n<p>&nbsp;<\/p>\n<p>&nbsp;<\/p>\n<p>&nbsp;<\/p>\n","protected":false},"excerpt":{"rendered":"<p>Cristina Fern\u00e1ndez de Kirchner ir\u00e1 a ese pa\u00eds con el objetivo del \u00abfortalecimiento de la relaci\u00f3n bilateral\u00bb y en devoluci\u00f3n a la visita que el presidente de ese pa\u00eds, Xi Jinping, realiz\u00f3 en julio del 2014 a la Argentina.<\/p>\n","protected":false},"author":8,"featured_media":0,"comment_status":"open","ping_status":"open","sticky":false,"template":"","format":"standard","meta":{"_jetpack_newsletter_access":"","_jetpack_dont_email_post_to_subs":false,"_jetpack_newsletter_tier_id":0,"_jetpack_memberships_contains_paywalled_content":false,"_jetpack_memberships_contains_paid_content":false,"footnotes":""},"categories":[51],"tags":[],"class_list":["post-59794","post","type-post","status-publish","format-standard","hentry","category-politica"],"jetpack_shortlink":"https:\/\/wp.me\/p2JWE0-fyq","jetpack-related-posts":[{"id":118457,"url":"http:\/\/www.24baires.com\/?p=118457","url_meta":{"origin":59794,"position":0},"title":"Alberto Fern\u00e1ndez viajar\u00e1 a Rusia y a China en febrero","author":"AF","date":"14\/01\/2022","format":false,"excerpt":"El Presidente realizar\u00e1 la gira el 3 y 4 de febrero pr\u00f3ximos. Primero visitar\u00e1 al l\u00edder ruso, tras lo cual se trasladar\u00e1 a China para asistir a la inauguraci\u00f3n de los Juegos Ol\u00edmpicos de Invierno en ese pa\u00eds. El presidente Alberto Fern\u00e1ndez mantendr\u00e1 una reuni\u00f3n con su par de Rusia,\u2026","rel":"","context":"En \u00abPol\u00edtica\u00bb","block_context":{"text":"Pol\u00edtica","link":"http:\/\/www.24baires.com\/?cat=51"},"img":{"alt_text":"","src":"https:\/\/i0.wp.com\/www.24baires.com\/wp-content\/uploads\/2022\/01\/61b3e113f3a2e_900.jpg?resize=350%2C200","width":350,"height":200,"srcset":"https:\/\/i0.wp.com\/www.24baires.com\/wp-content\/uploads\/2022\/01\/61b3e113f3a2e_900.jpg?resize=350%2C200 1x, https:\/\/i0.wp.com\/www.24baires.com\/wp-content\/uploads\/2022\/01\/61b3e113f3a2e_900.jpg?resize=525%2C300 1.5x"},"classes":[]},{"id":116123,"url":"http:\/\/www.24baires.com\/?p=116123","url_meta":{"origin":59794,"position":1},"title":"\u00abLa Argentina central que tiene periferias no se puede tolerar m\u00e1s\u00bb","author":"AF","date":"01\/09\/2020","format":false,"excerpt":"El Presidente encabez\u00f3 la firma de convenios con el gobernador de Chaco, Jorge Capitanich. En ese marco, defendi\u00f3 el acceso a la conectividad y al conocimiento en todo el pa\u00eds. El presidente Alberto Fern\u00e1ndez reafirm\u00f3 que \"la Argentina central, que tiene dos periferias, al norte y a sur del pa\u00eds,\u2026","rel":"","context":"En \u00abPol\u00edtica\u00bb","block_context":{"text":"Pol\u00edtica","link":"http:\/\/www.24baires.com\/?cat=51"},"img":{"alt_text":"","src":"https:\/\/i0.wp.com\/www.24baires.com\/wp-content\/uploads\/2020\/09\/fern%C3%A1ndez-capitanich.jpg?resize=350%2C200","width":350,"height":200,"srcset":"https:\/\/i0.wp.com\/www.24baires.com\/wp-content\/uploads\/2020\/09\/fern%C3%A1ndez-capitanich.jpg?resize=350%2C200 1x, https:\/\/i0.wp.com\/www.24baires.com\/wp-content\/uploads\/2020\/09\/fern%C3%A1ndez-capitanich.jpg?resize=525%2C300 1.5x"},"classes":[]},{"id":49894,"url":"http:\/\/www.24baires.com\/?p=49894","url_meta":{"origin":59794,"position":2},"title":"Capitanich anticip\u00f3 que la Presidenta expondr\u00e1 ante Brics sobre fondos buitre","author":"AF","date":"15\/07\/2014","format":false,"excerpt":"La Presidenta dar\u00e1 a conocer la posici\u00f3n argentina sobre la deuda y los fondos buitre en la cumbre de los Brics en Brasil, pa\u00eds al que viajar\u00e1 este martes, sostuvo el jefe de Gabinete. La cumbre de los pa\u00edses emergentes que integran el grupo Brics (Brasil, Rusia, India, China y\u2026","rel":"","context":"En \u00abEconom\u00eda\u00bb","block_context":{"text":"Econom\u00eda","link":"http:\/\/www.24baires.com\/?cat=45"},"img":{"alt_text":"capitanich","src":"https:\/\/i0.wp.com\/www.24baires.com\/wp-content\/uploads\/2014\/04\/capitanich.jpg?resize=350%2C200","width":350,"height":200,"srcset":"https:\/\/i0.wp.com\/www.24baires.com\/wp-content\/uploads\/2014\/04\/capitanich.jpg?resize=350%2C200 1x, https:\/\/i0.wp.com\/www.24baires.com\/wp-content\/uploads\/2014\/04\/capitanich.jpg?resize=525%2C300 1.5x"},"classes":[]},{"id":23225,"url":"http:\/\/www.24baires.com\/?p=23225","url_meta":{"origin":59794,"position":3},"title":"Cristina y el Vicepresidente de China analizaron relaciones bilaterales","author":"AF","date":"10\/05\/2013","format":false,"excerpt":"La presidenta Cristina Fern\u00e1ndez de Kirchner analiz\u00f3 hoy con el vicepresidente de la Rep\u00fablica Popular China, Li Yaunchao, el avance de las relaciones bilaterales en los distintos campos del intercambio entre los dos pa\u00edses. La presidenta recibi\u00f3 hoy al vicepresidente de China, Li Yaunchao, con quien analiz\u00f3 el avance de\u2026","rel":"","context":"En \u00abPol\u00edtica\u00bb","block_context":{"text":"Pol\u00edtica","link":"http:\/\/www.24baires.com\/?cat=51"},"img":{"alt_text":"","src":"https:\/\/i0.wp.com\/www.24baires.com\/wp-content\/uploads\/2013\/05\/china-argentina.jpg?resize=350%2C200","width":350,"height":200},"classes":[]},{"id":61107,"url":"http:\/\/www.24baires.com\/?p=61107","url_meta":{"origin":59794,"position":4},"title":"Cristina lleg\u00f3 a China para firmar acuerdos y reunirse con su par Xi Jinping","author":"AF","date":"02\/02\/2015","format":false,"excerpt":"Arrib\u00f3 a Bijing a las 7.10 (hora argentina) para cumplir una visita cuyo objetivo es fortalecer los v\u00ednculos bilaterales, rubricar importantes convenios y mantener una serie de encuentros, que incluyen al mandatario chino y empresarios. El avi\u00f3n que traslad\u00f3 a la jefa de Estado arrib\u00f3 al aeropuerto internacional de la\u2026","rel":"","context":"En \u00abPol\u00edtica\u00bb","block_context":{"text":"Pol\u00edtica","link":"http:\/\/www.24baires.com\/?cat=51"},"img":{"alt_text":"cristina avi\u00f3n","src":"https:\/\/i0.wp.com\/www.24baires.com\/wp-content\/uploads\/2012\/12\/cristina-avi%C3%B3n.jpg?resize=350%2C200","width":350,"height":200,"srcset":"https:\/\/i0.wp.com\/www.24baires.com\/wp-content\/uploads\/2012\/12\/cristina-avi%C3%B3n.jpg?resize=350%2C200 1x, https:\/\/i0.wp.com\/www.24baires.com\/wp-content\/uploads\/2012\/12\/cristina-avi%C3%B3n.jpg?resize=525%2C300 1.5x"},"classes":[]},{"id":117553,"url":"http:\/\/www.24baires.com\/?p=117553","url_meta":{"origin":59794,"position":5},"title":"Cafiero: \u00abMientras los argentinos se arriesgan, otros aprovechan sus privilegios en Miami\u00bb","author":"AF","date":"11\/05\/2021","format":false,"excerpt":"El Jefe de Gabinete critic\u00f3 de este modo al ex presidente Mauricio Macri al poner en marcha una planta de tratamiento de residuos cloacales que cost\u00f3 79,6 millones de d\u00f3lares en Chaco. El jefe de Gabinete de Ministros, Santiago Cafiero, asegur\u00f3 este martes que \"mientras los argentinos se arriesgan combatiendo\u2026","rel":"","context":"En \u00abSociedad\u00bb","block_context":{"text":"Sociedad","link":"http:\/\/www.24baires.com\/?cat=1"},"img":{"alt_text":"","src":"https:\/\/i0.wp.com\/www.24baires.com\/wp-content\/uploads\/2021\/05\/609ace614d0e9_1004x565.jpg?resize=350%2C200","width":350,"height":200,"srcset":"https:\/\/i0.wp.com\/www.24baires.com\/wp-content\/uploads\/2021\/05\/609ace614d0e9_1004x565.jpg?resize=350%2C200 1x, https:\/\/i0.wp.com\/www.24baires.com\/wp-content\/uploads\/2021\/05\/609ace614d0e9_1004x565.jpg?resize=525%2C300 1.5x"},"classes":[]}],"jetpack_sharing_enabled":true,"jetpack_likes_enabled":true,"jetpack_featured_media_url":"","_links":{"self":[{"href":"http:\/\/www.24baires.com\/index.php?rest_route=\/wp\/v2\/posts\/59794","targetHints":{"allow":["GET"]}}],"collection":[{"href":"http:\/\/www.24baires.com\/index.php?rest_route=\/wp\/v2\/posts"}],"about":[{"href":"http:\/\/www.24baires.com\/index.php?rest_route=\/wp\/v2\/types\/post"}],"author":[{"embeddable":true,"href":"http:\/\/www.24baires.com\/index.php?rest_route=\/wp\/v2\/users\/8"}],"replies":[{"embeddable":true,"href":"http:\/\/www.24baires.com\/index.php?rest_route=%2Fwp%2Fv2%2Fcomments&post=59794"}],"version-history":[{"count":1,"href":"http:\/\/www.24baires.com\/index.php?rest_route=\/wp\/v2\/posts\/59794\/revisions"}],"predecessor-version":[{"id":59795,"href":"http:\/\/www.24baires.com\/index.php?rest_route=\/wp\/v2\/posts\/59794\/revisions\/59795"}],"wp:attachment":[{"href":"http:\/\/www.24baires.com\/index.php?rest_route=%2Fwp%2Fv2%2Fmedia&parent=59794"}],"wp:term":[{"taxonomy":"category","embeddable":true,"href":"http:\/\/www.24baires.com\/index.php?rest_route=%2Fwp%2Fv2%2Fcategories&post=59794"},{"taxonomy":"post_tag","embeddable":true,"href":"http:\/\/www.24baires.com\/index.php?rest_route=%2Fwp%2Fv2%2Ftags&post=59794"}],"curies":[{"name":"wp","href":"https:\/\/api.w.org\/{rel}","templated":true}]}}