{"id":59770,"date":"2015-01-08T17:03:50","date_gmt":"2015-01-08T20:03:50","guid":{"rendered":"http:\/\/www.24baires.com\/?p=59770"},"modified":"2015-01-08T17:03:50","modified_gmt":"2015-01-08T20:03:50","slug":"la-buena-gestion-es-la-mejor-forma-de-hacer-campana-aseguro-randazzo","status":"publish","type":"post","link":"http:\/\/www.24baires.com\/?p=59770","title":{"rendered":"\u00abLa buena gesti\u00f3n es la mejor forma de hacer campa\u00f1a\u00bb, asegur\u00f3 Randazzo"},"content":{"rendered":"<p><img data-recalc-dims=\"1\" loading=\"lazy\" decoding=\"async\" class=\"alignright size-medium wp-image-59771\" src=\"https:\/\/i0.wp.com\/www.24baires.com\/wp-content\/uploads\/2015\/01\/randazzo-en-mar-del-plata.jpg?resize=300%2C225\" alt=\"randazzo en mar del plata\" width=\"300\" height=\"225\" srcset=\"https:\/\/i0.wp.com\/www.24baires.com\/wp-content\/uploads\/2015\/01\/randazzo-en-mar-del-plata.jpg?resize=300%2C225 300w, https:\/\/i0.wp.com\/www.24baires.com\/wp-content\/uploads\/2015\/01\/randazzo-en-mar-del-plata.jpg?w=400 400w\" sizes=\"auto, (max-width: 300px) 100vw, 300px\" \/><strong>MAR DEL PLATA-<\/strong>El ministro del Interior y Transporte consider\u00f3 adem\u00e1s que \u00abtrabajar con dedicaci\u00f3n en la funci\u00f3n p\u00fablica es el mayor capital pol\u00edtico que puede tener un dirigente\u00bb.<br \/>\n<!--more--><\/p>\n<p>\u00abSoy de decir que la mejor pol\u00edtica es la buena gesti\u00f3n. Si eso significa hacer campa\u00f1a, yo lo estoy desde hace siete a\u00f1os. Con los DNI, con los Pasaportes, con los trenes, con la Agencia Vial. Trabajar bien es el mayor capital pol\u00edtico que un dirigente puede exhibir\u00bb, apunt\u00f3 Randazzo durante una visita que realiz\u00f3 a Mar del Plata para implementar el sistema SUBE en esa ciudad.<\/p>\n<p>Asimismo, y de cara a ala elecciones de este a\u00f1o, observ\u00f3 que \u00abconocer el grado de independencia que tengan los candidatos en relaci\u00f3n al poder econ\u00f3mico ser\u00e1 crucial para la ciudadan\u00eda\u00bb.<\/p>\n<p>Hay que ver c\u00f3mo son capaces los dirigentes de gestionar, sobre todo teniendo en cuenta que ese es el mayor capital pol\u00edtico que pueda tener un dirigente. Creo en la independencia pol\u00edtico y no tanto en lo que dicen los grandes medios\u00bb, evalu\u00f3.<\/p>\n<p>Al ser consultado sobre los distintos precandidatos presidenciales del Frente para la Victoria que competir\u00e1n en las PASO, Randazzo sostuvo que \u00abva a ser fundamental la opini\u00f3n de la presidenta de la Rep\u00fablica quien es la que conduce el proceso\u00bb.<\/p>\n<p>\u00abNo est\u00e1 mal que haya varios precandidatos, esa decisi\u00f3n a partir de las PASO estar\u00e1 en manos del conjunto de los argentinos. Aspiramos a un referente que crea en la pol\u00edtica como herramienta de transformaci\u00f3n y sea independiente de cualquier poder sectorial\u00bb, enfatiz\u00f3.<\/p>\n<p>El ministro particip\u00f3 de un acto junto al intendente local, Gustavo Pulti, y destac\u00f3 \u00abla facilidad con la cual los argentinos pueden hoy tramitar un DNI\u00bb.<\/p>\n<p>\u00abLlevar a cabo el DNI en otros tiempos era un V\u00eda Crucis. Hoy uno va a la playa y se puede llevar el documento en un par de horas, lo mismo un pasaporte; el desaf\u00edo de poder llevar adelante un proceso del sistema en valor del sistema ferroviario argentino\u00bb, remarc\u00f3.<\/p>\n<p>El ministro tambi\u00e9n expres\u00f3 que en el pa\u00eds \u00abse pudo llevar adelante el proceso de transformaci\u00f3n en materia documentaria porque se decidi\u00f3 romper un acuerdo con la empresa Siemens\u00bb.<\/p>\n<p>\u00abResolvimos llevar adelante un proceso de puesta en valor del sistema ferroviario, en este caso los trenes de larga distancia en un conflicto con el transporte de pasajeros de micros de larga distancia. Instrumentamos la SUBE en un conflicto con empresarios que en realidad se resist\u00edan a que el Estado tenga esa informaci\u00f3n tan valiosa como era la cantidad de pasajeros transportados\u00bb, ponder\u00f3.<\/p>\n<p>Por \u00faltimo, el ministro observ\u00f3: \u00abLos problemas pendientes que tiene Argentina se resuelven con gesti\u00f3n. Este es un proceso de transformaci\u00f3n formidable que inici\u00f3 N\u00e9stor Kirchner y llev\u00f3 adelante Cristina Fern\u00e1ndez de Kirchner. Una prueba cabal de eso es lo que est\u00e1 ocurriendo hoy en Mar del Plata\u00bb.<\/p>\n<p>&nbsp;<\/p>\n<p>&nbsp;<\/p>\n<p>&nbsp;<\/p>\n<p>&nbsp;<\/p>\n<p>&nbsp;<\/p>\n<p>&nbsp;<\/p>\n<p>&nbsp;<\/p>\n<p>&nbsp;<\/p>\n<p>&nbsp;<\/p>\n<p>&nbsp;<\/p>\n<p>&nbsp;<\/p>\n<p>&nbsp;<\/p>\n<p>&nbsp;<\/p>\n<p>&nbsp;<\/p>\n<p>&nbsp;<\/p>\n","protected":false},"excerpt":{"rendered":"<p>MAR DEL PLATA-El ministro del Interior y Transporte consider\u00f3 adem\u00e1s que \u00abtrabajar con dedicaci\u00f3n en la funci\u00f3n p\u00fablica es el mayor capital pol\u00edtico que puede tener un dirigente\u00bb.<\/p>\n","protected":false},"author":8,"featured_media":0,"comment_status":"open","ping_status":"open","sticky":false,"template":"","format":"standard","meta":{"_jetpack_newsletter_access":"","_jetpack_dont_email_post_to_subs":false,"_jetpack_newsletter_tier_id":0,"_jetpack_memberships_contains_paywalled_content":false,"_jetpack_memberships_contains_paid_content":false,"footnotes":""},"categories":[51],"tags":[],"class_list":["post-59770","post","type-post","status-publish","format-standard","hentry","category-politica"],"jetpack_shortlink":"https:\/\/wp.me\/p2JWE0-fy2","jetpack-related-posts":[{"id":35663,"url":"http:\/\/www.24baires.com\/?p=35663","url_meta":{"origin":59770,"position":0},"title":"Randazzo: \u00abla mejor pol\u00edtica es una buena gesti\u00f3n\u00bb","author":"GB","date":"24\/11\/2013","format":false,"excerpt":"De esta forma se expres\u00f3 el ministro de Interior y Transporte, Florencio Randazzo, durante una entrevista concedida a un matutino, en la que tambi\u00e9n destac\u00f3 la \"capacidad\" y \"experiencia\" de Jorge Capitanich y critic\u00f3 a Sergio Massa. \"Conf\u00edo en mi capacidad de trabajar en equipo y entender a la pol\u00edtica\u2026","rel":"","context":"En \u00abPol\u00edtica\u00bb","block_context":{"text":"Pol\u00edtica","link":"http:\/\/www.24baires.com\/?cat=51"},"img":{"alt_text":"randazzo uta","src":"https:\/\/i0.wp.com\/www.24baires.com\/wp-content\/uploads\/2013\/05\/randazzo-uta.jpg?resize=350%2C200","width":350,"height":200,"srcset":"https:\/\/i0.wp.com\/www.24baires.com\/wp-content\/uploads\/2013\/05\/randazzo-uta.jpg?resize=350%2C200 1x, https:\/\/i0.wp.com\/www.24baires.com\/wp-content\/uploads\/2013\/05\/randazzo-uta.jpg?resize=525%2C300 1.5x"},"classes":[]},{"id":48623,"url":"http:\/\/www.24baires.com\/?p=48623","url_meta":{"origin":59770,"position":1},"title":"Randazzo asegur\u00f3 que desea \u00abrepresentar los intereses de la mayor\u00eda\u00bb","author":"GB","date":"24\/06\/2014","format":false,"excerpt":"El ministro del Interior y Transporte, remarc\u00f3 que pretende \"ser el candidato del FpV\" en las pr\u00f3ximas elecciones presidenciales. \"Yo pretendo ser el candidato del Frente para la Victoria, el espacio que conduce la presidenta Cristina Fern\u00e1ndez de Kirchner, y el mejor instrumento para definir qui\u00e9nes van a ser los\u2026","rel":"","context":"En \u00abPol\u00edtica\u00bb","block_context":{"text":"Pol\u00edtica","link":"http:\/\/www.24baires.com\/?cat=51"},"img":{"alt_text":"randazzo 1","src":"https:\/\/i0.wp.com\/www.24baires.com\/wp-content\/uploads\/2014\/01\/randazzo-1.jpg?resize=350%2C200","width":350,"height":200,"srcset":"https:\/\/i0.wp.com\/www.24baires.com\/wp-content\/uploads\/2014\/01\/randazzo-1.jpg?resize=350%2C200 1x, https:\/\/i0.wp.com\/www.24baires.com\/wp-content\/uploads\/2014\/01\/randazzo-1.jpg?resize=525%2C300 1.5x"},"classes":[]},{"id":112630,"url":"http:\/\/www.24baires.com\/?p=112630","url_meta":{"origin":59770,"position":2},"title":"Alberto y Cristina cierran la campa\u00f1a en Mar del Plata","author":"GB","date":"24\/10\/2019","format":false,"excerpt":"El candidato a presidente por el Frente de Todos, Alberto Fern\u00e1ndez, y la candidata a vicepresidenta, Cristina Fern\u00e1ndez de Kirchner, estar\u00e1n este jueves a las 15 en Mar del Plata, en un escenario que se montar\u00e1 en la rambla. Ser\u00e1 el primer acto que compartir\u00e1n en conjunto en la ciudad,\u2026","rel":"","context":"En \u00abPol\u00edtica\u00bb","block_context":{"text":"Pol\u00edtica","link":"http:\/\/www.24baires.com\/?cat=51"},"img":{"alt_text":"","src":"https:\/\/i0.wp.com\/www.24baires.com\/wp-content\/uploads\/2019\/10\/alberto-y-cristina.jpg?resize=350%2C200","width":350,"height":200,"srcset":"https:\/\/i0.wp.com\/www.24baires.com\/wp-content\/uploads\/2019\/10\/alberto-y-cristina.jpg?resize=350%2C200 1x, https:\/\/i0.wp.com\/www.24baires.com\/wp-content\/uploads\/2019\/10\/alberto-y-cristina.jpg?resize=525%2C300 1.5x"},"classes":[]},{"id":41284,"url":"http:\/\/www.24baires.com\/?p=41284","url_meta":{"origin":59770,"position":3},"title":"Randazzo firme: \u00abHay kirchnerismo despu\u00e9s del 2015\u00bb","author":"Grupo Sierra","date":"28\/02\/2014","format":false,"excerpt":"El ministro de Interior y Transporte dio una extensa entrevista y repas\u00f3 los logros de su gesti\u00f3n con respecto al servicio de los trenes. El Ministro del Interior y Transporte, Florencio Randazzo se refiri\u00f3 a la cartera que administra, la situaci\u00f3n del transporte p\u00fablico y las proyecciones a futuro en\u2026","rel":"","context":"En \u00abPol\u00edtica\u00bb","block_context":{"text":"Pol\u00edtica","link":"http:\/\/www.24baires.com\/?cat=51"},"img":{"alt_text":"randazzo","src":"https:\/\/i0.wp.com\/www.24baires.com\/wp-content\/uploads\/2012\/11\/randazzo.jpg?resize=350%2C200","width":350,"height":200,"srcset":"https:\/\/i0.wp.com\/www.24baires.com\/wp-content\/uploads\/2012\/11\/randazzo.jpg?resize=350%2C200 1x, https:\/\/i0.wp.com\/www.24baires.com\/wp-content\/uploads\/2012\/11\/randazzo.jpg?resize=525%2C300 1.5x"},"classes":[]},{"id":101086,"url":"http:\/\/www.24baires.com\/?p=101086","url_meta":{"origin":59770,"position":4},"title":"Stolbizer sobre la continuidad de 1Pa\u00eds: \u00abLas alianzas empiezan y terminan\u00bb","author":"AF","date":"15\/03\/2018","format":false,"excerpt":"La exdiputada nacional, Margarita Stolbizer, ech\u00f3 por tierra su alianza con Sergio Massa, al calificar 1Pa\u00eds como \"una alianza electoral\", y sostener que esos espacios \"empiezan y terminan en tiempos electorales\". En declaraciones period\u00edsticas, Stolbizer se refiri\u00f3 al encuentro que ayer comparti\u00f3 Massa con Florencio Randazzo, y no alent\u00f3 la\u2026","rel":"","context":"En \u00abPol\u00edtica\u00bb","block_context":{"text":"Pol\u00edtica","link":"http:\/\/www.24baires.com\/?cat=51"},"img":{"alt_text":"","src":"https:\/\/i0.wp.com\/www.24baires.com\/wp-content\/uploads\/2016\/02\/massa-estolbizer.jpg?resize=350%2C200","width":350,"height":200,"srcset":"https:\/\/i0.wp.com\/www.24baires.com\/wp-content\/uploads\/2016\/02\/massa-estolbizer.jpg?resize=350%2C200 1x, https:\/\/i0.wp.com\/www.24baires.com\/wp-content\/uploads\/2016\/02\/massa-estolbizer.jpg?resize=525%2C300 1.5x"},"classes":[]},{"id":103366,"url":"http:\/\/www.24baires.com\/?p=103366","url_meta":{"origin":59770,"position":5},"title":"\u201cNo aport\u00e9 ning\u00fan centavo a nadie\u201d dijo el intendente Arroyo","author":"Grupo Sierra","date":"16\/07\/2018","format":false,"excerpt":"MAR DEL PLATA.- El intendente de Gral. Pueyrredon neg\u00f3 haber dado $50.000 a Cambiemos para la campa\u00f1a de 2015. Su nombre aparece en un listado de aportantes privados a las campa\u00f1as de ese espacio pol\u00edtico publicados por la C\u00e1mara Nacional Electoral. \u201cNo aport\u00e9 ning\u00fan centavo a nadie\u201d, fue la frase\u2026","rel":"","context":"En \u00abPol\u00edtica\u00bb","block_context":{"text":"Pol\u00edtica","link":"http:\/\/www.24baires.com\/?cat=51"},"img":{"alt_text":"","src":"https:\/\/i0.wp.com\/www.24baires.com\/wp-content\/uploads\/2017\/11\/vidal-intendente-arroyo.jpg?resize=350%2C200","width":350,"height":200,"srcset":"https:\/\/i0.wp.com\/www.24baires.com\/wp-content\/uploads\/2017\/11\/vidal-intendente-arroyo.jpg?resize=350%2C200 1x, https:\/\/i0.wp.com\/www.24baires.com\/wp-content\/uploads\/2017\/11\/vidal-intendente-arroyo.jpg?resize=525%2C300 1.5x"},"classes":[]}],"jetpack_sharing_enabled":true,"jetpack_likes_enabled":true,"jetpack_featured_media_url":"","_links":{"self":[{"href":"http:\/\/www.24baires.com\/index.php?rest_route=\/wp\/v2\/posts\/59770","targetHints":{"allow":["GET"]}}],"collection":[{"href":"http:\/\/www.24baires.com\/index.php?rest_route=\/wp\/v2\/posts"}],"about":[{"href":"http:\/\/www.24baires.com\/index.php?rest_route=\/wp\/v2\/types\/post"}],"author":[{"embeddable":true,"href":"http:\/\/www.24baires.com\/index.php?rest_route=\/wp\/v2\/users\/8"}],"replies":[{"embeddable":true,"href":"http:\/\/www.24baires.com\/index.php?rest_route=%2Fwp%2Fv2%2Fcomments&post=59770"}],"version-history":[{"count":1,"href":"http:\/\/www.24baires.com\/index.php?rest_route=\/wp\/v2\/posts\/59770\/revisions"}],"predecessor-version":[{"id":59772,"href":"http:\/\/www.24baires.com\/index.php?rest_route=\/wp\/v2\/posts\/59770\/revisions\/59772"}],"wp:attachment":[{"href":"http:\/\/www.24baires.com\/index.php?rest_route=%2Fwp%2Fv2%2Fmedia&parent=59770"}],"wp:term":[{"taxonomy":"category","embeddable":true,"href":"http:\/\/www.24baires.com\/index.php?rest_route=%2Fwp%2Fv2%2Fcategories&post=59770"},{"taxonomy":"post_tag","embeddable":true,"href":"http:\/\/www.24baires.com\/index.php?rest_route=%2Fwp%2Fv2%2Ftags&post=59770"}],"curies":[{"name":"wp","href":"https:\/\/api.w.org\/{rel}","templated":true}]}}