{"id":59763,"date":"2015-01-08T15:35:31","date_gmt":"2015-01-08T18:35:31","guid":{"rendered":"http:\/\/www.24baires.com\/?p=59763"},"modified":"2015-01-08T15:35:31","modified_gmt":"2015-01-08T18:35:31","slug":"cristina-se-reune-con-alak-anibal-fernandez-y-julian-dominguez-en-olivos","status":"publish","type":"post","link":"http:\/\/www.24baires.com\/?p=59763","title":{"rendered":"Cristina se re\u00fane con Alak, An\u00edbal Fern\u00e1ndez y Juli\u00e1n Dom\u00ednguez en Olivos"},"content":{"rendered":"<p><img data-recalc-dims=\"1\" loading=\"lazy\" decoding=\"async\" class=\"aligncenter size-full wp-image-40347\" src=\"https:\/\/i0.wp.com\/www.24baires.com\/wp-content\/uploads\/2014\/02\/cristina1.jpg?resize=560%2C333\" alt=\"cristina1\" width=\"560\" height=\"333\" srcset=\"https:\/\/i0.wp.com\/www.24baires.com\/wp-content\/uploads\/2014\/02\/cristina1.jpg?w=560 560w, https:\/\/i0.wp.com\/www.24baires.com\/wp-content\/uploads\/2014\/02\/cristina1.jpg?resize=300%2C178 300w\" sizes=\"auto, (max-width: 560px) 100vw, 560px\" \/>La Presidenta recibir\u00e1 hoy al ministro de Justicia y Derechos Humanos, al secretario general de la Presidencia, y al presidente de la C\u00e1mara de Diputados, se inform\u00f3 oficialmente.<!--more--><\/p>\n<p>Las audiencias se llevar\u00e1n a cabo por separado en la residencia presidencial de Olivos, donde la jefa de Estado desarrolla su actividad oficial.<\/p>\n<p>&nbsp;<\/p>\n<p>&nbsp;<\/p>\n<p>&nbsp;<\/p>\n<p>&nbsp;<\/p>\n<p>&nbsp;<\/p>\n<p>&nbsp;<\/p>\n<p>&nbsp;<\/p>\n<p>&nbsp;<\/p>\n<p>&nbsp;<\/p>\n<p>&nbsp;<\/p>\n<p>&nbsp;<\/p>\n<p>&nbsp;<\/p>\n<p>&nbsp;<\/p>\n<p>&nbsp;<\/p>\n","protected":false},"excerpt":{"rendered":"<p>La Presidenta recibir\u00e1 hoy al ministro de Justicia y Derechos Humanos, al secretario general de la Presidencia, y al presidente de la C\u00e1mara de Diputados, se inform\u00f3 oficialmente.<\/p>\n","protected":false},"author":8,"featured_media":0,"comment_status":"open","ping_status":"open","sticky":false,"template":"","format":"standard","meta":{"_jetpack_newsletter_access":"","_jetpack_dont_email_post_to_subs":false,"_jetpack_newsletter_tier_id":0,"_jetpack_memberships_contains_paywalled_content":false,"_jetpack_memberships_contains_paid_content":false,"footnotes":""},"categories":[51],"tags":[],"class_list":["post-59763","post","type-post","status-publish","format-standard","hentry","category-politica"],"jetpack_shortlink":"https:\/\/wp.me\/p2JWE0-fxV","jetpack-related-posts":[{"id":111404,"url":"http:\/\/www.24baires.com\/?p=111404","url_meta":{"origin":59763,"position":0},"title":"Macri usa el helic\u00f3ptero para hacer campa\u00f1a","author":"AF","date":"31\/07\/2019","format":false,"excerpt":"El secretario general de la presidencia, Fernando De Andreis, confirm\u00f3 que el mandatario vol\u00f3 desde la residencia presidencial de Olivos hasta Belgrano. La excusa fue \"razones de seguridad\". Despu\u00e9s de haber utilizado un helic\u00f3ptero oficial para ir a una peluquer\u00eda en C\u00f3rdoba , el presidente, Mauricio Macri, volvi\u00f3 a recurrir\u2026","rel":"","context":"En \u00abPol\u00edtica\u00bb","block_context":{"text":"Pol\u00edtica","link":"http:\/\/www.24baires.com\/?cat=51"},"img":{"alt_text":"","src":"https:\/\/i0.wp.com\/www.24baires.com\/wp-content\/uploads\/2019\/07\/helic%C3%B3ptero-macri.jpg?resize=350%2C200","width":350,"height":200,"srcset":"https:\/\/i0.wp.com\/www.24baires.com\/wp-content\/uploads\/2019\/07\/helic%C3%B3ptero-macri.jpg?resize=350%2C200 1x, https:\/\/i0.wp.com\/www.24baires.com\/wp-content\/uploads\/2019\/07\/helic%C3%B3ptero-macri.jpg?resize=525%2C300 1.5x"},"classes":[]},{"id":114966,"url":"http:\/\/www.24baires.com\/?p=114966","url_meta":{"origin":59763,"position":1},"title":"Anuncian el ingreso a una nueva fase del aislamiento social","author":"AF","date":"08\/05\/2020","format":false,"excerpt":"El presidente Alberto Fern\u00e1ndez anunciar\u00e1 a las 20 en una conferencia de prensa el ingreso y los alcances de la nueva etapa del aislamiento social y obligatorio por el coronavirus, iniciado el 20 de marzo pasado, informaron a T\u00e9lam fuentes oficiales. Fern\u00e1ndez manten\u00eda en la residencia de Olivos reuniones con\u2026","rel":"","context":"En \u00abSociedad\u00bb","block_context":{"text":"Sociedad","link":"http:\/\/www.24baires.com\/?cat=1"},"img":{"alt_text":"","src":"https:\/\/i0.wp.com\/www.24baires.com\/wp-content\/uploads\/2020\/05\/alberto-entrevista.jpg?resize=350%2C200","width":350,"height":200,"srcset":"https:\/\/i0.wp.com\/www.24baires.com\/wp-content\/uploads\/2020\/05\/alberto-entrevista.jpg?resize=350%2C200 1x, https:\/\/i0.wp.com\/www.24baires.com\/wp-content\/uploads\/2020\/05\/alberto-entrevista.jpg?resize=525%2C300 1.5x"},"classes":[]},{"id":63918,"url":"http:\/\/www.24baires.com\/?p=63918","url_meta":{"origin":59763,"position":2},"title":"Cristina recibe en Olivos a de Pedro, Zannini y a Kicillof","author":"GB","date":"06\/04\/2015","format":false,"excerpt":"La presidenta cumplir\u00e1 su actividad oficial en la Residencia de Olivos, donde tiene previsto recibir al secretario general de la Presidencia, al secretario Legal y T\u00e9cnico y m\u00e1s tarde al ministro de Econom\u00eda. La presidenta Cristina Fern\u00e1ndez de Kirchner cumplir\u00e1 esta tarde su actividad oficial en la Residencia de Olivos,\u2026","rel":"","context":"En \u00abPol\u00edtica\u00bb","block_context":{"text":"Pol\u00edtica","link":"http:\/\/www.24baires.com\/?cat=51"},"img":{"alt_text":"cristina kicillof","src":"https:\/\/i0.wp.com\/www.24baires.com\/wp-content\/uploads\/2014\/08\/cristina-kicillof.jpg?resize=350%2C200","width":350,"height":200,"srcset":"https:\/\/i0.wp.com\/www.24baires.com\/wp-content\/uploads\/2014\/08\/cristina-kicillof.jpg?resize=350%2C200 1x, https:\/\/i0.wp.com\/www.24baires.com\/wp-content\/uploads\/2014\/08\/cristina-kicillof.jpg?resize=525%2C300 1.5x"},"classes":[]},{"id":102751,"url":"http:\/\/www.24baires.com\/?p=102751","url_meta":{"origin":59763,"position":3},"title":"Macri y Dujovne se re\u00fanen de urgencia en Olivos por la fuerte disparada del d\u00f3lar","author":"AF","date":"14\/06\/2018","format":false,"excerpt":"El ministro de Hacienda lleg\u00f3 a la quinta presidencial luego de que el d\u00f3lar se disparara a 28,44 pesos. El presidente Mauricio Macri convoc\u00f3 a Olivos al ministro de Hacienda, Nicol\u00e1s Dujovne, luego de la brutal disparada del d\u00f3lar experimentada este jueves. Durante el encuentro en la residencia de Olivos\u2026","rel":"","context":"En \u00abEconom\u00eda\u00bb","block_context":{"text":"Econom\u00eda","link":"http:\/\/www.24baires.com\/?cat=45"},"img":{"alt_text":"","src":"https:\/\/i0.wp.com\/www.24baires.com\/wp-content\/uploads\/2018\/06\/dujovne-macri.jpg?resize=350%2C200","width":350,"height":200,"srcset":"https:\/\/i0.wp.com\/www.24baires.com\/wp-content\/uploads\/2018\/06\/dujovne-macri.jpg?resize=350%2C200 1x, https:\/\/i0.wp.com\/www.24baires.com\/wp-content\/uploads\/2018\/06\/dujovne-macri.jpg?resize=525%2C300 1.5x"},"classes":[]},{"id":117163,"url":"http:\/\/www.24baires.com\/?p=117163","url_meta":{"origin":59763,"position":4},"title":"El Presidente recibe a la Mesa de Enlace y encabeza el Consejo contra el Hambre","author":"GB","date":"10\/02\/2021","format":false,"excerpt":"El Presidente encabezar\u00e1 dos encuentros claves este mi\u00e9rcoles. Por la ma\u00f1ana ser\u00e1 de forma virtual desde Olivos, mientras que por la tarde estar\u00e1 reunido con los representantes de las entidades agrarias. El presidente Alberto Fern\u00e1ndez encabezar\u00e1 este mi\u00e9rcoles la primera reuni\u00f3n del a\u00f1o del Consejo Federal Argentina Contra el Hambre\u2026","rel":"","context":"En \u00abPol\u00edtica\u00bb","block_context":{"text":"Pol\u00edtica","link":"http:\/\/www.24baires.com\/?cat=51"},"img":{"alt_text":"","src":"https:\/\/i0.wp.com\/www.24baires.com\/wp-content\/uploads\/2020\/08\/alberto-fern%C3%A1ndez.jpg?resize=350%2C200","width":350,"height":200,"srcset":"https:\/\/i0.wp.com\/www.24baires.com\/wp-content\/uploads\/2020\/08\/alberto-fern%C3%A1ndez.jpg?resize=350%2C200 1x, https:\/\/i0.wp.com\/www.24baires.com\/wp-content\/uploads\/2020\/08\/alberto-fern%C3%A1ndez.jpg?resize=525%2C300 1.5x"},"classes":[]},{"id":117711,"url":"http:\/\/www.24baires.com\/?p=117711","url_meta":{"origin":59763,"position":5},"title":"Alberto Fern\u00e1ndez presenta la ley de Educaci\u00f3n Ambiental","author":"GB","date":"07\/06\/2021","format":false,"excerpt":"El presidente Alberto Fern\u00e1ndez presentar\u00e1 la Ley 27.621 que implementa la Educaci\u00f3n Ambiental Integral. El presidente Alberto Fern\u00e1ndez anunciar\u00e1 este lunes 7 de junio la promulgaci\u00f3n de la Ley 27.621 que implementa la Educaci\u00f3n Ambiental Integral (EAI) en todo el pa\u00eds. De esta manera, el mandatario nacional arranca la semana\u2026","rel":"","context":"En \u00abPol\u00edtica\u00bb","block_context":{"text":"Pol\u00edtica","link":"http:\/\/www.24baires.com\/?cat=51"},"img":{"alt_text":"","src":"https:\/\/i0.wp.com\/www.24baires.com\/wp-content\/uploads\/2020\/08\/alberto-fern%C3%A1ndez.jpg?resize=350%2C200","width":350,"height":200,"srcset":"https:\/\/i0.wp.com\/www.24baires.com\/wp-content\/uploads\/2020\/08\/alberto-fern%C3%A1ndez.jpg?resize=350%2C200 1x, https:\/\/i0.wp.com\/www.24baires.com\/wp-content\/uploads\/2020\/08\/alberto-fern%C3%A1ndez.jpg?resize=525%2C300 1.5x"},"classes":[]}],"jetpack_sharing_enabled":true,"jetpack_likes_enabled":true,"jetpack_featured_media_url":"","_links":{"self":[{"href":"http:\/\/www.24baires.com\/index.php?rest_route=\/wp\/v2\/posts\/59763","targetHints":{"allow":["GET"]}}],"collection":[{"href":"http:\/\/www.24baires.com\/index.php?rest_route=\/wp\/v2\/posts"}],"about":[{"href":"http:\/\/www.24baires.com\/index.php?rest_route=\/wp\/v2\/types\/post"}],"author":[{"embeddable":true,"href":"http:\/\/www.24baires.com\/index.php?rest_route=\/wp\/v2\/users\/8"}],"replies":[{"embeddable":true,"href":"http:\/\/www.24baires.com\/index.php?rest_route=%2Fwp%2Fv2%2Fcomments&post=59763"}],"version-history":[{"count":1,"href":"http:\/\/www.24baires.com\/index.php?rest_route=\/wp\/v2\/posts\/59763\/revisions"}],"predecessor-version":[{"id":59764,"href":"http:\/\/www.24baires.com\/index.php?rest_route=\/wp\/v2\/posts\/59763\/revisions\/59764"}],"wp:attachment":[{"href":"http:\/\/www.24baires.com\/index.php?rest_route=%2Fwp%2Fv2%2Fmedia&parent=59763"}],"wp:term":[{"taxonomy":"category","embeddable":true,"href":"http:\/\/www.24baires.com\/index.php?rest_route=%2Fwp%2Fv2%2Fcategories&post=59763"},{"taxonomy":"post_tag","embeddable":true,"href":"http:\/\/www.24baires.com\/index.php?rest_route=%2Fwp%2Fv2%2Ftags&post=59763"}],"curies":[{"name":"wp","href":"https:\/\/api.w.org\/{rel}","templated":true}]}}