{"id":59663,"date":"2015-01-06T17:30:48","date_gmt":"2015-01-06T20:30:48","guid":{"rendered":"http:\/\/www.24baires.com\/?p=59663"},"modified":"2015-01-06T17:25:57","modified_gmt":"2015-01-06T20:25:57","slug":"si-daniel-dice-que-va-donde-lo-invitan-lo-invito-a-visitar-las-escuelas-que-estan-hace-dos-anos-sin-terminar","status":"publish","type":"post","link":"http:\/\/www.24baires.com\/?p=59663","title":{"rendered":"\u00abSi Daniel dice que va donde lo invitan, lo invito a visitar las escuelas que est\u00e1n hace dos a\u00f1os sin terminar\u00bb"},"content":{"rendered":"<p><img data-recalc-dims=\"1\" loading=\"lazy\" decoding=\"async\" class=\"aligncenter size-full wp-image-14055\" src=\"https:\/\/i0.wp.com\/www.24baires.com\/wp-content\/uploads\/2013\/01\/mussi-berazategui.jpg?resize=560%2C377\" alt=\"mussi berazategui\" width=\"560\" height=\"377\" srcset=\"https:\/\/i0.wp.com\/www.24baires.com\/wp-content\/uploads\/2013\/01\/mussi-berazategui.jpg?w=560 560w, https:\/\/i0.wp.com\/www.24baires.com\/wp-content\/uploads\/2013\/01\/mussi-berazategui.jpg?resize=300%2C201 300w\" sizes=\"auto, (max-width: 560px) 100vw, 560px\" \/>El intendente de Berazategui, Juan Patricio Mussi, inst\u00f3 al gobernador a \u00abreunirse con los directivos de las escuelas que hace dos a\u00f1os est\u00e1n sin terminar\u00bb en ese distrito bonaerense y asegur\u00f3 que \u00abno alcanza con decir\u00bb la pertenencia a un espacio pol\u00edtico, sino que hay que expresarla \u00abcon las convicciones\u00bb.<!--more--><\/p>\n<p>En el marco de las cr\u00edticas que un amplio arco de dirigentes kirchneristas lanz\u00f3 sobre el mandatario provincial por su presencia en la inauguraci\u00f3n del espacio Clar\u00edn en la ciudad de Mar del Plata, Mussi dijo a T\u00e9lam que si el gobernador \u00abva donde lo invitan, yo lo quiero invitar a reunirse con los directivos de la escuela t\u00e9cnica 6 y la secundaria 19 de Berazategui, que la provincia no puede terminar desde hace dos a\u00f1os\u00bb.<\/p>\n<p>\u00abNo tengo ning\u00fan problema con que Daniel concurra a cuanto evento veraniego quiera ir, pero tambi\u00e9n me gustar\u00eda que venga a ver el Camino General Belgrano, que es un desastre, o las rutas provinciales que atraviesan nuestro distrito y est\u00e1n todas rotas\u00bb, agreg\u00f3 el jefe comunal e intergante del grupo &#8216;Los Octubres&#8217;.<\/p>\n<p>En esta l\u00ednea, invit\u00f3 a Scioli \u00aba que visite la sala de neonatalidad del hospital Evita Pueblo, que est\u00e1 al borde del colapso por la falta de personal y porque le recortaron recursos, y si quiere tambi\u00e9n puede visitar el Consejo Escolar de Berazategui, al que este a\u00f1o le destinaron un 40 por ciento menos de recursos que el a\u00f1o pasado\u00bb.<\/p>\n<p>Durante su asistencia a un acto en el partido de Ensenada que comparti\u00f3 con el ministro de Planificaci\u00f3n, Julio De Vido, y el intendente local, Mario Secco, Mussi asegur\u00f3 que \u00abDaniel prefiri\u00f3 estar con Pi\u00f1\u00f3n Fijo y Carlitos Bal\u00e1 en lugar de estar ac\u00e1. No hay ning\u00fan problema con eso, pero son gestos que definen a las personas\u00bb.<\/p>\n<p>Consultado sobre si la pol\u00e9mica generada por la presencia de Scioli en el Espacio Clar\u00edn lo inhibe como candidato presidencial de unidad del Frente para la Victoria, Mussi defini\u00f3 que \u00abno alcanza con decir que uno pertenece a determinado espacio pol\u00edtico. Uno no es de donde dice ser, uno es de donde siente y de donde lo ubican sus convicciones\u00bb.<\/p>\n<p>Y a\u00f1adi\u00f3: \u00abA mi Daniel me parece un buen tipo y le tengo aprecio, pero eso solo no alcanza para ser presidente de la Naci\u00f3n. A m\u00ed, como a muchos otros compa\u00f1eros, estas actitudes y gestos no me representan, as\u00ed que me gustar\u00eda que si \u00e9l no se siente del todo c\u00f3modo con nuestro proyecto pol\u00edtico lo diga y punto\u00bb.<\/p>\n<p>&nbsp;<\/p>\n<p>&nbsp;<\/p>\n<p>&nbsp;<\/p>\n<p>&nbsp;<\/p>\n<p>&nbsp;<\/p>\n<p>&nbsp;<\/p>\n<p>&nbsp;<\/p>\n<p>&nbsp;<\/p>\n<p>&nbsp;<\/p>\n<p>&nbsp;<\/p>\n<p>&nbsp;<\/p>\n<p>&nbsp;<\/p>\n<p>&nbsp;<\/p>\n<p>&nbsp;<\/p>\n","protected":false},"excerpt":{"rendered":"<p>El intendente de Berazategui, Juan Patricio Mussi, inst\u00f3 al gobernador a \u00abreunirse con los directivos de las escuelas que hace dos a\u00f1os est\u00e1n sin terminar\u00bb en ese distrito bonaerense y asegur\u00f3 que \u00abno alcanza con decir\u00bb la pertenencia a un espacio pol\u00edtico, sino que hay que expresarla \u00abcon las convicciones\u00bb.<\/p>\n","protected":false},"author":8,"featured_media":0,"comment_status":"open","ping_status":"open","sticky":false,"template":"","format":"standard","meta":{"_jetpack_newsletter_access":"","_jetpack_dont_email_post_to_subs":false,"_jetpack_newsletter_tier_id":0,"_jetpack_memberships_contains_paywalled_content":false,"_jetpack_memberships_contains_paid_content":false,"footnotes":""},"categories":[51],"tags":[],"class_list":["post-59663","post","type-post","status-publish","format-standard","hentry","category-politica"],"jetpack_shortlink":"https:\/\/wp.me\/p2JWE0-fwj","jetpack-related-posts":[{"id":102097,"url":"http:\/\/www.24baires.com\/?p=102097","url_meta":{"origin":59663,"position":0},"title":"Berazategui: piden investigar a Mussi por la muerte de dos ni\u00f1os tras ingerir agua contaminada","author":"AF","date":"11\/05\/2018","format":false,"excerpt":"Una fiscal federal pidi\u00f3 la declaraci\u00f3n indagatoria al intendente de Berazategui, Patricio Mussi, en la causa que investiga la muerte de dos ni\u00f1os a causa de la ingesta de agua con altos grados de contaminaci\u00f3n. La fiscal federal de Quilmes, Silvia Cavallo, le pidi\u00f3 al juez Luis Armella que cite\u2026","rel":"","context":"En \u00abLocales\u00bb","block_context":{"text":"Locales","link":"http:\/\/www.24baires.com\/?cat=38"},"img":{"alt_text":"","src":"https:\/\/i0.wp.com\/www.24baires.com\/wp-content\/uploads\/2018\/05\/mussi.jpg?resize=350%2C200","width":350,"height":200,"srcset":"https:\/\/i0.wp.com\/www.24baires.com\/wp-content\/uploads\/2018\/05\/mussi.jpg?resize=350%2C200 1x, https:\/\/i0.wp.com\/www.24baires.com\/wp-content\/uploads\/2018\/05\/mussi.jpg?resize=525%2C300 1.5x"},"classes":[]},{"id":37656,"url":"http:\/\/www.24baires.com\/?p=37656","url_meta":{"origin":59663,"position":1},"title":"Berazategui: Inauguraron dos empresas en el Polo Maderero","author":"Grupo Sierra","date":"30\/12\/2013","format":false,"excerpt":"El gobernador Daniel Scioli, junto al intendente de Berazategui, Juan Patricio Mussi, y al diputado provincial, Juan Jos\u00e9 Mussi, mantuvieron el encuentro en Pl\u00e1tanos, con las flamantes empresas que se encuentran dentro del Polo Mueblero Maderero, que fue declarado Parque Industrial. \u201cHace m\u00e1s de nueve a\u00f1os ten\u00edamos un sue\u00f1o: juntar\u2026","rel":"","context":"En \u00abLocales\u00bb","block_context":{"text":"Locales","link":"http:\/\/www.24baires.com\/?cat=38"},"img":{"alt_text":"","src":"","width":0,"height":0},"classes":[]},{"id":62648,"url":"http:\/\/www.24baires.com\/?p=62648","url_meta":{"origin":59663,"position":2},"title":"Scioli fue a buscarlo a Mussi a Berazategui","author":"Grupo Sierra","date":"04\/03\/2015","format":false,"excerpt":"El gobernador bonaerense y el intendente de Berazategui, compartieron un acto en la inauguraci\u00f3n de un jard\u00edn de infantes en la localidad. El gobernador bonaerense, Daniel Scioli, y el intendente de Berazategui, Juan Patricio Mussi, inauguraron en ese municipio del sur del conurbano el Jard\u00edn de Infantes N\u00ba 945, cuya\u2026","rel":"","context":"En \u00abProvincia\u00bb","block_context":{"text":"Provincia","link":"http:\/\/www.24baires.com\/?cat=40"},"img":{"alt_text":"scioli mussi","src":"https:\/\/i0.wp.com\/www.24baires.com\/wp-content\/uploads\/2015\/03\/scioli-mussi-300x253.jpg?resize=350%2C200","width":350,"height":200},"classes":[]},{"id":91904,"url":"http:\/\/www.24baires.com\/?p=91904","url_meta":{"origin":59663,"position":3},"title":"\u00abMe preocupa saber con qui\u00e9n habla Vidal sobre Berazategui\u00bb, dijo Mussi","author":"GB","date":"25\/01\/2017","format":false,"excerpt":"La gobernadora visit\u00f3 por sorpresa el Hospital Evita Pueblo pero nadie se comunic\u00f3 con el intendente Patricio Mussi. \"Me parecen buenas las visitas sorpresa siempre y cuando alguna vez haya di\u00e1logo\u201d, coment\u00f3 el mandatario municipal quien insisti\u00f3 en abrir el di\u00e1logo con su municipio. El intendente de Berazategui, Juan Patricio\u2026","rel":"","context":"En \u00abLocales\u00bb","block_context":{"text":"Locales","link":"http:\/\/www.24baires.com\/?cat=38"},"img":{"alt_text":"","src":"https:\/\/i0.wp.com\/www.24baires.com\/wp-content\/uploads\/2013\/01\/mussi-berazategui.jpg?resize=350%2C200","width":350,"height":200,"srcset":"https:\/\/i0.wp.com\/www.24baires.com\/wp-content\/uploads\/2013\/01\/mussi-berazategui.jpg?resize=350%2C200 1x, https:\/\/i0.wp.com\/www.24baires.com\/wp-content\/uploads\/2013\/01\/mussi-berazategui.jpg?resize=525%2C300 1.5x"},"classes":[]},{"id":64000,"url":"http:\/\/www.24baires.com\/?p=64000","url_meta":{"origin":59663,"position":4},"title":"Para Mussi \u00abInsaurralde no representa al modelo\u00bb","author":"Grupo Sierra","date":"08\/04\/2015","format":false,"excerpt":"El intendente de Berazategui y precandidato a gobernador de la provincia de Buenos Aires, Juan Patricio Mussi, expres\u00f3 que le llama la atenci\u00f3n que \"despu\u00e9s de tanto silencio\", Mart\u00edn Insaurralde se postule como gobernador bonaerense. En referencia a las intenciones del actual intendente de Lomas de Zamora, manifestadas en las\u2026","rel":"","context":"En \u00abPol\u00edtica\u00bb","block_context":{"text":"Pol\u00edtica","link":"http:\/\/www.24baires.com\/?cat=51"},"img":{"alt_text":"mussi berazategui","src":"https:\/\/i0.wp.com\/www.24baires.com\/wp-content\/uploads\/2013\/01\/mussi-berazategui.jpg?resize=350%2C200","width":350,"height":200,"srcset":"https:\/\/i0.wp.com\/www.24baires.com\/wp-content\/uploads\/2013\/01\/mussi-berazategui.jpg?resize=350%2C200 1x, https:\/\/i0.wp.com\/www.24baires.com\/wp-content\/uploads\/2013\/01\/mussi-berazategui.jpg?resize=525%2C300 1.5x"},"classes":[]},{"id":114935,"url":"http:\/\/www.24baires.com\/?p=114935","url_meta":{"origin":59663,"position":5},"title":"Kicillof recibi\u00f3 a intendentes oficialistas de la Tercera Secci\u00f3n","author":"AF","date":"06\/05\/2020","format":false,"excerpt":"El gobernador estuvo con Fernando Espinoza, Jorge Ferraresi, Juan Jos\u00e9 Mussi, Mario Secco, Mart\u00edn Insaurralde y Mariano Cascallares. El gobernador bonaerense, Axel Kicillof, viene manteniendo una serie de encuentros con intendentes para evaluar la continuidad de la ayuda financiera de la Provincia a los municipios frente a la crisis que\u2026","rel":"","context":"En \u00abProvincia\u00bb","block_context":{"text":"Provincia","link":"http:\/\/www.24baires.com\/?cat=40"},"img":{"alt_text":"","src":"https:\/\/i0.wp.com\/www.24baires.com\/wp-content\/uploads\/2020\/05\/kicillof-intendentes.jpg?resize=350%2C200","width":350,"height":200,"srcset":"https:\/\/i0.wp.com\/www.24baires.com\/wp-content\/uploads\/2020\/05\/kicillof-intendentes.jpg?resize=350%2C200 1x, https:\/\/i0.wp.com\/www.24baires.com\/wp-content\/uploads\/2020\/05\/kicillof-intendentes.jpg?resize=525%2C300 1.5x"},"classes":[]}],"jetpack_sharing_enabled":true,"jetpack_likes_enabled":true,"jetpack_featured_media_url":"","_links":{"self":[{"href":"http:\/\/www.24baires.com\/index.php?rest_route=\/wp\/v2\/posts\/59663","targetHints":{"allow":["GET"]}}],"collection":[{"href":"http:\/\/www.24baires.com\/index.php?rest_route=\/wp\/v2\/posts"}],"about":[{"href":"http:\/\/www.24baires.com\/index.php?rest_route=\/wp\/v2\/types\/post"}],"author":[{"embeddable":true,"href":"http:\/\/www.24baires.com\/index.php?rest_route=\/wp\/v2\/users\/8"}],"replies":[{"embeddable":true,"href":"http:\/\/www.24baires.com\/index.php?rest_route=%2Fwp%2Fv2%2Fcomments&post=59663"}],"version-history":[{"count":1,"href":"http:\/\/www.24baires.com\/index.php?rest_route=\/wp\/v2\/posts\/59663\/revisions"}],"predecessor-version":[{"id":59664,"href":"http:\/\/www.24baires.com\/index.php?rest_route=\/wp\/v2\/posts\/59663\/revisions\/59664"}],"wp:attachment":[{"href":"http:\/\/www.24baires.com\/index.php?rest_route=%2Fwp%2Fv2%2Fmedia&parent=59663"}],"wp:term":[{"taxonomy":"category","embeddable":true,"href":"http:\/\/www.24baires.com\/index.php?rest_route=%2Fwp%2Fv2%2Fcategories&post=59663"},{"taxonomy":"post_tag","embeddable":true,"href":"http:\/\/www.24baires.com\/index.php?rest_route=%2Fwp%2Fv2%2Ftags&post=59663"}],"curies":[{"name":"wp","href":"https:\/\/api.w.org\/{rel}","templated":true}]}}