{"id":59641,"date":"2015-01-06T13:30:31","date_gmt":"2015-01-06T16:30:31","guid":{"rendered":"http:\/\/www.24baires.com\/?p=59641"},"modified":"2015-01-06T13:06:26","modified_gmt":"2015-01-06T16:06:26","slug":"el-grupo-clarin-y-el-kirchnerismo-no-son-compatibles-sentencio-rossi","status":"publish","type":"post","link":"http:\/\/www.24baires.com\/?p=59641","title":{"rendered":"\u00abEl Grupo Clar\u00edn y el kirchnerismo no son compatibles\u00bb, sentenci\u00f3 Rossi"},"content":{"rendered":"<p><img data-recalc-dims=\"1\" loading=\"lazy\" decoding=\"async\" class=\"aligncenter size-full wp-image-58629\" src=\"https:\/\/i0.wp.com\/www.24baires.com\/wp-content\/uploads\/2014\/12\/rossi_6.jpg?resize=560%2C314\" alt=\"rossi_6\" width=\"560\" height=\"314\" srcset=\"https:\/\/i0.wp.com\/www.24baires.com\/wp-content\/uploads\/2014\/12\/rossi_6.jpg?w=560 560w, https:\/\/i0.wp.com\/www.24baires.com\/wp-content\/uploads\/2014\/12\/rossi_6.jpg?resize=300%2C168 300w\" sizes=\"auto, (max-width: 560px) 100vw, 560px\" \/>El ministro de Defensa y precandidato presidencial del Frente para la Victoria (FPV) afirm\u00f3 que no le gust\u00f3, pero tampoco le \u00absorprendi\u00f3\u00bb, la presencia de Daniel Scioli en la inauguraci\u00f3n del espacio Clar\u00edn en Mar del Plata.<!--more--><\/p>\n<p>\u00abNo es la primera vez que lo vemos al gobernador participando en ese tipo de escenarios. Clar\u00edn se regodea con esto tambi\u00e9n, parece que lo provoc\u00f3 y ahora lo disfruta\u00bb, dijo Rossi en declaraciones a FM Nacional Rock.<\/p>\n<p>Para el precandidato presidencial del FPV, \u00abhay cosas que claramente no son compatibles, y el kirchnerismo con Clar\u00edn no son compatibles\u00bb.<\/p>\n<p>\u00abEspero que estos hechos, los votantes del FPV lo metabolicen a la hora de elegir qui\u00e9n nos va a representar en las elecciones de este a\u00f1o\u00bb, expres\u00f3.<\/p>\n<p>En cuanto al proceso electoral de este a\u00f1o, Agust\u00edn Rossi expres\u00f3 su convicci\u00f3n de que \u00ablos argentinos no van a volver atr\u00e1s\u00bb sino que \u00abvan a votar la continuidad de este proceso pol\u00edtico\u00bb y, para ello, \u00abtendr\u00e1n que elegir a quien les d\u00e9 mayor cantidad de garant\u00edas de continuidad de las pol\u00edticas aplicadas desde el 2003\u00bb.<\/p>\n<p>Sobre su postulaci\u00f3n, el titular de la cartera de Defensa se\u00f1al\u00f3 que su propuesta \u00abcontinuar\u00eda el proceso pol\u00edtico con un fuerte liderazgo de la Presidenta\u00bb Cristina Fern\u00e1ndez de Kirchner, \u00abpropiciando el mantenimiento de las pol\u00edticas p\u00fablicas y el mismo lugar ideol\u00f3gico del gobierno en estos a\u00f1os\u00bb.<\/p>\n<p>&nbsp;<\/p>\n<p>&nbsp;<\/p>\n<p>&nbsp;<\/p>\n<p>&nbsp;<\/p>\n<p>&nbsp;<\/p>\n<p>&nbsp;<\/p>\n<p>&nbsp;<\/p>\n<p>&nbsp;<\/p>\n<p>&nbsp;<\/p>\n<p>&nbsp;<\/p>\n<p>&nbsp;<\/p>\n","protected":false},"excerpt":{"rendered":"<p>El ministro de Defensa y precandidato presidencial del Frente para la Victoria (FPV) afirm\u00f3 que no le gust\u00f3, pero tampoco le \u00absorprendi\u00f3\u00bb, la presencia de Daniel Scioli en la inauguraci\u00f3n del espacio Clar\u00edn en Mar del Plata.<\/p>\n","protected":false},"author":8,"featured_media":0,"comment_status":"open","ping_status":"open","sticky":false,"template":"","format":"standard","meta":{"_jetpack_newsletter_access":"","_jetpack_dont_email_post_to_subs":false,"_jetpack_newsletter_tier_id":0,"_jetpack_memberships_contains_paywalled_content":false,"_jetpack_memberships_contains_paid_content":false,"footnotes":""},"categories":[51],"tags":[],"class_list":["post-59641","post","type-post","status-publish","format-standard","hentry","category-politica"],"jetpack_shortlink":"https:\/\/wp.me\/p2JWE0-fvX","jetpack-related-posts":[{"id":67166,"url":"http:\/\/www.24baires.com\/?p=67166","url_meta":{"origin":59641,"position":0},"title":"Rossi respald\u00f3 la candidatura de Randazzo","author":"GB","date":"06\/06\/2015","format":false,"excerpt":"El ministro del Interior y Transporte y precandidato presidencial, Florencio Randazzo, se mostr\u00f3 con el jefe de la cartera de Defensa, Agust\u00edn Rossi, quien respald\u00f3 su precandidatura, pero descart\u00f3 que esto sea un gui\u00f1o para blanquear a su compa\u00f1ero de f\u00f3rmula, al advertir que su vice \"lo va a definir\u2026","rel":"","context":"En \u00abElecciones 2015\u00bb","block_context":{"text":"Elecciones 2015","link":"http:\/\/www.24baires.com\/?cat=74"},"img":{"alt_text":"","src":"https:\/\/i0.wp.com\/www.24baires.com\/wp-content\/uploads\/2015\/06\/rossi-randazzo.jpg?resize=350%2C200","width":350,"height":200,"srcset":"https:\/\/i0.wp.com\/www.24baires.com\/wp-content\/uploads\/2015\/06\/rossi-randazzo.jpg?resize=350%2C200 1x, https:\/\/i0.wp.com\/www.24baires.com\/wp-content\/uploads\/2015\/06\/rossi-randazzo.jpg?resize=525%2C300 1.5x"},"classes":[]},{"id":59898,"url":"http:\/\/www.24baires.com\/?p=59898","url_meta":{"origin":59641,"position":1},"title":"Urribarri propone una alianza de kirchneristas &#8216;puros&#8217; para enfrentar a Scioli","author":"Grupo Sierra","date":"11\/01\/2015","format":false,"excerpt":"El gobernador de Entre R\u00edos y predandidato presidencia,dijo, adem\u00e1s, que hay que \"generar una convergencia en el FPV para fortalecer un candidato que represente al espacio\" en las PASO. El gobernador de Entre R\u00edos, Sergio Urribarri, pidi\u00f3 \u201cgenerar una convergencia en el Frente para la Victoria para fortalecer alguna candidatura\u2026","rel":"","context":"En \u00abElecciones 2015\u00bb","block_context":{"text":"Elecciones 2015","link":"http:\/\/www.24baires.com\/?cat=74"},"img":{"alt_text":"","src":"https:\/\/i0.wp.com\/www.24baires.com\/wp-content\/uploads\/2015\/01\/urribarri-playa.jpg?resize=350%2C200","width":350,"height":200,"srcset":"https:\/\/i0.wp.com\/www.24baires.com\/wp-content\/uploads\/2015\/01\/urribarri-playa.jpg?resize=350%2C200 1x, https:\/\/i0.wp.com\/www.24baires.com\/wp-content\/uploads\/2015\/01\/urribarri-playa.jpg?resize=525%2C300 1.5x"},"classes":[]},{"id":63110,"url":"http:\/\/www.24baires.com\/?p=63110","url_meta":{"origin":59641,"position":2},"title":"Rossi asegura que Cristina va a seguir siendo \u00absu jefa\u00bb","author":"Grupo Sierra","date":"13\/03\/2015","format":false,"excerpt":"El ministro de Defensa y precandidato presidencial Agust\u00edn Rossi propuso, adem\u00e1s \"un debate p\u00fablico donde cada precandidato exprese su posicionamiento frente a determinados temas\" El ministro de Defensa y precandidato presidencial del FPV, Agust\u00edn Rossi, propuso hoy \"un debate p\u00fablico de ideas y de propuestas\" entre los postulantes del oficialismo\u2026","rel":"","context":"En \u00abElecciones 2015\u00bb","block_context":{"text":"Elecciones 2015","link":"http:\/\/www.24baires.com\/?cat=74"},"img":{"alt_text":"rossi","src":"https:\/\/i0.wp.com\/www.24baires.com\/wp-content\/uploads\/2015\/02\/rossi1.jpg?resize=350%2C200","width":350,"height":200,"srcset":"https:\/\/i0.wp.com\/www.24baires.com\/wp-content\/uploads\/2015\/02\/rossi1.jpg?resize=350%2C200 1x, https:\/\/i0.wp.com\/www.24baires.com\/wp-content\/uploads\/2015\/02\/rossi1.jpg?resize=525%2C300 1.5x"},"classes":[]},{"id":102623,"url":"http:\/\/www.24baires.com\/?p=102623","url_meta":{"origin":59641,"position":3},"title":"El bloque del FpV-PJ present\u00f3 un mill\u00f3n de firmas para derogar la reforma previsional","author":"AF","date":"08\/06\/2018","format":false,"excerpt":"Los diputados kirchneristas presentaron hoy un proyecto para derogar la ley de reforma previsional que se sancion\u00f3 en diciembre pasado. El proyecto cuenta con 14 firmas. Acompa\u00f1an, entre otros, Daniel Filmus, Leopoldo Moreau, Axel Kicillof, Agust\u00edn Rossi y Fernanda Vallejos. La iniciativa contempla que, hasta tanto se dicte una nueva\u2026","rel":"","context":"En \u00abSociedad\u00bb","block_context":{"text":"Sociedad","link":"http:\/\/www.24baires.com\/?cat=1"},"img":{"alt_text":"","src":"https:\/\/i0.wp.com\/www.24baires.com\/wp-content\/uploads\/2017\/12\/jubilados.jpg?resize=350%2C200","width":350,"height":200,"srcset":"https:\/\/i0.wp.com\/www.24baires.com\/wp-content\/uploads\/2017\/12\/jubilados.jpg?resize=350%2C200 1x, https:\/\/i0.wp.com\/www.24baires.com\/wp-content\/uploads\/2017\/12\/jubilados.jpg?resize=525%2C300 1.5x"},"classes":[]},{"id":103525,"url":"http:\/\/www.24baires.com\/?p=103525","url_meta":{"origin":59641,"position":4},"title":"Presentan proyecto para derogar el decreto de Macri de intervenci\u00f3n de las Fuerzas Armadas","author":"AF","date":"25\/07\/2018","format":false,"excerpt":"Los fundamentos de la iniciativa que encabeza el presidente del bloque FPV-PJ, Agust\u00edn Rossi, sostienen que el presidente \u201ca trav\u00e9s de un simple decreto reglamentario intenta cambiar las bases sobre las que est\u00e1 estructurado nuestro sistema de Defensa Nacional, construido desde la recuperaci\u00f3n democr\u00e1tica\u201d. Diputados y diputadas del bloque FPV-PJ\u2026","rel":"","context":"En \u00abLocales\u00bb","block_context":{"text":"Locales","link":"http:\/\/www.24baires.com\/?cat=38"},"img":{"alt_text":"","src":"https:\/\/i0.wp.com\/www.24baires.com\/wp-content\/uploads\/2018\/07\/macri-fuerzas.jpg?resize=350%2C200","width":350,"height":200,"srcset":"https:\/\/i0.wp.com\/www.24baires.com\/wp-content\/uploads\/2018\/07\/macri-fuerzas.jpg?resize=350%2C200 1x, https:\/\/i0.wp.com\/www.24baires.com\/wp-content\/uploads\/2018\/07\/macri-fuerzas.jpg?resize=525%2C300 1.5x"},"classes":[]},{"id":47971,"url":"http:\/\/www.24baires.com\/?p=47971","url_meta":{"origin":59641,"position":5},"title":"Seg\u00fan Urribarri, \u00abScioli se aleja cada vez m\u00e1s del kirchnerismo\u00bb","author":"Grupo Sierra","date":"13\/06\/2014","format":false,"excerpt":"El gobernador de Entre R\u00edos se refiri\u00f3 a la participaci\u00f3n del gobernador bonaerense en un foro organizado por el Grupo Clar\u00edn y se\u00f1al\u00f3 que \"ha llamado mucho la atenci\u00f3n su presencia en esta convocatoria de Magnetto\". El gobernador de Entre R\u00edos, Sergio Urribari, dijo hoy que su par bonaerense Daniel\u2026","rel":"","context":"En \u00abElecciones 2015\u00bb","block_context":{"text":"Elecciones 2015","link":"http:\/\/www.24baires.com\/?cat=74"},"img":{"alt_text":"urribarri_afeitado","src":"https:\/\/i0.wp.com\/www.24baires.com\/wp-content\/uploads\/2013\/11\/urribarri_afeitado.jpg?resize=350%2C200","width":350,"height":200,"srcset":"https:\/\/i0.wp.com\/www.24baires.com\/wp-content\/uploads\/2013\/11\/urribarri_afeitado.jpg?resize=350%2C200 1x, https:\/\/i0.wp.com\/www.24baires.com\/wp-content\/uploads\/2013\/11\/urribarri_afeitado.jpg?resize=525%2C300 1.5x"},"classes":[]}],"jetpack_sharing_enabled":true,"jetpack_likes_enabled":true,"jetpack_featured_media_url":"","_links":{"self":[{"href":"http:\/\/www.24baires.com\/index.php?rest_route=\/wp\/v2\/posts\/59641","targetHints":{"allow":["GET"]}}],"collection":[{"href":"http:\/\/www.24baires.com\/index.php?rest_route=\/wp\/v2\/posts"}],"about":[{"href":"http:\/\/www.24baires.com\/index.php?rest_route=\/wp\/v2\/types\/post"}],"author":[{"embeddable":true,"href":"http:\/\/www.24baires.com\/index.php?rest_route=\/wp\/v2\/users\/8"}],"replies":[{"embeddable":true,"href":"http:\/\/www.24baires.com\/index.php?rest_route=%2Fwp%2Fv2%2Fcomments&post=59641"}],"version-history":[{"count":1,"href":"http:\/\/www.24baires.com\/index.php?rest_route=\/wp\/v2\/posts\/59641\/revisions"}],"predecessor-version":[{"id":59642,"href":"http:\/\/www.24baires.com\/index.php?rest_route=\/wp\/v2\/posts\/59641\/revisions\/59642"}],"wp:attachment":[{"href":"http:\/\/www.24baires.com\/index.php?rest_route=%2Fwp%2Fv2%2Fmedia&parent=59641"}],"wp:term":[{"taxonomy":"category","embeddable":true,"href":"http:\/\/www.24baires.com\/index.php?rest_route=%2Fwp%2Fv2%2Fcategories&post=59641"},{"taxonomy":"post_tag","embeddable":true,"href":"http:\/\/www.24baires.com\/index.php?rest_route=%2Fwp%2Fv2%2Ftags&post=59641"}],"curies":[{"name":"wp","href":"https:\/\/api.w.org\/{rel}","templated":true}]}}