{"id":59623,"date":"2015-01-06T10:00:32","date_gmt":"2015-01-06T13:00:32","guid":{"rendered":"http:\/\/www.24baires.com\/?p=59623"},"modified":"2015-01-07T11:42:49","modified_gmt":"2015-01-07T14:42:49","slug":"capitanich-atendio-a-los-farsantes-de-la-politica","status":"publish","type":"post","link":"http:\/\/www.24baires.com\/?p=59623","title":{"rendered":"Capitanich \u00abatendi\u00f3\u00bb a los \u00abfarsantes de la pol\u00edtica\u00bb"},"content":{"rendered":"<p><img data-recalc-dims=\"1\" loading=\"lazy\" decoding=\"async\" class=\"aligncenter size-full wp-image-57424\" src=\"https:\/\/i0.wp.com\/www.24baires.com\/wp-content\/uploads\/2014\/11\/capitanich-soberan%C3%ADa.jpg?resize=560%2C373\" alt=\"capitanich soberan\u00eda\" width=\"560\" height=\"373\" srcset=\"https:\/\/i0.wp.com\/www.24baires.com\/wp-content\/uploads\/2014\/11\/capitanich-soberan%C3%ADa.jpg?w=560 560w, https:\/\/i0.wp.com\/www.24baires.com\/wp-content\/uploads\/2014\/11\/capitanich-soberan%C3%ADa.jpg?resize=300%2C199 300w\" sizes=\"auto, (max-width: 560px) 100vw, 560px\" \/>El jefe de Gabinete se\u00f1al\u00f3 adem\u00e1s la necesidad de \u00abdefender todos los d\u00edas, desde la trinchera y la militancia, lo que hemos podido construir\u00bb en los \u00faltimos diez a\u00f1os.<!--more-->En su habitual encuentro con los periodistas acreditados en la Casa de Gobierno, el funcionario subray\u00f3 la necesidad de \u00abaclarar y contar con todos los datos\u00bb para entender la actual situaci\u00f3n del pa\u00eds, porque sino \u00ablos mentirosos de siempre, que est\u00e1n en las oficinas y dan mensajes a ciertos pol\u00edticos opositores, terminan instalando sus temas\u00bb.<\/p>\n<p>Capitanich, en su car\u00e1cter de vicepresidente primero del Consejo Nacional Justicialista, remarc\u00f3 que \u201clos farsantes de la pol\u00edtica que est\u00e1n del otro lado merecen que desde el peronismo se les conteste y se defienda claramente lo que pudimos construir en estos a\u00f1os de gesti\u00f3n\u201d.<\/p>\n<p>\u201cVoy a estar en la trinchera en la militancia activa y en la defensa de este proyecto porque lo siento as\u00ed y porque tengo la m\u00e1s absoluta y profunda convicci\u00f3n que ha sido la m\u00e1s fenomenal transformaci\u00f3n de la Argentina despu\u00e9s de Juan Domingo Per\u00f3n y por eso es necesario defender con actitud, vocaci\u00f3n militante y diciendo en la cara lo que es necesario decir\u201d, a\u00f1adi\u00f3.<\/p>\n<p>Para el jefe de Gabinete, muchos pol\u00edticos \u201csufren la crisis de amedrentamiento y cuando lo empiezan a criticar arrugan y no tienen coraje ni convicci\u00f3n, y a los que cuando lo critican en las tapas de los diarios o en operaciones de prensa en vez de criticar y exponer la verdad se esconden\u201d.<\/p>\n<p>Sostuvo que \u201csi un dirigente pol\u00edtico no tienen convicci\u00f3n para defender lo que piensa, no merece la confianza ni el voto del pueblo\u201d.<\/p>\n","protected":false},"excerpt":{"rendered":"<p>El jefe de Gabinete se\u00f1al\u00f3 adem\u00e1s la necesidad de \u00abdefender todos los d\u00edas, desde la trinchera y la militancia, lo que hemos podido construir\u00bb en los \u00faltimos diez a\u00f1os.<\/p>\n","protected":false},"author":4,"featured_media":0,"comment_status":"open","ping_status":"open","sticky":false,"template":"","format":"standard","meta":{"_jetpack_newsletter_access":"","_jetpack_dont_email_post_to_subs":false,"_jetpack_newsletter_tier_id":0,"_jetpack_memberships_contains_paywalled_content":false,"_jetpack_memberships_contains_paid_content":false,"footnotes":""},"categories":[51],"tags":[],"class_list":["post-59623","post","type-post","status-publish","format-standard","hentry","category-politica"],"jetpack_shortlink":"https:\/\/wp.me\/p2JWE0-fvF","jetpack-related-posts":[{"id":116123,"url":"http:\/\/www.24baires.com\/?p=116123","url_meta":{"origin":59623,"position":0},"title":"\u00abLa Argentina central que tiene periferias no se puede tolerar m\u00e1s\u00bb","author":"AF","date":"01\/09\/2020","format":false,"excerpt":"El Presidente encabez\u00f3 la firma de convenios con el gobernador de Chaco, Jorge Capitanich. En ese marco, defendi\u00f3 el acceso a la conectividad y al conocimiento en todo el pa\u00eds. El presidente Alberto Fern\u00e1ndez reafirm\u00f3 que \"la Argentina central, que tiene dos periferias, al norte y a sur del pa\u00eds,\u2026","rel":"","context":"En \u00abPol\u00edtica\u00bb","block_context":{"text":"Pol\u00edtica","link":"http:\/\/www.24baires.com\/?cat=51"},"img":{"alt_text":"","src":"https:\/\/i0.wp.com\/www.24baires.com\/wp-content\/uploads\/2020\/09\/fern%C3%A1ndez-capitanich.jpg?resize=350%2C200","width":350,"height":200,"srcset":"https:\/\/i0.wp.com\/www.24baires.com\/wp-content\/uploads\/2020\/09\/fern%C3%A1ndez-capitanich.jpg?resize=350%2C200 1x, https:\/\/i0.wp.com\/www.24baires.com\/wp-content\/uploads\/2020\/09\/fern%C3%A1ndez-capitanich.jpg?resize=525%2C300 1.5x"},"classes":[]},{"id":119572,"url":"http:\/\/www.24baires.com\/?p=119572","url_meta":{"origin":59623,"position":1},"title":"Kicillof pidi\u00f3 discutir el rol del Estado","author":"GB","date":"23\/11\/2022","format":false,"excerpt":"En el marco de la presentaci\u00f3n de Axel Kicillof en la Facultad de Derecho de la UNLP, el Gobernador pidi\u00f3 discutir si se quiere \u201cun Estado que ampl\u00ede derechos o uno al servicio de minor\u00edas\u201d Este martes, el gobernador de la Provincia, Axel Kicillof, particip\u00f3 de la presentaci\u00f3n de \u201cBuenos\u2026","rel":"","context":"En \u00abProvincia\u00bb","block_context":{"text":"Provincia","link":"http:\/\/www.24baires.com\/?cat=40"},"img":{"alt_text":"","src":"https:\/\/i0.wp.com\/www.24baires.com\/wp-content\/uploads\/2022\/11\/GOB_7224-1024x683-1.jpg?resize=350%2C200","width":350,"height":200,"srcset":"https:\/\/i0.wp.com\/www.24baires.com\/wp-content\/uploads\/2022\/11\/GOB_7224-1024x683-1.jpg?resize=350%2C200 1x, https:\/\/i0.wp.com\/www.24baires.com\/wp-content\/uploads\/2022\/11\/GOB_7224-1024x683-1.jpg?resize=525%2C300 1.5x, https:\/\/i0.wp.com\/www.24baires.com\/wp-content\/uploads\/2022\/11\/GOB_7224-1024x683-1.jpg?resize=700%2C400 2x"},"classes":[]},{"id":44832,"url":"http:\/\/www.24baires.com\/?p=44832","url_meta":{"origin":59623,"position":2},"title":"M\u00e1s de 20 mil personas participaron del Plenario de la Militancia","author":"AF","date":"27\/04\/2014","format":false,"excerpt":"Funcionarios, dirigentes y legisladores kirchneristas participaron de la jornada \"La militancia debate y construye futuro\" realizada en el Mercado Central, donde se discutieron los ejes pol\u00edticos para los pr\u00f3ximos meses. El jefe de Gabinete, Jorge Capitanich, destac\u00f3 la fecha elegida para realizar el encuentro militante y se\u00f1al\u00f3 que \"el 27\u2026","rel":"","context":"En \u00abPol\u00edtica\u00bb","block_context":{"text":"Pol\u00edtica","link":"http:\/\/www.24baires.com\/?cat=51"},"img":{"alt_text":"","src":"https:\/\/i0.wp.com\/www.24baires.com\/wp-content\/uploads\/2014\/04\/27042014.jpg?resize=350%2C200","width":350,"height":200,"srcset":"https:\/\/i0.wp.com\/www.24baires.com\/wp-content\/uploads\/2014\/04\/27042014.jpg?resize=350%2C200 1x, https:\/\/i0.wp.com\/www.24baires.com\/wp-content\/uploads\/2014\/04\/27042014.jpg?resize=525%2C300 1.5x"},"classes":[]},{"id":120164,"url":"http:\/\/www.24baires.com\/?p=120164","url_meta":{"origin":59623,"position":3},"title":"Los Gobernadores del Frente de Todos tambi\u00e9n piden lista de unidad","author":"GB","date":"08\/06\/2023","format":false,"excerpt":"\"Somos garantes de la construcci\u00f3n de un pa\u00eds federal\" aseguraron los gobernadores frentodistas en un comunicado. Los gobernadores del Frente de Todos mantuvieron una reuni\u00f3n en la que debatieron la estrategia electoral que pretenden para la coalici\u00f3n oficialista y publicaron un comunicado en el que, entre otras cosas, se suman\u2026","rel":"","context":"En \u00abPol\u00edtica\u00bb","block_context":{"text":"Pol\u00edtica","link":"http:\/\/www.24baires.com\/?cat=51"},"img":{"alt_text":"","src":"https:\/\/i0.wp.com\/www.24baires.com\/wp-content\/uploads\/2023\/06\/gobernadores-frente-todosjpg.webp?resize=350%2C200","width":350,"height":200,"srcset":"https:\/\/i0.wp.com\/www.24baires.com\/wp-content\/uploads\/2023\/06\/gobernadores-frente-todosjpg.webp?resize=350%2C200 1x, https:\/\/i0.wp.com\/www.24baires.com\/wp-content\/uploads\/2023\/06\/gobernadores-frente-todosjpg.webp?resize=525%2C300 1.5x, https:\/\/i0.wp.com\/www.24baires.com\/wp-content\/uploads\/2023\/06\/gobernadores-frente-todosjpg.webp?resize=700%2C400 2x"},"classes":[]},{"id":53182,"url":"http:\/\/www.24baires.com\/?p=53182","url_meta":{"origin":59623,"position":4},"title":"Unidos y Organizados, en un masivo acto en apoyo a Cristina","author":"Grupo Sierra","date":"06\/09\/2014","format":false,"excerpt":"LA PLATA- El Jefe de Gabinete de Ministros, Jorge Capitanich, asegur\u00f3 en el encuentro que \"la democracia es defender el poder del pueblo por sobre el de las corporaciones, porque, o gobierna la democracia a trav\u00e9s del voto popular o las corporaciones con el manejo de la econom\u00eda\". \"El poder\u2026","rel":"","context":"En \u00abPol\u00edtica\u00bb","block_context":{"text":"Pol\u00edtica","link":"http:\/\/www.24baires.com\/?cat=51"},"img":{"alt_text":"","src":"https:\/\/i0.wp.com\/www.24baires.com\/wp-content\/uploads\/2014\/09\/capitanich.jpg?resize=350%2C200","width":350,"height":200,"srcset":"https:\/\/i0.wp.com\/www.24baires.com\/wp-content\/uploads\/2014\/09\/capitanich.jpg?resize=350%2C200 1x, https:\/\/i0.wp.com\/www.24baires.com\/wp-content\/uploads\/2014\/09\/capitanich.jpg?resize=525%2C300 1.5x"},"classes":[]},{"id":119358,"url":"http:\/\/www.24baires.com\/?p=119358","url_meta":{"origin":59623,"position":5},"title":"Vialidad: abogados de Cristina aseguran que la acusaci\u00f3n qued\u00f3 \u00abfulminada\u00bb","author":"AF","date":"19\/09\/2022","format":false,"excerpt":"Los abogados de la Vicepresidenta, Carlos Beraldi y Ary Llernovoy exponen su alegato final en tres jornadas, lunes, martes y viernes de esta semana, y concluir\u00e1n con un reclamo de absoluci\u00f3n. El viernes, Cristina Fern\u00e1ndez tiene previsto hablar ante los jueces. La defensa de la vicepresidenta Cristina Fern\u00e1ndez de Kirchner\u2026","rel":"","context":"En \u00abJUDICIALES\u00bb","block_context":{"text":"JUDICIALES","link":"http:\/\/www.24baires.com\/?cat=68"},"img":{"alt_text":"","src":"https:\/\/i0.wp.com\/www.24baires.com\/wp-content\/uploads\/2022\/09\/beraldi.jpg?resize=350%2C200","width":350,"height":200,"srcset":"https:\/\/i0.wp.com\/www.24baires.com\/wp-content\/uploads\/2022\/09\/beraldi.jpg?resize=350%2C200 1x, https:\/\/i0.wp.com\/www.24baires.com\/wp-content\/uploads\/2022\/09\/beraldi.jpg?resize=525%2C300 1.5x, https:\/\/i0.wp.com\/www.24baires.com\/wp-content\/uploads\/2022\/09\/beraldi.jpg?resize=700%2C400 2x"},"classes":[]}],"jetpack_sharing_enabled":true,"jetpack_likes_enabled":true,"jetpack_featured_media_url":"","_links":{"self":[{"href":"http:\/\/www.24baires.com\/index.php?rest_route=\/wp\/v2\/posts\/59623","targetHints":{"allow":["GET"]}}],"collection":[{"href":"http:\/\/www.24baires.com\/index.php?rest_route=\/wp\/v2\/posts"}],"about":[{"href":"http:\/\/www.24baires.com\/index.php?rest_route=\/wp\/v2\/types\/post"}],"author":[{"embeddable":true,"href":"http:\/\/www.24baires.com\/index.php?rest_route=\/wp\/v2\/users\/4"}],"replies":[{"embeddable":true,"href":"http:\/\/www.24baires.com\/index.php?rest_route=%2Fwp%2Fv2%2Fcomments&post=59623"}],"version-history":[{"count":1,"href":"http:\/\/www.24baires.com\/index.php?rest_route=\/wp\/v2\/posts\/59623\/revisions"}],"predecessor-version":[{"id":59624,"href":"http:\/\/www.24baires.com\/index.php?rest_route=\/wp\/v2\/posts\/59623\/revisions\/59624"}],"wp:attachment":[{"href":"http:\/\/www.24baires.com\/index.php?rest_route=%2Fwp%2Fv2%2Fmedia&parent=59623"}],"wp:term":[{"taxonomy":"category","embeddable":true,"href":"http:\/\/www.24baires.com\/index.php?rest_route=%2Fwp%2Fv2%2Fcategories&post=59623"},{"taxonomy":"post_tag","embeddable":true,"href":"http:\/\/www.24baires.com\/index.php?rest_route=%2Fwp%2Fv2%2Ftags&post=59623"}],"curies":[{"name":"wp","href":"https:\/\/api.w.org\/{rel}","templated":true}]}}