{"id":59583,"date":"2015-01-05T13:30:28","date_gmt":"2015-01-05T16:30:28","guid":{"rendered":"http:\/\/www.24baires.com\/?p=59583"},"modified":"2015-01-05T13:21:48","modified_gmt":"2015-01-05T16:21:48","slug":"cristina-se-reunira-en-olivos-con-capitanich-y-zannini","status":"publish","type":"post","link":"http:\/\/www.24baires.com\/?p=59583","title":{"rendered":"Cristina se reunir\u00e1 en Olivos con Capitanich y Zannini"},"content":{"rendered":"<p><img data-recalc-dims=\"1\" loading=\"lazy\" decoding=\"async\" class=\"aligncenter size-full wp-image-35363\" src=\"https:\/\/i0.wp.com\/www.24baires.com\/wp-content\/uploads\/2013\/11\/vuelta-cristina.jpg?resize=560%2C404\" alt=\"vuelta cristina\" width=\"560\" height=\"404\" srcset=\"https:\/\/i0.wp.com\/www.24baires.com\/wp-content\/uploads\/2013\/11\/vuelta-cristina.jpg?w=560 560w, https:\/\/i0.wp.com\/www.24baires.com\/wp-content\/uploads\/2013\/11\/vuelta-cristina.jpg?resize=300%2C216 300w\" sizes=\"auto, (max-width: 560px) 100vw, 560px\" \/>Cristina Fern\u00e1ndez de Kirchner mantendr\u00e1 a partir del mediod\u00eda encuentros por separado con el jefe de Gabinete y el secretario Legal y T\u00e9cnico, se inform\u00f3 oficialmente.<!--more--><\/p>\n<p>Los encuentros ser\u00e1n por separado y a partir de las 12 en el gabinete de trabajo de la Presidenta en la residencia de Olivos.<\/p>\n<p>&nbsp;<\/p>\n<p>&nbsp;<\/p>\n<p>&nbsp;<\/p>\n<p>&nbsp;<\/p>\n<p>&nbsp;<\/p>\n<p>&nbsp;<\/p>\n<p>&nbsp;<\/p>\n<p>&nbsp;<\/p>\n<p>&nbsp;<\/p>\n<p>&nbsp;<\/p>\n<p>&nbsp;<\/p>\n<p>&nbsp;<\/p>\n<p>&nbsp;<\/p>\n<p>&nbsp;<\/p>\n<p>&nbsp;<\/p>\n<p>&nbsp;<\/p>\n","protected":false},"excerpt":{"rendered":"<p>Cristina Fern\u00e1ndez de Kirchner mantendr\u00e1 a partir del mediod\u00eda encuentros por separado con el jefe de Gabinete y el secretario Legal y T\u00e9cnico, se inform\u00f3 oficialmente.<\/p>\n","protected":false},"author":8,"featured_media":0,"comment_status":"open","ping_status":"open","sticky":false,"template":"","format":"standard","meta":{"_jetpack_newsletter_access":"","_jetpack_dont_email_post_to_subs":false,"_jetpack_newsletter_tier_id":0,"_jetpack_memberships_contains_paywalled_content":false,"_jetpack_memberships_contains_paid_content":false,"footnotes":""},"categories":[51],"tags":[],"class_list":["post-59583","post","type-post","status-publish","format-standard","hentry","category-politica"],"jetpack_shortlink":"https:\/\/wp.me\/p2JWE0-fv1","jetpack-related-posts":[{"id":45558,"url":"http:\/\/www.24baires.com\/?p=45558","url_meta":{"origin":59583,"position":0},"title":"Cristina recibir\u00e1 a Capitanich y Kicillof en Olivos","author":"GB","date":"08\/05\/2014","format":false,"excerpt":"Cristina Fern\u00e1ndez de Kirchner recibir\u00e1 al jefe de Gabinete y al ministro de Econom\u00eda por separado en su despacho de la residencia presidencial. La presidenta Cristina Fern\u00e1ndez de Kirchner recibir\u00e1 hoy, en forma separada, al Jefe de Gabinete, Jorge Capitanich, y al ministro de Econom\u00eda, Axel Kicillof. La Presidenta desarrollar\u00e1\u2026","rel":"","context":"En \u00abPol\u00edtica\u00bb","block_context":{"text":"Pol\u00edtica","link":"http:\/\/www.24baires.com\/?cat=51"},"img":{"alt_text":"cristina en tecno","src":"https:\/\/i0.wp.com\/www.24baires.com\/wp-content\/uploads\/2014\/04\/cristina-en-tecno.jpg?resize=350%2C200","width":350,"height":200,"srcset":"https:\/\/i0.wp.com\/www.24baires.com\/wp-content\/uploads\/2014\/04\/cristina-en-tecno.jpg?resize=350%2C200 1x, https:\/\/i0.wp.com\/www.24baires.com\/wp-content\/uploads\/2014\/04\/cristina-en-tecno.jpg?resize=525%2C300 1.5x"},"classes":[]},{"id":59285,"url":"http:\/\/www.24baires.com\/?p=59285","url_meta":{"origin":59583,"position":1},"title":"Cristina recibe a funcionarios en Olivos","author":"GB","date":"29\/12\/2014","format":false,"excerpt":"La presidenta Cristina Fern\u00e1ndez de Kirchner desarrolla hoy su actividad oficial en su gabinete de trabajo de la residencia de Olivos, informaron fuentes oficiales. La jefa de Estado, quien sufri\u00f3 una fractura del tobillo izquierdo, recibir\u00e1 esta tarde al jefe de Gabinete, Jorge Capitanich. Poco despu\u00e9s, en forma separada, ingresar\u00e1n\u2026","rel":"","context":"En \u00abPol\u00edtica\u00bb","block_context":{"text":"Pol\u00edtica","link":"http:\/\/www.24baires.com\/?cat=51"},"img":{"alt_text":"cristina","src":"https:\/\/i0.wp.com\/www.24baires.com\/wp-content\/uploads\/2014\/09\/cristina3.jpg?resize=350%2C200","width":350,"height":200,"srcset":"https:\/\/i0.wp.com\/www.24baires.com\/wp-content\/uploads\/2014\/09\/cristina3.jpg?resize=350%2C200 1x, https:\/\/i0.wp.com\/www.24baires.com\/wp-content\/uploads\/2014\/09\/cristina3.jpg?resize=525%2C300 1.5x"},"classes":[]},{"id":58356,"url":"http:\/\/www.24baires.com\/?p=58356","url_meta":{"origin":59583,"position":2},"title":"Se reprogram\u00f3 la inauguraci\u00f3n del hospital de Mor\u00f3n","author":"GB","date":"09\/12\/2014","format":false,"excerpt":"Cristina Fern\u00e1ndez de Kirchner dispuso pasar para ma\u00f1ana el acto por las condiciones meteorol\u00f3gicas previstas para el d\u00eda de la fecha. Por la tarde, recibir\u00e1 por separado a los ministros en su gabinete de trabajo de la residencia de Olivos. La presidenta Cristina Fern\u00e1ndez de Kirchner recibir\u00e1 esta tarde, por\u2026","rel":"","context":"En \u00abLocales\u00bb","block_context":{"text":"Locales","link":"http:\/\/www.24baires.com\/?cat=38"},"img":{"alt_text":"cristina23","src":"https:\/\/i0.wp.com\/www.24baires.com\/wp-content\/uploads\/2014\/10\/cristina23.jpg?resize=350%2C200","width":350,"height":200,"srcset":"https:\/\/i0.wp.com\/www.24baires.com\/wp-content\/uploads\/2014\/10\/cristina23.jpg?resize=350%2C200 1x, https:\/\/i0.wp.com\/www.24baires.com\/wp-content\/uploads\/2014\/10\/cristina23.jpg?resize=525%2C300 1.5x"},"classes":[]},{"id":44456,"url":"http:\/\/www.24baires.com\/?p=44456","url_meta":{"origin":59583,"position":3},"title":"Cristina se reune con Kicillof, Randazzo, Gallucio y Parrilli","author":"AF","date":"22\/04\/2014","format":false,"excerpt":"La presidenta Cristina Fern\u00e1ndez de Kirchner recibe hoy, en la residencia de Olivos y en forma separada, a los ministros de Econom\u00eda, Axel Kicillof y del Interior y Transporte, Florencio Randazzo, seg\u00fan se inform\u00f3. Luego ingresar\u00e1 a su gabinete de trabajo en la residencia presidencial el titular de YPF, Miguel\u2026","rel":"","context":"En \u00abPol\u00edtica\u00bb","block_context":{"text":"Pol\u00edtica","link":"http:\/\/www.24baires.com\/?cat=51"},"img":{"alt_text":"operacion cristina","src":"https:\/\/i0.wp.com\/www.24baires.com\/wp-content\/uploads\/2013\/10\/operacion-cristina.jpg?resize=350%2C200","width":350,"height":200,"srcset":"https:\/\/i0.wp.com\/www.24baires.com\/wp-content\/uploads\/2013\/10\/operacion-cristina.jpg?resize=350%2C200 1x, https:\/\/i0.wp.com\/www.24baires.com\/wp-content\/uploads\/2013\/10\/operacion-cristina.jpg?resize=525%2C300 1.5x"},"classes":[]},{"id":63918,"url":"http:\/\/www.24baires.com\/?p=63918","url_meta":{"origin":59583,"position":4},"title":"Cristina recibe en Olivos a de Pedro, Zannini y a Kicillof","author":"GB","date":"06\/04\/2015","format":false,"excerpt":"La presidenta cumplir\u00e1 su actividad oficial en la Residencia de Olivos, donde tiene previsto recibir al secretario general de la Presidencia, al secretario Legal y T\u00e9cnico y m\u00e1s tarde al ministro de Econom\u00eda. La presidenta Cristina Fern\u00e1ndez de Kirchner cumplir\u00e1 esta tarde su actividad oficial en la Residencia de Olivos,\u2026","rel":"","context":"En \u00abPol\u00edtica\u00bb","block_context":{"text":"Pol\u00edtica","link":"http:\/\/www.24baires.com\/?cat=51"},"img":{"alt_text":"cristina kicillof","src":"https:\/\/i0.wp.com\/www.24baires.com\/wp-content\/uploads\/2014\/08\/cristina-kicillof.jpg?resize=350%2C200","width":350,"height":200,"srcset":"https:\/\/i0.wp.com\/www.24baires.com\/wp-content\/uploads\/2014\/08\/cristina-kicillof.jpg?resize=350%2C200 1x, https:\/\/i0.wp.com\/www.24baires.com\/wp-content\/uploads\/2014\/08\/cristina-kicillof.jpg?resize=525%2C300 1.5x"},"classes":[]},{"id":119062,"url":"http:\/\/www.24baires.com\/?p=119062","url_meta":{"origin":59583,"position":5},"title":"\u00abEmpezamos a ordenar todo\u00bb","author":"AF","date":"06\/07\/2022","format":false,"excerpt":"La cena expuso diferencias y coincidencias. Pese al pacto \"de no contar nada\", durante el d\u00eda crecieron rumores sobre nuevos cambios de gabinete. Desde Casa Rosada repitieron que \"por ahora no habr\u00e1 m\u00e1s movimientos\", pero el Presidente estuvo todo el d\u00eda evaluando los pasos a seguir. Luego de la cena\u2026","rel":"","context":"En \u00abPol\u00edtica\u00bb","block_context":{"text":"Pol\u00edtica","link":"http:\/\/www.24baires.com\/?cat=51"},"img":{"alt_text":"","src":"https:\/\/i0.wp.com\/www.24baires.com\/wp-content\/uploads\/2022\/07\/571319-whatsapp-20image-202022-07-05-20at-209-44-04-20pm.jpeg?resize=350%2C200","width":350,"height":200},"classes":[]}],"jetpack_sharing_enabled":true,"jetpack_likes_enabled":true,"jetpack_featured_media_url":"","_links":{"self":[{"href":"http:\/\/www.24baires.com\/index.php?rest_route=\/wp\/v2\/posts\/59583","targetHints":{"allow":["GET"]}}],"collection":[{"href":"http:\/\/www.24baires.com\/index.php?rest_route=\/wp\/v2\/posts"}],"about":[{"href":"http:\/\/www.24baires.com\/index.php?rest_route=\/wp\/v2\/types\/post"}],"author":[{"embeddable":true,"href":"http:\/\/www.24baires.com\/index.php?rest_route=\/wp\/v2\/users\/8"}],"replies":[{"embeddable":true,"href":"http:\/\/www.24baires.com\/index.php?rest_route=%2Fwp%2Fv2%2Fcomments&post=59583"}],"version-history":[{"count":1,"href":"http:\/\/www.24baires.com\/index.php?rest_route=\/wp\/v2\/posts\/59583\/revisions"}],"predecessor-version":[{"id":59584,"href":"http:\/\/www.24baires.com\/index.php?rest_route=\/wp\/v2\/posts\/59583\/revisions\/59584"}],"wp:attachment":[{"href":"http:\/\/www.24baires.com\/index.php?rest_route=%2Fwp%2Fv2%2Fmedia&parent=59583"}],"wp:term":[{"taxonomy":"category","embeddable":true,"href":"http:\/\/www.24baires.com\/index.php?rest_route=%2Fwp%2Fv2%2Fcategories&post=59583"},{"taxonomy":"post_tag","embeddable":true,"href":"http:\/\/www.24baires.com\/index.php?rest_route=%2Fwp%2Fv2%2Ftags&post=59583"}],"curies":[{"name":"wp","href":"https:\/\/api.w.org\/{rel}","templated":true}]}}