{"id":59578,"date":"2015-01-05T12:30:49","date_gmt":"2015-01-05T15:30:49","guid":{"rendered":"http:\/\/www.24baires.com\/?p=59578"},"modified":"2015-01-05T12:02:46","modified_gmt":"2015-01-05T15:02:46","slug":"urribarri-aseguro-que-scioli-es-un-riesgo-de-volver-para-atras","status":"publish","type":"post","link":"http:\/\/www.24baires.com\/?p=59578","title":{"rendered":"Urribarri asegur\u00f3 que \u00abScioli es un riesgo de volver para atr\u00e1s\u00bb"},"content":{"rendered":"<p><img data-recalc-dims=\"1\" loading=\"lazy\" decoding=\"async\" class=\"aligncenter size-full wp-image-50846\" src=\"https:\/\/i0.wp.com\/www.24baires.com\/wp-content\/uploads\/2014\/07\/urribarri.jpg?resize=560%2C315\" alt=\"urribarri\" width=\"560\" height=\"315\" srcset=\"https:\/\/i0.wp.com\/www.24baires.com\/wp-content\/uploads\/2014\/07\/urribarri.jpg?w=560 560w, https:\/\/i0.wp.com\/www.24baires.com\/wp-content\/uploads\/2014\/07\/urribarri.jpg?resize=300%2C168 300w\" sizes=\"auto, (max-width: 560px) 100vw, 560px\" \/><\/p>\n<p>El gobernador de Entre R\u00edos y precandidato a presidente Sergio Urribarri, afirm\u00f3 hoy que su par bonaerense, Daniel Scioli, quiere \u00abagradar a todo el mundo\u00bb por lo que es \u00abun riesgo de volver para atr\u00e1s\u00bb en el pa\u00eds. <!--more--><\/p>\n<p>\u00abEs un riesgo de volver para atr\u00e1s. Daniel no ha demostrado al menos en su carrera pol\u00edtica pararse y estar firme ante las presiones que ha tenido\u00bb, enfatiz\u00f3 Urribarri.<\/p>\n<p>El mandatario entrerriano sostuvo que Scioli \u00abquiere agradar a todo el mundo\u00bb y se\u00f1al\u00f3: \u00abvos no pod\u00e9s ir por en medio cuando las definiciones que tomes en el caso de gobernar una provincia o un pa\u00eds no van en el sentido de defender a los m\u00e1s d\u00e9biles\u00bb.<\/p>\n<p>Al ser consultado sobre la presencia de Scioli en un encuentro organizado en Mar del Plata por el Grupo Clar\u00edn, se\u00f1al\u00f3: \u00abes un episodio m\u00e1s de los tantos que Daniel nos tiene acostumbrados\u00bb.<\/p>\n<p>&nbsp;<\/p>\n<p>&nbsp;<\/p>\n<p>&nbsp;<\/p>\n<p>&nbsp;<\/p>\n<p>&nbsp;<\/p>\n<p>&nbsp;<\/p>\n<p>&nbsp;<\/p>\n<p>&nbsp;<\/p>\n<p>&nbsp;<\/p>\n<p>&nbsp;<\/p>\n<p>&nbsp;<\/p>\n<p>&nbsp;<\/p>\n<p>&nbsp;<\/p>\n","protected":false},"excerpt":{"rendered":"<p>El gobernador de Entre R\u00edos y precandidato a presidente Sergio Urribarri, afirm\u00f3 hoy que su par bonaerense, Daniel Scioli, quiere \u00abagradar a todo el mundo\u00bb por lo que es \u00abun riesgo de volver para atr\u00e1s\u00bb en el pa\u00eds.<\/p>\n","protected":false},"author":4,"featured_media":0,"comment_status":"open","ping_status":"open","sticky":false,"template":"","format":"standard","meta":{"_jetpack_newsletter_access":"","_jetpack_dont_email_post_to_subs":false,"_jetpack_newsletter_tier_id":0,"_jetpack_memberships_contains_paywalled_content":false,"_jetpack_memberships_contains_paid_content":false,"footnotes":""},"categories":[51],"tags":[],"class_list":["post-59578","post","type-post","status-publish","format-standard","hentry","category-politica"],"jetpack_shortlink":"https:\/\/wp.me\/p2JWE0-fuW","jetpack-related-posts":[{"id":57135,"url":"http:\/\/www.24baires.com\/?p=57135","url_meta":{"origin":59578,"position":0},"title":"Urribarri dispar\u00f3 contra Scioli: \u00abTiene amigotes que no son del proyecto\u00bb","author":"Grupo Sierra","date":"14\/11\/2014","format":false,"excerpt":"El gobernador de Entre R\u00edos, Sergio Urribarri, sali\u00f3 a marcar la cancha en la interna presidencial del Frente para la Victoria, al asegurar que \"no desconf\u00eda\" de Daniel Scioli aunque s\u00ed del entorno del mandatario bonaerense. Urribarri desestim\u00f3 algunas versiones que indican que finalmente no competir\u00e1 con en las primarias\u2026","rel":"","context":"En \u00abPol\u00edtica\u00bb","block_context":{"text":"Pol\u00edtica","link":"http:\/\/www.24baires.com\/?cat=51"},"img":{"alt_text":"urribarri","src":"https:\/\/i0.wp.com\/www.24baires.com\/wp-content\/uploads\/2014\/07\/urribarri.jpg?resize=350%2C200","width":350,"height":200,"srcset":"https:\/\/i0.wp.com\/www.24baires.com\/wp-content\/uploads\/2014\/07\/urribarri.jpg?resize=350%2C200 1x, https:\/\/i0.wp.com\/www.24baires.com\/wp-content\/uploads\/2014\/07\/urribarri.jpg?resize=525%2C300 1.5x"},"classes":[]},{"id":108387,"url":"http:\/\/www.24baires.com\/?p=108387","url_meta":{"origin":59578,"position":1},"title":"Scioli ratific\u00f3 su candidatura presidencial","author":"GB","date":"25\/05\/2019","format":false,"excerpt":"El exgobernador de la Provincia de Buenos Aires particip\u00f3 del Congreso Educativo de Ajedrez que se realiz\u00f3 en la ciudad balnearia y manifest\u00f3 sus deseos de ser el primer mandatario del pa\u00eds despu\u00e9s del 10 de diciembre, sin embargo aclar\u00f3: \u201cVer\u00e9 como peronista en qu\u00e9 lugar puedo hacer mi mayor\u2026","rel":"","context":"En \u00abPol\u00edtica\u00bb","block_context":{"text":"Pol\u00edtica","link":"http:\/\/www.24baires.com\/?cat=51"},"img":{"alt_text":"","src":"https:\/\/i0.wp.com\/www.24baires.com\/wp-content\/uploads\/2019\/05\/scioli-mar-del.jpg?resize=350%2C200","width":350,"height":200,"srcset":"https:\/\/i0.wp.com\/www.24baires.com\/wp-content\/uploads\/2019\/05\/scioli-mar-del.jpg?resize=350%2C200 1x, https:\/\/i0.wp.com\/www.24baires.com\/wp-content\/uploads\/2019\/05\/scioli-mar-del.jpg?resize=525%2C300 1.5x"},"classes":[]},{"id":47971,"url":"http:\/\/www.24baires.com\/?p=47971","url_meta":{"origin":59578,"position":2},"title":"Seg\u00fan Urribarri, \u00abScioli se aleja cada vez m\u00e1s del kirchnerismo\u00bb","author":"Grupo Sierra","date":"13\/06\/2014","format":false,"excerpt":"El gobernador de Entre R\u00edos se refiri\u00f3 a la participaci\u00f3n del gobernador bonaerense en un foro organizado por el Grupo Clar\u00edn y se\u00f1al\u00f3 que \"ha llamado mucho la atenci\u00f3n su presencia en esta convocatoria de Magnetto\". El gobernador de Entre R\u00edos, Sergio Urribari, dijo hoy que su par bonaerense Daniel\u2026","rel":"","context":"En \u00abElecciones 2015\u00bb","block_context":{"text":"Elecciones 2015","link":"http:\/\/www.24baires.com\/?cat=74"},"img":{"alt_text":"urribarri_afeitado","src":"https:\/\/i0.wp.com\/www.24baires.com\/wp-content\/uploads\/2013\/11\/urribarri_afeitado.jpg?resize=350%2C200","width":350,"height":200,"srcset":"https:\/\/i0.wp.com\/www.24baires.com\/wp-content\/uploads\/2013\/11\/urribarri_afeitado.jpg?resize=350%2C200 1x, https:\/\/i0.wp.com\/www.24baires.com\/wp-content\/uploads\/2013\/11\/urribarri_afeitado.jpg?resize=525%2C300 1.5x"},"classes":[]},{"id":73743,"url":"http:\/\/www.24baires.com\/?p=73743","url_meta":{"origin":59578,"position":3},"title":"Urribarri: \u00abEs imposible imaginar a una Cristina inactiva despu\u00e9s del 10 de diciembre\u00bb","author":"GB","date":"18\/10\/2015","format":false,"excerpt":"El gobernador de Entre R\u00edos, Sergio Urribarri, consider\u00f3 hoy que \u201ces imposible imaginar a Cristina inactiva despu\u00e9s del 10 de diciembre\", al evaluar el eventual rol que cumplir\u00e1 en el pa\u00eds la Presidenta despu\u00e9s de los comicios. \u201cEs muy dif\u00edcil imaginar el rol de Cristina, porque es muy fuerte y\u2026","rel":"","context":"En \u00abPol\u00edtica\u00bb","block_context":{"text":"Pol\u00edtica","link":"http:\/\/www.24baires.com\/?cat=51"},"img":{"alt_text":"urribarri","src":"https:\/\/i0.wp.com\/www.24baires.com\/wp-content\/uploads\/2014\/07\/urribarri.jpg?resize=350%2C200","width":350,"height":200,"srcset":"https:\/\/i0.wp.com\/www.24baires.com\/wp-content\/uploads\/2014\/07\/urribarri.jpg?resize=350%2C200 1x, https:\/\/i0.wp.com\/www.24baires.com\/wp-content\/uploads\/2014\/07\/urribarri.jpg?resize=525%2C300 1.5x"},"classes":[]},{"id":43558,"url":"http:\/\/www.24baires.com\/?p=43558","url_meta":{"origin":59578,"position":4},"title":"\u00abLos que acompa\u00f1an a Massa son la sinf\u00f3nica del fracaso\u00bb","author":"GB","date":"09\/04\/2014","format":false,"excerpt":"El gobernador de Entre R\u00edos afirm\u00f3 que los que acompa\u00f1an al l\u00edder del Frente Renovador, Sergio Massa, \"son la sinf\u00f3nica del fracaso\" y advirti\u00f3 que si el ex intendente de Tigre y actual diputado nacional llega a la Presidencia de la Naci\u00f3n, \"la Asignaci\u00f3n Universal por Hijo y el PROCREAR\u2026","rel":"","context":"En \u00abPol\u00edtica\u00bb","block_context":{"text":"Pol\u00edtica","link":"http:\/\/www.24baires.com\/?cat=51"},"img":{"alt_text":"urribarri_afeitado","src":"https:\/\/i0.wp.com\/www.24baires.com\/wp-content\/uploads\/2013\/11\/urribarri_afeitado-300x200.jpg?resize=350%2C200","width":350,"height":200},"classes":[]},{"id":74497,"url":"http:\/\/www.24baires.com\/?p=74497","url_meta":{"origin":59578,"position":5},"title":"El massismo de Chaco tambi\u00e9n oficializ\u00f3 su respaldo a la candidatura de Scioli","author":"GB","date":"02\/11\/2015","format":false,"excerpt":"Tras el apoyo a la f\u00f3rmula del FPV del ex candidato massista a gobernador de Entre R\u00edos, los referentes de ese espacio en Chaco se pronunciaron en el mismo sentido y cuestionaron a Macri por representar \"el centralismo porte\u00f1o\". Dirigentes del massismo en Chaco manifestaron este lunes, de cara al\u2026","rel":"","context":"En \u00abElecciones 2015\u00bb","block_context":{"text":"Elecciones 2015","link":"http:\/\/www.24baires.com\/?cat=74"},"img":{"alt_text":"scioli-massa1","src":"https:\/\/i0.wp.com\/www.24baires.com\/wp-content\/uploads\/2013\/08\/scioli-massa1.jpg?resize=350%2C200","width":350,"height":200,"srcset":"https:\/\/i0.wp.com\/www.24baires.com\/wp-content\/uploads\/2013\/08\/scioli-massa1.jpg?resize=350%2C200 1x, https:\/\/i0.wp.com\/www.24baires.com\/wp-content\/uploads\/2013\/08\/scioli-massa1.jpg?resize=525%2C300 1.5x"},"classes":[]}],"jetpack_sharing_enabled":true,"jetpack_likes_enabled":true,"jetpack_featured_media_url":"","_links":{"self":[{"href":"http:\/\/www.24baires.com\/index.php?rest_route=\/wp\/v2\/posts\/59578","targetHints":{"allow":["GET"]}}],"collection":[{"href":"http:\/\/www.24baires.com\/index.php?rest_route=\/wp\/v2\/posts"}],"about":[{"href":"http:\/\/www.24baires.com\/index.php?rest_route=\/wp\/v2\/types\/post"}],"author":[{"embeddable":true,"href":"http:\/\/www.24baires.com\/index.php?rest_route=\/wp\/v2\/users\/4"}],"replies":[{"embeddable":true,"href":"http:\/\/www.24baires.com\/index.php?rest_route=%2Fwp%2Fv2%2Fcomments&post=59578"}],"version-history":[{"count":1,"href":"http:\/\/www.24baires.com\/index.php?rest_route=\/wp\/v2\/posts\/59578\/revisions"}],"predecessor-version":[{"id":59579,"href":"http:\/\/www.24baires.com\/index.php?rest_route=\/wp\/v2\/posts\/59578\/revisions\/59579"}],"wp:attachment":[{"href":"http:\/\/www.24baires.com\/index.php?rest_route=%2Fwp%2Fv2%2Fmedia&parent=59578"}],"wp:term":[{"taxonomy":"category","embeddable":true,"href":"http:\/\/www.24baires.com\/index.php?rest_route=%2Fwp%2Fv2%2Fcategories&post=59578"},{"taxonomy":"post_tag","embeddable":true,"href":"http:\/\/www.24baires.com\/index.php?rest_route=%2Fwp%2Fv2%2Ftags&post=59578"}],"curies":[{"name":"wp","href":"https:\/\/api.w.org\/{rel}","templated":true}]}}