{"id":59568,"date":"2015-01-05T10:00:30","date_gmt":"2015-01-05T13:00:30","guid":{"rendered":"http:\/\/www.24baires.com\/?p=59568"},"modified":"2015-01-06T10:13:09","modified_gmt":"2015-01-06T13:13:09","slug":"los-candidatos-de-la-oposicion-solo-quieren-aumentar-tarifas-e-impuestos","status":"publish","type":"post","link":"http:\/\/www.24baires.com\/?p=59568","title":{"rendered":"\u00abLos candidatos de la oposici\u00f3n s\u00f3lo quieren aumentar tarifas e impuestos\u00bb"},"content":{"rendered":"<p><img data-recalc-dims=\"1\" loading=\"lazy\" decoding=\"async\" class=\"aligncenter size-full wp-image-57424\" src=\"https:\/\/i0.wp.com\/www.24baires.com\/wp-content\/uploads\/2014\/11\/capitanich-soberan%C3%ADa.jpg?resize=560%2C373\" alt=\"capitanich soberan\u00eda\" width=\"560\" height=\"373\" srcset=\"https:\/\/i0.wp.com\/www.24baires.com\/wp-content\/uploads\/2014\/11\/capitanich-soberan%C3%ADa.jpg?w=560 560w, https:\/\/i0.wp.com\/www.24baires.com\/wp-content\/uploads\/2014\/11\/capitanich-soberan%C3%ADa.jpg?resize=300%2C199 300w\" sizes=\"auto, (max-width: 560px) 100vw, 560px\" \/>Lo afirm\u00f3 el jefe de Gabinete, Jorge Capitanich, quien consider\u00f3 que el jefe de Gobierno, Mauricio Macri, elev\u00f3 de \u00abmanera salvaje\u00bb los impuestos en la ciudad de Buenos Aires y aplic\u00f3 una \u00abexacerbada carga fiscal e impositiva\u00bb. Capitanich tambi\u00e9n cuestion\u00f3 a Scioli por su presencia en un evento de Clar\u00edn.<!--more--><\/p>\n<p>\u00abLos candidatos opositores lo \u00fanico que quieren es aumentar las tarifas y aumentar los impuestos para sacarle plata (a la gente) y generar las condiciones de anulaci\u00f3n de todos los derechos y conquistas logradas en los \u00faltimos a\u00f1os\u00bb, dijo Capitanich al criticar el titular de la portada de hoy del diario La Naci\u00f3n que indica \u00abBaja la nafta, pero suben alimentos, impuestos y transporte\u00bb, ya que no se aclara que las subas se dan en los distritos \u00abgobernados por signos opositores\u00bb.<\/p>\n<p>\u00abEl impuesto que aument\u00f3 es el ABL de la ciudad de Buenos Aires\u00bb, subray\u00f3 el ministro coordinador, y agreg\u00f3 que \u00ablos candidatos de la oposici\u00f3n dicen que no van a aumentar impuestos pero son los que los elevaron de una manera salvaje, con una exacerbada carga fiscal e impositiva\u00bb.<\/p>\n<p>Por \u00faltimo, pidi\u00f3 \u00abcoherencia entre lo que se dice, lo que se hace y lo que se propone\u00bb, con vistas a las elecciones presidenciales que se celebrar\u00e1n este a\u00f1o.<\/p>\n","protected":false},"excerpt":{"rendered":"<p>Lo afirm\u00f3 el jefe de Gabinete, Jorge Capitanich, quien consider\u00f3 que el jefe de Gobierno, Mauricio Macri, elev\u00f3 de \u00abmanera salvaje\u00bb los impuestos en la ciudad de Buenos Aires y aplic\u00f3 una \u00abexacerbada carga fiscal e impositiva\u00bb. Capitanich tambi\u00e9n cuestion\u00f3 a Scioli por su presencia en un evento de Clar\u00edn.<\/p>\n","protected":false},"author":4,"featured_media":0,"comment_status":"open","ping_status":"open","sticky":false,"template":"","format":"standard","meta":{"_jetpack_newsletter_access":"","_jetpack_dont_email_post_to_subs":false,"_jetpack_newsletter_tier_id":0,"_jetpack_memberships_contains_paywalled_content":false,"_jetpack_memberships_contains_paid_content":false,"footnotes":""},"categories":[51],"tags":[],"class_list":["post-59568","post","type-post","status-publish","format-standard","hentry","category-politica"],"jetpack_shortlink":"https:\/\/wp.me\/p2JWE0-fuM","jetpack-related-posts":[{"id":50338,"url":"http:\/\/www.24baires.com\/?p=50338","url_meta":{"origin":59568,"position":0},"title":"\u00abEl reclamo por el impuesto a las Ganancias es pol\u00edtico\u00bb","author":"AF","date":"22\/07\/2014","format":false,"excerpt":"El jefe de Gabinete consider\u00f3 hoy que los trabajadores y jubilados que no estaban alcanzados por este impuesto \"siguen sin estarlo, independientemente del incremento de su salario\" por las paritarias. \"El trabajador o jubilado que por el decreto 1242 que firm\u00f3 en el 2013 la presidenta Cristina Fern\u00e1ndez de Kirchner\u2026","rel":"","context":"En \u00abSociedad\u00bb","block_context":{"text":"Sociedad","link":"http:\/\/www.24baires.com\/?cat=1"},"img":{"alt_text":"Capitanich","src":"https:\/\/i0.wp.com\/www.24baires.com\/wp-content\/uploads\/2014\/01\/Capitanich.jpg?resize=350%2C200","width":350,"height":200,"srcset":"https:\/\/i0.wp.com\/www.24baires.com\/wp-content\/uploads\/2014\/01\/Capitanich.jpg?resize=350%2C200 1x, https:\/\/i0.wp.com\/www.24baires.com\/wp-content\/uploads\/2014\/01\/Capitanich.jpg?resize=525%2C300 1.5x"},"classes":[]},{"id":103621,"url":"http:\/\/www.24baires.com\/?p=103621","url_meta":{"origin":59568,"position":1},"title":"Desde hoy, la luz se paga casi un 25% m\u00e1s","author":"AF","date":"01\/08\/2018","format":false,"excerpt":"Los que menos pagan sufrir\u00e1n el mayor incremento. El promedio de suba es de un 24,4%. El Gobierno oficializ\u00f3 los nuevos aumentos de tarifas de luz que comenzar\u00e1n a recibirse en septiembre y de manera plena en octubre. Oscilan entre un 20% a 28% como m\u00e1ximo, es decir un 24,4%\u2026","rel":"","context":"En \u00abSociedad\u00bb","block_context":{"text":"Sociedad","link":"http:\/\/www.24baires.com\/?cat=1"},"img":{"alt_text":"","src":"https:\/\/i0.wp.com\/www.24baires.com\/wp-content\/uploads\/2016\/03\/electricidad.jpg?resize=350%2C200","width":350,"height":200,"srcset":"https:\/\/i0.wp.com\/www.24baires.com\/wp-content\/uploads\/2016\/03\/electricidad.jpg?resize=350%2C200 1x, https:\/\/i0.wp.com\/www.24baires.com\/wp-content\/uploads\/2016\/03\/electricidad.jpg?resize=525%2C300 1.5x"},"classes":[]},{"id":101781,"url":"http:\/\/www.24baires.com\/?p=101781","url_meta":{"origin":59568,"position":2},"title":"Tildan de \u00abinsignificante\u00bb a la quita de impuestos a servicios","author":"AF","date":"24\/04\/2018","format":false,"excerpt":"Diputados opositores al Gobierno provincial criticaron hoy la reducci\u00f3n de impuestos en servicios p\u00fablicos anunciada ayer por la administraci\u00f3n bonaerense al se\u00f1alar que el impacto sobre las boletas es \"insignificante\" y que \"no resuelve el problema de fondo\". \"Representa una gran estafa a los 16 millones de bonaerenses que est\u00e1n\u2026","rel":"","context":"En \u00abSociedad\u00bb","block_context":{"text":"Sociedad","link":"http:\/\/www.24baires.com\/?cat=1"},"img":{"alt_text":"","src":"https:\/\/i0.wp.com\/www.24baires.com\/wp-content\/uploads\/2016\/08\/contra-tarifazo.jpg?resize=350%2C200","width":350,"height":200,"srcset":"https:\/\/i0.wp.com\/www.24baires.com\/wp-content\/uploads\/2016\/08\/contra-tarifazo.jpg?resize=350%2C200 1x, https:\/\/i0.wp.com\/www.24baires.com\/wp-content\/uploads\/2016\/08\/contra-tarifazo.jpg?resize=525%2C300 1.5x"},"classes":[]},{"id":107512,"url":"http:\/\/www.24baires.com\/?p=107512","url_meta":{"origin":59568,"position":3},"title":"Diputados buscar\u00e1n aprobar una ley que limite el aumento de las tarifas","author":"GB","date":"04\/04\/2019","format":false,"excerpt":"Tambi\u00e9n buscar\u00e1n que los jubilados no paguen ganancias. Intentar\u00e1n reunir hoy qu\u00f3rum para realizar una sesi\u00f3n especial. Diputados opositores buscar\u00e1n aprobar una ley que limite el aumento de las tarifas La oposici\u00f3n de la C\u00e1mara de Diputados intentar\u00e1 reunir hoy qu\u00f3rum para realizar una sesi\u00f3n especial, a fin de debatir\u2026","rel":"","context":"En \u00abPol\u00edtica\u00bb","block_context":{"text":"Pol\u00edtica","link":"http:\/\/www.24baires.com\/?cat=51"},"img":{"alt_text":"","src":"https:\/\/i0.wp.com\/www.24baires.com\/wp-content\/uploads\/2018\/10\/dipiutades.jpg?resize=350%2C200","width":350,"height":200,"srcset":"https:\/\/i0.wp.com\/www.24baires.com\/wp-content\/uploads\/2018\/10\/dipiutades.jpg?resize=350%2C200 1x, https:\/\/i0.wp.com\/www.24baires.com\/wp-content\/uploads\/2018\/10\/dipiutades.jpg?resize=525%2C300 1.5x"},"classes":[]},{"id":52609,"url":"http:\/\/www.24baires.com\/?p=52609","url_meta":{"origin":59568,"position":4},"title":"\u00abEl 75% de los trabajadores manifest\u00f3 su voluntad de trabajar\u00bb","author":"AF","date":"28\/08\/2014","format":false,"excerpt":"El jefe de Gabinete, Jorge Capitanich, ratific\u00f3 que el gobierno es \"respetuoso del derecho de huelga\", pero no comparte \"las circunstancias ni el momento\" de la medida de fuerza. En rueda de prensa en Casa de Gobierno, Capitanich dijo que \"hay 20 gremios, que cuentan con m\u00e1s de 30 mil\u2026","rel":"","context":"En \u00abSociedad\u00bb","block_context":{"text":"Sociedad","link":"http:\/\/www.24baires.com\/?cat=1"},"img":{"alt_text":"capitanich","src":"https:\/\/i0.wp.com\/www.24baires.com\/wp-content\/uploads\/2014\/04\/capitanich.jpg?resize=350%2C200","width":350,"height":200,"srcset":"https:\/\/i0.wp.com\/www.24baires.com\/wp-content\/uploads\/2014\/04\/capitanich.jpg?resize=350%2C200 1x, https:\/\/i0.wp.com\/www.24baires.com\/wp-content\/uploads\/2014\/04\/capitanich.jpg?resize=525%2C300 1.5x"},"classes":[]},{"id":121173,"url":"http:\/\/www.24baires.com\/?p=121173","url_meta":{"origin":59568,"position":5},"title":"Milei vuelve a aumentar un impuesto e impacta en el precio de la nafta","author":"GB","date":"02\/04\/2024","format":false,"excerpt":"Seg\u00fan las petroleras, todav\u00eda falta un incremento de por lo menos el 10% para alcanzar los valores internacionales En una muestra mas de su voracidad recaudatoria, el gobierno de Javier Milei aument\u00f3 el impuesto a los combustibles l\u00edquidos un 5%, por lo que la nafta super ya no se consigue\u2026","rel":"","context":"En \u00abConsumidores\u00bb","block_context":{"text":"Consumidores","link":"http:\/\/www.24baires.com\/?cat=78"},"img":{"alt_text":"","src":"https:\/\/i0.wp.com\/www.24baires.com\/wp-content\/uploads\/2023\/12\/WhatsApp-Image-2023-12-28-at-21.08.54.jpeg?resize=350%2C200","width":350,"height":200,"srcset":"https:\/\/i0.wp.com\/www.24baires.com\/wp-content\/uploads\/2023\/12\/WhatsApp-Image-2023-12-28-at-21.08.54.jpeg?resize=350%2C200 1x, https:\/\/i0.wp.com\/www.24baires.com\/wp-content\/uploads\/2023\/12\/WhatsApp-Image-2023-12-28-at-21.08.54.jpeg?resize=525%2C300 1.5x, https:\/\/i0.wp.com\/www.24baires.com\/wp-content\/uploads\/2023\/12\/WhatsApp-Image-2023-12-28-at-21.08.54.jpeg?resize=700%2C400 2x"},"classes":[]}],"jetpack_sharing_enabled":true,"jetpack_likes_enabled":true,"jetpack_featured_media_url":"","_links":{"self":[{"href":"http:\/\/www.24baires.com\/index.php?rest_route=\/wp\/v2\/posts\/59568","targetHints":{"allow":["GET"]}}],"collection":[{"href":"http:\/\/www.24baires.com\/index.php?rest_route=\/wp\/v2\/posts"}],"about":[{"href":"http:\/\/www.24baires.com\/index.php?rest_route=\/wp\/v2\/types\/post"}],"author":[{"embeddable":true,"href":"http:\/\/www.24baires.com\/index.php?rest_route=\/wp\/v2\/users\/4"}],"replies":[{"embeddable":true,"href":"http:\/\/www.24baires.com\/index.php?rest_route=%2Fwp%2Fv2%2Fcomments&post=59568"}],"version-history":[{"count":1,"href":"http:\/\/www.24baires.com\/index.php?rest_route=\/wp\/v2\/posts\/59568\/revisions"}],"predecessor-version":[{"id":59569,"href":"http:\/\/www.24baires.com\/index.php?rest_route=\/wp\/v2\/posts\/59568\/revisions\/59569"}],"wp:attachment":[{"href":"http:\/\/www.24baires.com\/index.php?rest_route=%2Fwp%2Fv2%2Fmedia&parent=59568"}],"wp:term":[{"taxonomy":"category","embeddable":true,"href":"http:\/\/www.24baires.com\/index.php?rest_route=%2Fwp%2Fv2%2Fcategories&post=59568"},{"taxonomy":"post_tag","embeddable":true,"href":"http:\/\/www.24baires.com\/index.php?rest_route=%2Fwp%2Fv2%2Ftags&post=59568"}],"curies":[{"name":"wp","href":"https:\/\/api.w.org\/{rel}","templated":true}]}}