{"id":59546,"date":"2015-01-04T16:30:11","date_gmt":"2015-01-04T19:30:11","guid":{"rendered":"http:\/\/www.24baires.com\/?p=59546"},"modified":"2015-01-05T10:26:36","modified_gmt":"2015-01-05T13:26:36","slug":"anibal-fernandez-aseguro-que-el-fpv-ganara-en-primera-o-segunda-vuelta","status":"publish","type":"post","link":"http:\/\/www.24baires.com\/?p=59546","title":{"rendered":"An\u00edbal Fern\u00e1ndez asegur\u00f3 que el FPV ganar\u00e1 \u00aben primera o segunda vuelta\u00bb"},"content":{"rendered":"<p><img data-recalc-dims=\"1\" loading=\"lazy\" decoding=\"async\" class=\"aligncenter size-full wp-image-5267\" src=\"https:\/\/i0.wp.com\/www.24baires.com\/wp-content\/uploads\/2012\/11\/fern%C3%A1ndez-an%C3%ADbal2.jpg?resize=560%2C361\" alt=\"fern\u00e1ndez an\u00edbal2\" width=\"560\" height=\"361\" srcset=\"https:\/\/i0.wp.com\/www.24baires.com\/wp-content\/uploads\/2012\/11\/fern%C3%A1ndez-an%C3%ADbal2.jpg?w=560 560w, https:\/\/i0.wp.com\/www.24baires.com\/wp-content\/uploads\/2012\/11\/fern%C3%A1ndez-an%C3%ADbal2.jpg?resize=300%2C193 300w\" sizes=\"auto, (max-width: 560px) 100vw, 560px\" \/>\u201cYo estoy convencido de que ganamos la elecci\u00f3n. En primera vuelta o en segunda, pero ganamos la elecci\u00f3n\u201d, asegur\u00f3 sobre los comicios de 2015 el secretario general de la Presidencia.<!--more--><\/p>\n<p>El secretario general de la Presidencia, An\u00edbal Fern\u00e1ndez, vaticin\u00f3 hoy que el Frente para la Victoria (FpV) ganar\u00e1 las elecciones presidenciales de octubre de este a\u00f1o \u201cen primera o segunda vuelta\u201d, seg\u00fan una entrevista publicada hoy en el diario Perfil.<\/p>\n<p>En cuanto al l\u00edder del Frente Renovador y candidato por ese espacio, Fern\u00e1ndez sostuvo enf\u00e1ticamente: \u201c(Sergio) Massa no existe\u201d.<\/p>\n<p>En contraposici\u00f3n se refiri\u00f3 de inmediato a Mauricio Macri, al evaluar que si bien no piensa igual que el jefe de Gobierno porte\u00f1o, reconoci\u00f3 que \u201cpor lo menos es coherente\u201d.<\/p>\n<p>De todos modos, el funcionario nacional se\u00f1al\u00f3 que \u201ca m\u00ed no me da lo mismo que el subte valga 1,10 pesos como cuando el Estado Nacional lo administraba, que valga 4,50 como ahora\u201d.<\/p>\n<p>Ante una pregunta de si la Corte Suprema de Justicia debe contar con cinco miembros, Fern\u00e1ndez respondi\u00f3 en forma tajante: \u201cLo dice la ley\u201d.<\/p>\n<p>\u201cLa Presidenta, siendo senadora nacional, present\u00f3 un proyecto para que la Corte tenga cinco miembros, que es el que rige actualmente\u201d, puntualiz\u00f3.<\/p>\n<p>En este contexto, el secretario general de la Presidencia dijo que \u201cen el caso de (Carlos) Fayt, un hombre que ha sido hiper \u00fatil para el Gobierno y el poder jurisdiccional, yo present\u00e9 un escrito en la C\u00e1mara de Diputados para que lo analice la Comisi\u00f3n de Juicio Pol\u00edtico, para que se revise su idoneidad\u201d.<\/p>\n<p>\u201cLo que planteo es que se le hagan pericias. Lo dice la Constituci\u00f3n. No busco castigarlo, porque el trabajo que ha tenido ha sido para el reconocimiento. Pero hoy \u00bfconserva esa idoneidad? No lo s\u00e9\u201d.<\/p>\n<p>Por \u00faltimo, Fern\u00e1ndez manifest\u00f3 que si fuera por \u00e9l enviar\u00eda el pliego para el reemplazo del juez Eugenio Ra\u00fal Zaffaroni en en el cargo vacante del m\u00e1ximo tribunal, aunque aclar\u00f3: \u201cPero no soy yo el Presidente de la Naci\u00f3n\u201d.<\/p>\n","protected":false},"excerpt":{"rendered":"<p>\u201cYo estoy convencido de que ganamos la elecci\u00f3n. En primera vuelta o en segunda, pero ganamos la elecci\u00f3n\u201d, asegur\u00f3 sobre los comicios de 2015 el secretario general de la Presidencia.<\/p>\n","protected":false},"author":4,"featured_media":0,"comment_status":"open","ping_status":"open","sticky":false,"template":"","format":"standard","meta":{"_jetpack_newsletter_access":"","_jetpack_dont_email_post_to_subs":false,"_jetpack_newsletter_tier_id":0,"_jetpack_memberships_contains_paywalled_content":false,"_jetpack_memberships_contains_paid_content":false,"footnotes":""},"categories":[51],"tags":[],"class_list":["post-59546","post","type-post","status-publish","format-standard","hentry","category-politica"],"jetpack_shortlink":"https:\/\/wp.me\/p2JWE0-fuq","jetpack-related-posts":[{"id":66050,"url":"http:\/\/www.24baires.com\/?p=66050","url_meta":{"origin":59546,"position":0},"title":"An\u00edbal, seguro, reafirm\u00f3 que el FpV gana \u00aben primera o segunda vuelta\u00bb","author":"GB","date":"17\/05\/2015","format":false,"excerpt":"El jefe de Gabinete de Ministros An\u00edbal Fern\u00e1ndez, se mostr\u00f3 confiado en el triunfo del Frente para la Victoria en las elecciones de octubre, \u201cgana en primera o segunda vuelta\u201d indic\u00f3, al mismo tiempo que augur\u00f3 que la elecci\u00f3n \u201cse va a polarizar mucho con la derecha\u201d. \u201cLa elecci\u00f3n presidencial\u2026","rel":"","context":"En \u00abPol\u00edtica\u00bb","block_context":{"text":"Pol\u00edtica","link":"http:\/\/www.24baires.com\/?cat=51"},"img":{"alt_text":"anibal conferencia","src":"https:\/\/i0.wp.com\/www.24baires.com\/wp-content\/uploads\/2015\/04\/anibal-conferencia.jpg?resize=350%2C200","width":350,"height":200,"srcset":"https:\/\/i0.wp.com\/www.24baires.com\/wp-content\/uploads\/2015\/04\/anibal-conferencia.jpg?resize=350%2C200 1x, https:\/\/i0.wp.com\/www.24baires.com\/wp-content\/uploads\/2015\/04\/anibal-conferencia.jpg?resize=525%2C300 1.5x"},"classes":[]},{"id":67601,"url":"http:\/\/www.24baires.com\/?p=67601","url_meta":{"origin":59546,"position":1},"title":"Dirigentes del Frente para la Victoria respaldaron una eventual candidatura de M\u00e1ximo","author":"GB","date":"15\/06\/2015","format":false,"excerpt":"El jefe de Gabinete, An\u00edbal Fern\u00e1ndez; los intendentes de Avellaneda y La Matanza, Jorge Ferraresi y Fernando Espinoza, as\u00ed como la diputada nacional Diana Conti, insistieron en expresar su apoyo a una postulaci\u00f3n al considerar que el l\u00edder de la agrupaci\u00f3n La C\u00e1mpora puede ser candidato en las pr\u00f3ximas elecciones.\u2026","rel":"","context":"En \u00abElecciones 2015\u00bb","block_context":{"text":"Elecciones 2015","link":"http:\/\/www.24baires.com\/?cat=74"},"img":{"alt_text":"maximo-kirchner","src":"https:\/\/i0.wp.com\/www.24baires.com\/wp-content\/uploads\/2014\/03\/maximo-kirchner.jpg?resize=350%2C200","width":350,"height":200,"srcset":"https:\/\/i0.wp.com\/www.24baires.com\/wp-content\/uploads\/2014\/03\/maximo-kirchner.jpg?resize=350%2C200 1x, https:\/\/i0.wp.com\/www.24baires.com\/wp-content\/uploads\/2014\/03\/maximo-kirchner.jpg?resize=525%2C300 1.5x"},"classes":[]},{"id":65450,"url":"http:\/\/www.24baires.com\/?p=65450","url_meta":{"origin":59546,"position":2},"title":"An\u00edbal Fern\u00e1ndez oficializ\u00f3 su precandidatura a Gobernador por el FpV","author":"AF","date":"06\/05\/2015","format":false,"excerpt":"El jefe de Gabinete, An\u00edbal Fern\u00e1ndez, confirm\u00f3 que ser\u00e1 precandidato a gobernador de la provincia de Buenos Aires por el Frente para la Victoria y avizor\u00f3 que se presentar\u00e1n \"dos o tres f\u00f3rmulas\", al ingresar al Hotel NH Tango donde lanza oficialmente su candidatura. \"Voy a ser precandidato en la\u2026","rel":"","context":"En \u00abElecciones 2015\u00bb","block_context":{"text":"Elecciones 2015","link":"http:\/\/www.24baires.com\/?cat=74"},"img":{"alt_text":"fern\u00e1ndez an\u00edbal2","src":"https:\/\/i0.wp.com\/www.24baires.com\/wp-content\/uploads\/2012\/11\/fern%C3%A1ndez-an%C3%ADbal2.jpg?resize=350%2C200","width":350,"height":200,"srcset":"https:\/\/i0.wp.com\/www.24baires.com\/wp-content\/uploads\/2012\/11\/fern%C3%A1ndez-an%C3%ADbal2.jpg?resize=350%2C200 1x, https:\/\/i0.wp.com\/www.24baires.com\/wp-content\/uploads\/2012\/11\/fern%C3%A1ndez-an%C3%ADbal2.jpg?resize=525%2C300 1.5x"},"classes":[]},{"id":64933,"url":"http:\/\/www.24baires.com\/?p=64933","url_meta":{"origin":59546,"position":3},"title":"An\u00edbal Fern\u00e1ndez: \u201cPara nada estas PASO son un golpe para el Gobierno nacional\u201d","author":"AF","date":"27\/04\/2015","format":false,"excerpt":"El jefe de Gabinete se refiri\u00f3 al resultado en las PASO porte\u00f1as en las que el FpV result\u00f3 tercero y dijo que Capital Federal \u201ces un escenario esquivo para el peronismo\". Adem\u00e1s, elogi\u00f3 la labor de Mariano Recalde, contundente ganador de la interna de esa fuerza. En ese marco, Fern\u00e1ndez\u2026","rel":"","context":"En \u00abPol\u00edtica\u00bb","block_context":{"text":"Pol\u00edtica","link":"http:\/\/www.24baires.com\/?cat=51"},"img":{"alt_text":"fern\u00e1ndez an\u00edbal2","src":"https:\/\/i0.wp.com\/www.24baires.com\/wp-content\/uploads\/2012\/11\/fern%C3%A1ndez-an%C3%ADbal2.jpg?resize=350%2C200","width":350,"height":200,"srcset":"https:\/\/i0.wp.com\/www.24baires.com\/wp-content\/uploads\/2012\/11\/fern%C3%A1ndez-an%C3%ADbal2.jpg?resize=350%2C200 1x, https:\/\/i0.wp.com\/www.24baires.com\/wp-content\/uploads\/2012\/11\/fern%C3%A1ndez-an%C3%ADbal2.jpg?resize=525%2C300 1.5x"},"classes":[]},{"id":59230,"url":"http:\/\/www.24baires.com\/?p=59230","url_meta":{"origin":59546,"position":4},"title":"An\u00edbal: \u00abNo tengo dudas de que el Frente para la Victoria va a ganar las elecciones\u00bb","author":"GB","date":"28\/12\/2014","format":false,"excerpt":"El secretario General de la Presidencia sostuvo que \"el FpV va a ganar las elecciones\" presidenciales del a\u00f1o pr\u00f3ximo \"por un mont\u00f3n de razones\", en especial \"porque la oposici\u00f3n no tiene a alguien con estatura\" para ocupar la primera magistratura. No tengo dudas de que el Frente para la Victoria\u2026","rel":"","context":"En \u00abElecciones 2015\u00bb","block_context":{"text":"Elecciones 2015","link":"http:\/\/www.24baires.com\/?cat=74"},"img":{"alt_text":"fern\u00e1ndez an\u00edbal","src":"https:\/\/i0.wp.com\/www.24baires.com\/wp-content\/uploads\/2012\/12\/fern%C3%A1ndez-an%C3%ADbal.jpg?resize=350%2C200","width":350,"height":200,"srcset":"https:\/\/i0.wp.com\/www.24baires.com\/wp-content\/uploads\/2012\/12\/fern%C3%A1ndez-an%C3%ADbal.jpg?resize=350%2C200 1x, https:\/\/i0.wp.com\/www.24baires.com\/wp-content\/uploads\/2012\/12\/fern%C3%A1ndez-an%C3%ADbal.jpg?resize=525%2C300 1.5x"},"classes":[]},{"id":68646,"url":"http:\/\/www.24baires.com\/?p=68646","url_meta":{"origin":59546,"position":5},"title":"An\u00edbal asegur\u00f3 que el PRO es un partido \u00abde la Ciudad, sin proyecci\u00f3n en otro lugar\u00bb","author":"AF","date":"06\/07\/2015","format":false,"excerpt":"El jefe de Gabinete destac\u00f3 hoy el desarrollo de los comicios de ayer en distintos distritos del pa\u00eds e insisti\u00f3 en que los proyectos pol\u00edticos de Horacio Rodr\u00edguez Larreta y de Mart\u00edn Lousteau \"son exactamente lo mismo\". Sobre las elecciones de ayer, el funcionario destac\u00f3 que \"tenemos la mejor de\u2026","rel":"","context":"En \u00abElecciones 2015\u00bb","block_context":{"text":"Elecciones 2015","link":"http:\/\/www.24baires.com\/?cat=74"},"img":{"alt_text":"anibal conferencia","src":"https:\/\/i0.wp.com\/www.24baires.com\/wp-content\/uploads\/2015\/04\/anibal-conferencia.jpg?resize=350%2C200","width":350,"height":200,"srcset":"https:\/\/i0.wp.com\/www.24baires.com\/wp-content\/uploads\/2015\/04\/anibal-conferencia.jpg?resize=350%2C200 1x, https:\/\/i0.wp.com\/www.24baires.com\/wp-content\/uploads\/2015\/04\/anibal-conferencia.jpg?resize=525%2C300 1.5x"},"classes":[]}],"jetpack_sharing_enabled":true,"jetpack_likes_enabled":true,"jetpack_featured_media_url":"","_links":{"self":[{"href":"http:\/\/www.24baires.com\/index.php?rest_route=\/wp\/v2\/posts\/59546","targetHints":{"allow":["GET"]}}],"collection":[{"href":"http:\/\/www.24baires.com\/index.php?rest_route=\/wp\/v2\/posts"}],"about":[{"href":"http:\/\/www.24baires.com\/index.php?rest_route=\/wp\/v2\/types\/post"}],"author":[{"embeddable":true,"href":"http:\/\/www.24baires.com\/index.php?rest_route=\/wp\/v2\/users\/4"}],"replies":[{"embeddable":true,"href":"http:\/\/www.24baires.com\/index.php?rest_route=%2Fwp%2Fv2%2Fcomments&post=59546"}],"version-history":[{"count":1,"href":"http:\/\/www.24baires.com\/index.php?rest_route=\/wp\/v2\/posts\/59546\/revisions"}],"predecessor-version":[{"id":59547,"href":"http:\/\/www.24baires.com\/index.php?rest_route=\/wp\/v2\/posts\/59546\/revisions\/59547"}],"wp:attachment":[{"href":"http:\/\/www.24baires.com\/index.php?rest_route=%2Fwp%2Fv2%2Fmedia&parent=59546"}],"wp:term":[{"taxonomy":"category","embeddable":true,"href":"http:\/\/www.24baires.com\/index.php?rest_route=%2Fwp%2Fv2%2Fcategories&post=59546"},{"taxonomy":"post_tag","embeddable":true,"href":"http:\/\/www.24baires.com\/index.php?rest_route=%2Fwp%2Fv2%2Ftags&post=59546"}],"curies":[{"name":"wp","href":"https:\/\/api.w.org\/{rel}","templated":true}]}}