{"id":59524,"date":"2015-01-03T22:30:17","date_gmt":"2015-01-04T01:30:17","guid":{"rendered":"http:\/\/www.24baires.com\/?p=59524"},"modified":"2015-01-03T20:52:09","modified_gmt":"2015-01-03T23:52:09","slug":"el-ano-pasado-la-camara-de-diputados-sesiono-el-doble-de-veces-que-en-2013","status":"publish","type":"post","link":"http:\/\/www.24baires.com\/?p=59524","title":{"rendered":"El a\u00f1o pasado la C\u00e1mara de Diputados sesion\u00f3 el doble de veces que en 2013"},"content":{"rendered":"<p>La C\u00e1mara baja tuvo un total de 26 reuniones, entre sesiones ordinarias, especiales, informativas, en minor\u00eda y una preparatoria, superando con creces la actividad de 2013. Se acentu\u00f3 la tendencia de las sesiones especiales. La actividad de los diputados en la era kirchnerista.<!--more--><\/p>\n<p>Aprovechando la mayor\u00eda num\u00e9rica que a\u00fan conserva, el kirchnerismo hizo transpirar a legisladores propios, aliados y opositores con un verdadero ritmo de marat\u00f3n que ech\u00f3 por tierra los augurios de un a\u00f1o flojo en el Congreso.<\/p>\n<p>En el caso de la C\u00e1mara de Diputados, la intensa actividad se tradujo en n\u00fameros: en 2014, el cuerpo se reuni\u00f3 el doble de veces que el a\u00f1o anterior, con un protagonismo excluyente del Poder Ejecutivo en la gran cantidad de leyes que vieron la luz.<\/p>\n<p>As\u00ed lo indica un relevamiento de <strong>parlamentario.com<\/strong> para su \u00cdndice de Calidad Legislativa donde fueron contabilizadas las reuniones de los \u00faltimos 10 a\u00f1os, diferenciando las convocatorias del cuerpo donde hubo un cuarto intermedio.<\/p>\n<p>La C\u00e1mara baja sesion\u00f3 un total de 26 veces, en un fuerte contraste con respecto a 2013, cuando la actividad legislativa merm\u00f3 notablemente por ser un a\u00f1o electoral: en ese per\u00edodo hubo solo 14 reuniones.<\/p>\n<p>El Frente para la Victoria se vali\u00f3 de la herramienta de las sesiones especiales para evitar consensuar con la oposici\u00f3n, y convoc\u00f3 a un total de 13 reuniones de este car\u00e1cter y apenas 3 ordinarias, cuando en 2013 fueron 6 contra 5.<\/p>\n<p>Bajo esta modalidad, que el reglamento establece como excepcional, el Frente para la Victoria se ahorr\u00f3 varios dolores de cabeza y logr\u00f3 cumplir con el mandato del Poder Ejecutivo al sancionar leyes clave sin demasiadas dificultades.<\/p>\n<p>Los nuevos C\u00f3digos Civil y Comercial y Procesal Penal; la reforma a la Ley de Hidrocarburos; el pago a Repsol por la expropiaci\u00f3n de YPF; el acuerdo con Chevron; la Ley de Pago Soberano, Argentina Digital y la elecci\u00f3n de los parlamentarios del Mercosur fueron algunas de las normas m\u00e1s trascendentes votadas por el oficialismo.<\/p>\n<p>Con una agenda de temas totalmente diferente, la oposici\u00f3n no logr\u00f3 reunir el qu\u00f3rum para debatir sobre impuesto a las Ganancias, memor\u00e1ndum con Ir\u00e1n, despidos y suspensiones. Tal es as\u00ed que el a\u00f1o legislativo que concluy\u00f3 ser\u00e1 recordado por una elevada cantidad de sesiones en minor\u00eda: fueron 5 en total contra las 2 del a\u00f1o pasado.<\/p>\n<p>Otra gran diferencia num\u00e9rica radica en la cantidad de sesiones informativas de 2014, 4 en total, que convirtieron a Jorge Capitanich en el jefe de Gabinete m\u00e1s presente en el Congreso, cuando el a\u00f1o anterior fueron nulas.<\/p>\n<p>Por \u00faltimo, hubo una sesi\u00f3n preparatoria en cada a\u00f1o. En 2013 juraron los diputados que resultaron electos, mientras que en 2014 se renovaron las autoridades.<\/p>\n<p>Si bien la cantidad de reuniones fue elevada, lejos qued\u00f3 el r\u00e9cord que marc\u00f3 la C\u00e1mara de Diputados en 2006, cuando se registraron nada menos que 58 encuentros. La cifra fue variando a trav\u00e9s de los a\u00f1os y el r\u00e9cord negativo lleg\u00f3 en 2011, con apenas 13 reuniones y un Grupo A ya diluido.<\/p>\n<p>&nbsp;<\/p>\n<p>&nbsp;<\/p>\n<p>&nbsp;<\/p>\n<p>&nbsp;<\/p>\n","protected":false},"excerpt":{"rendered":"<p>La C\u00e1mara baja tuvo un total de 26 reuniones, entre sesiones ordinarias, especiales, informativas, en minor\u00eda y una preparatoria, superando con creces la actividad de 2013. Se acentu\u00f3 la tendencia de las sesiones especiales. La actividad de los diputados en la era kirchnerista.<\/p>\n","protected":false},"author":11,"featured_media":0,"comment_status":"open","ping_status":"open","sticky":false,"template":"","format":"standard","meta":{"_jetpack_newsletter_access":"","_jetpack_dont_email_post_to_subs":false,"_jetpack_newsletter_tier_id":0,"_jetpack_memberships_contains_paywalled_content":false,"_jetpack_memberships_contains_paid_content":false,"footnotes":""},"categories":[51],"tags":[],"class_list":["post-59524","post","type-post","status-publish","format-standard","hentry","category-politica"],"jetpack_shortlink":"https:\/\/wp.me\/p2JWE0-fu4","jetpack-related-posts":[{"id":117551,"url":"http:\/\/www.24baires.com\/?p=117551","url_meta":{"origin":59524,"position":0},"title":"Massa acuerda con la oposici\u00f3n por sesiones virtuales","author":"GB","date":"11\/05\/2021","format":false,"excerpt":"Tras largas negociaciones, el presidente de la C\u00e1mara de Diputados, Sergio Massa, logr\u00f3 un acuerdo para lograr la continuidad de las sesiones virtuales Tras largas negociaciones que se extendieron durante todo el \u00faltimo fin de semana, el presidente de la C\u00e1mara de Diputados, Sergio Massa, se anot\u00f3 una victoria pol\u00edtica:\u2026","rel":"","context":"En \u00abPol\u00edtica\u00bb","block_context":{"text":"Pol\u00edtica","link":"http:\/\/www.24baires.com\/?cat=51"},"img":{"alt_text":"","src":"https:\/\/i0.wp.com\/www.24baires.com\/wp-content\/uploads\/2020\/05\/diputados-virtual.jpg?resize=350%2C200","width":350,"height":200,"srcset":"https:\/\/i0.wp.com\/www.24baires.com\/wp-content\/uploads\/2020\/05\/diputados-virtual.jpg?resize=350%2C200 1x, https:\/\/i0.wp.com\/www.24baires.com\/wp-content\/uploads\/2020\/05\/diputados-virtual.jpg?resize=525%2C300 1.5x"},"classes":[]},{"id":105069,"url":"http:\/\/www.24baires.com\/?p=105069","url_meta":{"origin":59524,"position":1},"title":"Gritos e insultos entre diputados por la firma del dictamen del Presupuesto","author":"AF","date":"23\/10\/2018","format":false,"excerpt":"Los opositores estallaron al enterarse de que el oficialismo hab\u00eda convocado a sesi\u00f3n especial para este mi\u00e9rcoles, a las 11, mientras segu\u00edan discutiendo en comisi\u00f3n el proyecto de Presupuesto. El debate del proyecto de ley de Presupuesto 2019 que se lleva a cabo en la Comisi\u00f3n de Presupuesto y Hacienda\u2026","rel":"","context":"En \u00abPol\u00edtica\u00bb","block_context":{"text":"Pol\u00edtica","link":"http:\/\/www.24baires.com\/?cat=51"},"img":{"alt_text":"","src":"https:\/\/i0.wp.com\/www.24baires.com\/wp-content\/uploads\/2018\/10\/DICTAMEN-PRESUPUESTO.jpg?resize=350%2C200","width":350,"height":200,"srcset":"https:\/\/i0.wp.com\/www.24baires.com\/wp-content\/uploads\/2018\/10\/DICTAMEN-PRESUPUESTO.jpg?resize=350%2C200 1x, https:\/\/i0.wp.com\/www.24baires.com\/wp-content\/uploads\/2018\/10\/DICTAMEN-PRESUPUESTO.jpg?resize=525%2C300 1.5x"},"classes":[]},{"id":104536,"url":"http:\/\/www.24baires.com\/?p=104536","url_meta":{"origin":59524,"position":2},"title":"El Gobierno compensar\u00e1 en parte lo que les quit\u00f3 a las provincias del fondo sojero","author":"AF","date":"18\/09\/2018","format":false,"excerpt":"El Gobierno girar\u00e1 a las provincias 4125 millones de pesos para compensar, en parte, la p\u00e9rdida de recursos que implica la eliminaci\u00f3n del Fondo Federal Solidario, tambi\u00e9n llamado Fondo Sojero, por el cual las administraciones provinciales y municipales recib\u00edan unos 6200 millones de pesos. A cambio de la compensaci\u00f3n parcial,\u2026","rel":"","context":"En \u00abPol\u00edtica\u00bb","block_context":{"text":"Pol\u00edtica","link":"http:\/\/www.24baires.com\/?cat=51"},"img":{"alt_text":"","src":"https:\/\/i0.wp.com\/www.24baires.com\/wp-content\/uploads\/2018\/09\/na02fo01_9.jpg?resize=350%2C200","width":350,"height":200,"srcset":"https:\/\/i0.wp.com\/www.24baires.com\/wp-content\/uploads\/2018\/09\/na02fo01_9.jpg?resize=350%2C200 1x, https:\/\/i0.wp.com\/www.24baires.com\/wp-content\/uploads\/2018\/09\/na02fo01_9.jpg?resize=525%2C300 1.5x"},"classes":[]},{"id":11963,"url":"http:\/\/www.24baires.com\/?p=11963","url_meta":{"origin":59524,"position":3},"title":"Apenas el 18% de los legisladores tuvo asistencia perfecta en 2012","author":"AF","date":"12\/01\/2013","format":false,"excerpt":"En Diputados, el radical Daniel Kroneberger fue el que m\u00e1s falt\u00f3: 14 veces, entre licencias y ausencias con aviso, motivadas por un tratamiento oncol\u00f3gico. Por el conflicto entre el Gobierno nacional y el de Santa Cruz, Blanca Blanco de Peralta se ausent\u00f3 en 11 oportunidades. El 18% tuvo asistencia perfecta.\u2026","rel":"","context":"En \u00abPol\u00edtica\u00bb","block_context":{"text":"Pol\u00edtica","link":"http:\/\/www.24baires.com\/?cat=51"},"img":{"alt_text":"diputados5","src":"https:\/\/i0.wp.com\/www.24baires.com\/wp-content\/uploads\/2012\/11\/diputados5.jpg?resize=350%2C200","width":350,"height":200,"srcset":"https:\/\/i0.wp.com\/www.24baires.com\/wp-content\/uploads\/2012\/11\/diputados5.jpg?resize=350%2C200 1x, https:\/\/i0.wp.com\/www.24baires.com\/wp-content\/uploads\/2012\/11\/diputados5.jpg?resize=525%2C300 1.5x"},"classes":[]},{"id":21792,"url":"http:\/\/www.24baires.com\/?p=21792","url_meta":{"origin":59524,"position":4},"title":"Tras el qu\u00f3rum, comienza la sesi\u00f3n en Diputados sobre la reforma judicial","author":"AF","date":"24\/04\/2013","format":false,"excerpt":"Diputados inici\u00f3 la sesi\u00f3n especial luego de que el oficialismo consiguiera que 132 legisladores, entre propios y aliados, se sentaran en sus bancas. Tras lograr el n\u00famero, la oposici\u00f3n se ubic\u00f3 en sus bancas. Inmediatamente a que el kirchnerismo lograra el n\u00famero para dar inicio a la sesi\u00f3n, la oposici\u00f3n\u2026","rel":"","context":"En \u00abPol\u00edtica\u00bb","block_context":{"text":"Pol\u00edtica","link":"http:\/\/www.24baires.com\/?cat=51"},"img":{"alt_text":"","src":"","width":0,"height":0},"classes":[]},{"id":103519,"url":"http:\/\/www.24baires.com\/?p=103519","url_meta":{"origin":59524,"position":5},"title":"Cambiemos en diputados comienza a negociar modificaciones a los recortes de fondos al turf","author":"Grupo Sierra","date":"25\/07\/2018","format":false,"excerpt":"Con aval del Ejecutivo, el oficialismo bonaerense en la c\u00e1mara de Diputados accedi\u00f3 a revisar el proyecto de ley que pretende recortar los aportes estatales al turf, luego de que la oposici\u00f3n peronista se abroquelara en rechazo a la propuesta y bloqueara el n\u00famero necesario para su aprobaci\u00f3n. Fuentes de\u2026","rel":"","context":"En \u00abProvincia\u00bb","block_context":{"text":"Provincia","link":"http:\/\/www.24baires.com\/?cat=40"},"img":{"alt_text":"","src":"https:\/\/i0.wp.com\/www.dib.com.ar\/gestion\/images\/blogmanagement\/noticias\/thumb\/5b57d76a689391532483434.jpg?resize=350%2C200","width":350,"height":200,"srcset":"https:\/\/i0.wp.com\/www.dib.com.ar\/gestion\/images\/blogmanagement\/noticias\/thumb\/5b57d76a689391532483434.jpg?resize=350%2C200 1x, https:\/\/i0.wp.com\/www.dib.com.ar\/gestion\/images\/blogmanagement\/noticias\/thumb\/5b57d76a689391532483434.jpg?resize=525%2C300 1.5x"},"classes":[]}],"jetpack_sharing_enabled":true,"jetpack_likes_enabled":true,"jetpack_featured_media_url":"","_links":{"self":[{"href":"http:\/\/www.24baires.com\/index.php?rest_route=\/wp\/v2\/posts\/59524","targetHints":{"allow":["GET"]}}],"collection":[{"href":"http:\/\/www.24baires.com\/index.php?rest_route=\/wp\/v2\/posts"}],"about":[{"href":"http:\/\/www.24baires.com\/index.php?rest_route=\/wp\/v2\/types\/post"}],"author":[{"embeddable":true,"href":"http:\/\/www.24baires.com\/index.php?rest_route=\/wp\/v2\/users\/11"}],"replies":[{"embeddable":true,"href":"http:\/\/www.24baires.com\/index.php?rest_route=%2Fwp%2Fv2%2Fcomments&post=59524"}],"version-history":[{"count":1,"href":"http:\/\/www.24baires.com\/index.php?rest_route=\/wp\/v2\/posts\/59524\/revisions"}],"predecessor-version":[{"id":59525,"href":"http:\/\/www.24baires.com\/index.php?rest_route=\/wp\/v2\/posts\/59524\/revisions\/59525"}],"wp:attachment":[{"href":"http:\/\/www.24baires.com\/index.php?rest_route=%2Fwp%2Fv2%2Fmedia&parent=59524"}],"wp:term":[{"taxonomy":"category","embeddable":true,"href":"http:\/\/www.24baires.com\/index.php?rest_route=%2Fwp%2Fv2%2Fcategories&post=59524"},{"taxonomy":"post_tag","embeddable":true,"href":"http:\/\/www.24baires.com\/index.php?rest_route=%2Fwp%2Fv2%2Ftags&post=59524"}],"curies":[{"name":"wp","href":"https:\/\/api.w.org\/{rel}","templated":true}]}}