{"id":59506,"date":"2015-01-03T17:30:06","date_gmt":"2015-01-03T20:30:06","guid":{"rendered":"http:\/\/www.24baires.com\/?p=59506"},"modified":"2015-01-04T11:40:30","modified_gmt":"2015-01-04T14:40:30","slug":"es-hora-que-la-matanza-ponga-al-gobernador-reclamo-espinoza","status":"publish","type":"post","link":"http:\/\/www.24baires.com\/?p=59506","title":{"rendered":"\u00abEs hora de que La Matanza ponga al gobernador\u00bb reclam\u00f3 Espinoza"},"content":{"rendered":"<p><img data-recalc-dims=\"1\" loading=\"lazy\" decoding=\"async\" class=\"aligncenter size-full wp-image-59507\" src=\"https:\/\/i0.wp.com\/www.24baires.com\/wp-content\/uploads\/2015\/01\/matanza.jpg?resize=560%2C373\" alt=\"matanza\" width=\"560\" height=\"373\" srcset=\"https:\/\/i0.wp.com\/www.24baires.com\/wp-content\/uploads\/2015\/01\/matanza.jpg?w=560 560w, https:\/\/i0.wp.com\/www.24baires.com\/wp-content\/uploads\/2015\/01\/matanza.jpg?resize=300%2C200 300w\" sizes=\"auto, (max-width: 560px) 100vw, 560px\" \/><\/p>\n<p>\u201cSabemos lo que La Matanza se juega en los pr\u00f3ximos meses y les aseguro que no son las ganas de una persona, yo no quiero ser nada, yo no soy nadie sin ustedes, lo \u00fanico que si siento, desde hace un tiempo atr\u00e1s, es que al interpretar a mi pueblo oigo desde el fondo del coraz\u00f3n de cada militante, de cada vecina, de cada estudiante, de cada trabajador y cada empresario, de cada humilde de La Matanza, siento que es hora que, por primera vez en la historia, La Matanza ponga al pr\u00f3ximo gobernador de la Provincia de Buenos Aires\u201d manifest\u00f3 el intendente de La Matanza y presidente del Peronismo de la Provincia de Buenos Aires, Fernando Espinoza en la tradicional cena y brindis de fin de a\u00f1o.<\/p>\n<p><!--more-->Ante m\u00e1s de un millar de militantes peronistas matanceros entre los que se encontraban legisladores nacionales, provinciales y municipales, funcionarios del distrito, consejeros y congresales del PJ Matancero, presidentes de las agrupaciones pol\u00edticas y sindicales peronistas del distrito y representantes de la prensa local el Intendente del populoso partido de la Provincia tuvo conceptos fuertes para anotar en este a\u00f1o electoral.<\/p>\n<p>Tambi\u00e9n dijo que mientras se ve como algunos tratan de ser especies de actores de TV con m\u00e1s sonrisas que propuestas y otros tratan de hacerse populares a trav\u00e9s de programas de entretenimientos, \u201cnosotros hicimos y hacemos como nos ense\u00f1aron Per\u00f3n, Evita y N\u00e9stor: hay que trabajar, hay que estudiar, hay que militar apoyando a Cristina, hay que romperse el alma para que a ning\u00fan enfermo le falte un medicamento, hay que matarse para que a ning\u00fan chico le falte un par de zapatillas para ir al colegio, hay que luchar para que no se cierre ninguna fabrica y seguir creando trabajo y creando escuelas y universidades. Nosotros lo que hicimos lo podemos mostrar, pasamos de ser la capital del piquete a ser la capital del trabajo y la producci\u00f3n\u201d.<\/p>\n<p>\u201cCuantas veces nos quisieron voltear, cuantas veces nos quisieron hacer desaparecer, cuantas nos quisieron matar y estamos ac\u00e1, el peronismo unido de La Matanza m\u00e1s vivo y m\u00e1s fuerte que nunca\u201d -comenz\u00f3 su discurso Fernando Espinoza, para cerrar la cena de fin de a\u00f1o que el Consejo de Partido Justicialista de La Matanza ofreci\u00f3 como comensales a m\u00e1s de mil militantes en las instalaciones del \u201cClub Portugu\u00e9s del GBA\u201d en Isidro Casanova, centro geogr\u00e1fico del distrito con m\u00e1s poblado de Argentina con casi dos millones de habitantes.<br \/>\n\u201cLa Matanza siempre estuvo a la vanguardia de los hechos hist\u00f3ricos que pasaron en nuestro Pa\u00eds, desde aquel glorioso 17 de octubre de 1945 siempre dijo presente\u201d continu\u00f3 memorando con los presentes y en primer t\u00e9rmino aquella gesta de mediados del siglo pasado donde los trabajadores se manifestaron masivamente en plaza de mayo y reclamaron, obteniendo la libertad del entonces coronel Per\u00f3n, de quien dijo: \u201cesta m\u00e1s vivo que nunca, hoy y aqu\u00ed\u201d.<br \/>\n\u201cAc\u00e1 est\u00e1n presentes las tres generaciones de peronistas, aquellos que vieron nacer al peronismo cuando eran muy chicos y aqu\u00ed est\u00e1n tambi\u00e9n sus hijos y sus nietos\u201d se\u00f1al\u00f3 el intendente matancero y continu\u00f3 rememorando aquellos a\u00f1os gloriosos del peronismo diciendo \u201ccuando hombres y mujeres ven\u00edan huyendo de la pobreza de Europa a trabajar en estas tierras y encontraron aqu\u00ed una forma digna de progresar y formar sus familias\u201d.<br \/>\nTambi\u00e9n dijo que \u201clo mismo sucedi\u00f3 con los pobres del interior del Pa\u00eds que ven\u00edan atra\u00eddos por el trabajo y el progreso productivo y educativo que gener\u00f3 el peronismo\u201d -y revel\u00f3 que \u00e9l es nieto de trabajadores del campo, de \u201cun domador y una mucama de estancia\u201d y agradeci\u00f3 a sus abuelos que vinieron aqu\u00ed y a su padre trabajador metal\u00fargico delegado de la UOM y a su madre ama de casa y costurera, porque gracias a ellos dijo \u201cYo nac\u00ed en tierra peronista, aqu\u00ed en la matanza, que nadie puede negar: fue, es y ser\u00e1 la Capital del Peronismo y eso gracias a ustedes militantes matanceros: abuelos, padres, hijos y nietos peronistas\u201d.<br \/>\n\u201cLa militancia peronista de La Matanza es distinta, eso se nota\u201d -asever\u00f3 el presidente del justicialismo bonaerense y justific\u00f3- \u201cporque desde que se inici\u00f3 la causa de Per\u00f3n y Evita, la causa de los humildes, ustedes, en cada barrio, en cada f\u00e1brica, en cada sociedad de fomento, en cada club, en cada organizaci\u00f3n, en cada centro de jubilados, en cada escuela, en cada centro de salud, ustedes son elegidos por sus vecinos para representarlos, d\u00eda a d\u00eda, porque ustedes se matan trabajando por los que m\u00e1s necesitan y por los que menos tienen en todo lugar del distrito\u201d.<\/p>\n","protected":false},"excerpt":{"rendered":"<p>\u201cSabemos lo que La Matanza se juega en los pr\u00f3ximos meses y les aseguro que no son las ganas de una persona, yo no quiero ser nada, yo no soy nadie sin ustedes, lo \u00fanico que si siento, desde hace un tiempo atr\u00e1s, es que al interpretar a mi pueblo oigo desde el fondo del coraz\u00f3n de cada militante, de [&#8230;]<\/p>\n","protected":false},"author":11,"featured_media":0,"comment_status":"open","ping_status":"open","sticky":false,"template":"","format":"standard","meta":{"_jetpack_newsletter_access":"","_jetpack_dont_email_post_to_subs":false,"_jetpack_newsletter_tier_id":0,"_jetpack_memberships_contains_paywalled_content":false,"_jetpack_memberships_contains_paid_content":false,"footnotes":""},"categories":[51],"tags":[],"class_list":["post-59506","post","type-post","status-publish","format-standard","hentry","category-politica"],"jetpack_shortlink":"https:\/\/wp.me\/p2JWE0-ftM","jetpack-related-posts":[{"id":115496,"url":"http:\/\/www.24baires.com\/?p=115496","url_meta":{"origin":59506,"position":0},"title":"\u00abEsperamos que con estas restricciones se empiece a reducir la velocidad de contagio\u00bb","author":"GB","date":"30\/06\/2020","format":false,"excerpt":"El mandatario recorri\u00f3 el centro de aislamiento de pacientes sospechosos de Gonzalez Cat\u00e1n, que alojar\u00e1 a vecinos de esa zona mientras esperan el resultado del hisopado. El gobernador de la provincia de Buenos Aires, Axel Kicillof, visit\u00f3 este lunes, junto al intendente de La Matanza, Fernando Espinoza, el centro de\u2026","rel":"","context":"En \u00abProvincia\u00bb","block_context":{"text":"Provincia","link":"http:\/\/www.24baires.com\/?cat=40"},"img":{"alt_text":"","src":"https:\/\/i0.wp.com\/www.24baires.com\/wp-content\/uploads\/2020\/06\/kicillo-gonzalez-catan.jpeg?resize=350%2C200","width":350,"height":200,"srcset":"https:\/\/i0.wp.com\/www.24baires.com\/wp-content\/uploads\/2020\/06\/kicillo-gonzalez-catan.jpeg?resize=350%2C200 1x, https:\/\/i0.wp.com\/www.24baires.com\/wp-content\/uploads\/2020\/06\/kicillo-gonzalez-catan.jpeg?resize=525%2C300 1.5x"},"classes":[]},{"id":107651,"url":"http:\/\/www.24baires.com\/?p=107651","url_meta":{"origin":59506,"position":1},"title":"El peronismo se re\u00fane en Avellaneda","author":"AF","date":"13\/04\/2019","format":false,"excerpt":"Con la excusa de la inauguraci\u00f3n de una pileta ol\u00edmpica climatizada, el peronismo bonaerense busca cerrar filas en Avellaneda. El encuentro partidario se dio horas despu\u00e9s del decreto de Mauricio Macri que no permite las listas colectoras en las pr\u00f3ximas elecciones; y sirve, adem\u00e1s, para mostrar juntos a los dirigentes\u2026","rel":"","context":"En \u00abPol\u00edtica\u00bb","block_context":{"text":"Pol\u00edtica","link":"http:\/\/www.24baires.com\/?cat=51"},"img":{"alt_text":"","src":"https:\/\/i0.wp.com\/www.24baires.com\/wp-content\/uploads\/2019\/04\/peronismo.jpeg?resize=350%2C200","width":350,"height":200,"srcset":"https:\/\/i0.wp.com\/www.24baires.com\/wp-content\/uploads\/2019\/04\/peronismo.jpeg?resize=350%2C200 1x, https:\/\/i0.wp.com\/www.24baires.com\/wp-content\/uploads\/2019\/04\/peronismo.jpeg?resize=525%2C300 1.5x"},"classes":[]},{"id":108582,"url":"http:\/\/www.24baires.com\/?p=108582","url_meta":{"origin":59506,"position":2},"title":"Fernando Espinoza confirm\u00f3 que ser\u00e1 candidato a intendente de La Matanza","author":"GB","date":"05\/06\/2019","format":false,"excerpt":"El diputado nacional anuncio que volver\u00e1 a competir por la intendencia en su distrito. Pese a una de las opciones era continuar en el Congreso, en el Plenario de la Militancia de La Matanza los representantes de su espacio le pidieron que vaya por el municipio en las pr\u00f3ximas elecciones.\u2026","rel":"","context":"En \u00abMunicipios\u00bb","block_context":{"text":"Municipios","link":"http:\/\/www.24baires.com\/?cat=44"},"img":{"alt_text":"","src":"https:\/\/i0.wp.com\/www.24baires.com\/wp-content\/uploads\/2013\/10\/espinoza.jpg?resize=350%2C200","width":350,"height":200,"srcset":"https:\/\/i0.wp.com\/www.24baires.com\/wp-content\/uploads\/2013\/10\/espinoza.jpg?resize=350%2C200 1x, https:\/\/i0.wp.com\/www.24baires.com\/wp-content\/uploads\/2013\/10\/espinoza.jpg?resize=525%2C300 1.5x"},"classes":[]},{"id":115026,"url":"http:\/\/www.24baires.com\/?p=115026","url_meta":{"origin":59506,"position":3},"title":"Kicillof destac\u00f3 el \u201cmonitoreo que los intendentes realizan en la Provincia\u201d para reducir contagios","author":"GB","date":"15\/05\/2020","format":false,"excerpt":"El mandatario bonaerense visit\u00f3 el partido de La Matanza en el marco de los trabajos de prevenci\u00f3n para minimizar la propagaci\u00f3n de covid-19. El gobernador de la provincia de Buenos Aires, Axel Kicillof, visit\u00f3 el Centro de Operaciones Municipal (COM) de La Matanza y fue acompa\u00f1ado por el intendente local,\u2026","rel":"","context":"En \u00abProvincia\u00bb","block_context":{"text":"Provincia","link":"http:\/\/www.24baires.com\/?cat=40"},"img":{"alt_text":"","src":"https:\/\/i0.wp.com\/www.24baires.com\/wp-content\/uploads\/2020\/05\/kicillof-intendentes-1.jpg?resize=350%2C200","width":350,"height":200,"srcset":"https:\/\/i0.wp.com\/www.24baires.com\/wp-content\/uploads\/2020\/05\/kicillof-intendentes-1.jpg?resize=350%2C200 1x, https:\/\/i0.wp.com\/www.24baires.com\/wp-content\/uploads\/2020\/05\/kicillof-intendentes-1.jpg?resize=525%2C300 1.5x"},"classes":[]},{"id":53188,"url":"http:\/\/www.24baires.com\/?p=53188","url_meta":{"origin":59506,"position":4},"title":"Para Espinoza, el pr\u00f3ximo Presidente \u00abser\u00e1 puesto por el Peronismo bonaerense\u00bb","author":"Grupo Sierra","date":"06\/09\/2014","format":false,"excerpt":"El titular del PJ bonaerense inst\u00f3 a los \"que se dicen peronistas\" a integrar el partido, en el marco de un encuentro en Punta Alta . \"Si seguimos as\u00ed, el peronismo de la provincia pone al pr\u00f3ximo presidente y al pr\u00f3ximo gobernador\u201d, apunt\u00f3 el intendente de La Matanza. \u201cLos que\u2026","rel":"","context":"En \u00abElecciones 2015\u00bb","block_context":{"text":"Elecciones 2015","link":"http:\/\/www.24baires.com\/?cat=74"},"img":{"alt_text":"espinoza","src":"https:\/\/i0.wp.com\/www.24baires.com\/wp-content\/uploads\/2014\/03\/espinoza.jpg?resize=350%2C200","width":350,"height":200,"srcset":"https:\/\/i0.wp.com\/www.24baires.com\/wp-content\/uploads\/2014\/03\/espinoza.jpg?resize=350%2C200 1x, https:\/\/i0.wp.com\/www.24baires.com\/wp-content\/uploads\/2014\/03\/espinoza.jpg?resize=525%2C300 1.5x"},"classes":[]},{"id":67349,"url":"http:\/\/www.24baires.com\/?p=67349","url_meta":{"origin":59506,"position":5},"title":"La Matanza podr\u00eda tener su primera Intendenta mujer","author":"AF","date":"10\/06\/2015","format":false,"excerpt":"El intendente del municipio m\u00e1s poblado del Conurbano propuso a la diputada Ver\u00f3nica Magario como candidata. \"Por primera vez en la historia, una compa\u00f1era mujer gobernar\u00e1 a nuestra querida La Matanza\u201d, dijo emocionado. Visiblemente emocionado, Espinoza encabez\u00f3 junto a Magario el acto de lanzamiento de la candidatura en el Consejo\u2026","rel":"","context":"En \u00abLocales\u00bb","block_context":{"text":"Locales","link":"http:\/\/www.24baires.com\/?cat=38"},"img":{"alt_text":"","src":"https:\/\/i0.wp.com\/www.24baires.com\/wp-content\/uploads\/2015\/06\/magario-espinoza.jpg?resize=350%2C200","width":350,"height":200,"srcset":"https:\/\/i0.wp.com\/www.24baires.com\/wp-content\/uploads\/2015\/06\/magario-espinoza.jpg?resize=350%2C200 1x, https:\/\/i0.wp.com\/www.24baires.com\/wp-content\/uploads\/2015\/06\/magario-espinoza.jpg?resize=525%2C300 1.5x"},"classes":[]}],"jetpack_sharing_enabled":true,"jetpack_likes_enabled":true,"jetpack_featured_media_url":"","_links":{"self":[{"href":"http:\/\/www.24baires.com\/index.php?rest_route=\/wp\/v2\/posts\/59506","targetHints":{"allow":["GET"]}}],"collection":[{"href":"http:\/\/www.24baires.com\/index.php?rest_route=\/wp\/v2\/posts"}],"about":[{"href":"http:\/\/www.24baires.com\/index.php?rest_route=\/wp\/v2\/types\/post"}],"author":[{"embeddable":true,"href":"http:\/\/www.24baires.com\/index.php?rest_route=\/wp\/v2\/users\/11"}],"replies":[{"embeddable":true,"href":"http:\/\/www.24baires.com\/index.php?rest_route=%2Fwp%2Fv2%2Fcomments&post=59506"}],"version-history":[{"count":2,"href":"http:\/\/www.24baires.com\/index.php?rest_route=\/wp\/v2\/posts\/59506\/revisions"}],"predecessor-version":[{"id":59538,"href":"http:\/\/www.24baires.com\/index.php?rest_route=\/wp\/v2\/posts\/59506\/revisions\/59538"}],"wp:attachment":[{"href":"http:\/\/www.24baires.com\/index.php?rest_route=%2Fwp%2Fv2%2Fmedia&parent=59506"}],"wp:term":[{"taxonomy":"category","embeddable":true,"href":"http:\/\/www.24baires.com\/index.php?rest_route=%2Fwp%2Fv2%2Fcategories&post=59506"},{"taxonomy":"post_tag","embeddable":true,"href":"http:\/\/www.24baires.com\/index.php?rest_route=%2Fwp%2Fv2%2Ftags&post=59506"}],"curies":[{"name":"wp","href":"https:\/\/api.w.org\/{rel}","templated":true}]}}