{"id":59493,"date":"2015-01-03T12:33:14","date_gmt":"2015-01-03T15:33:14","guid":{"rendered":"http:\/\/www.24baires.com\/?p=59493"},"modified":"2015-01-03T11:56:01","modified_gmt":"2015-01-03T14:56:01","slug":"cuartango-vs-vidal-la-primera-pelea-del-verano","status":"publish","type":"post","link":"http:\/\/www.24baires.com\/?p=59493","title":{"rendered":"Cuartango vs Vidal, la primera pelea del verano"},"content":{"rendered":"<p><img data-recalc-dims=\"1\" loading=\"lazy\" decoding=\"async\" class=\"aligncenter size-full wp-image-6764\" src=\"https:\/\/i0.wp.com\/www.24baires.com\/wp-content\/uploads\/2012\/11\/cuartagno-ministro.jpg?resize=560%2C341\" alt=\"cuartagno-ministro\" width=\"560\" height=\"341\" srcset=\"https:\/\/i0.wp.com\/www.24baires.com\/wp-content\/uploads\/2012\/11\/cuartagno-ministro.jpg?w=560 560w, https:\/\/i0.wp.com\/www.24baires.com\/wp-content\/uploads\/2012\/11\/cuartagno-ministro.jpg?resize=300%2C182 300w\" sizes=\"auto, (max-width: 560px) 100vw, 560px\" \/>El ministro de Trabajo achac\u00f3 a la candidata PRO para la Provincia la \u00abfalta de propuestas superadoras\u00bb. Vidal hab\u00eda criticado a la gesti\u00f3n Scioli ayer, desde Mar del Plata.<!--more--><\/p>\n<p>El ministro de Trabajo de la provincia de Buenos Aires, Oscar Cuartango, sali\u00f3 al cruce de las declaraciones de la vicejefa de Gobierno porte\u00f1o, Mar\u00eda Eugenia Vidal al sostener que \u201ccansa escuchar a comentaristas de la realidad que no tienen propuestas superadoras\u201d. Adem\u00e1s agreg\u00f3 \u201cNunca se escuch\u00f3 de parte de Mar\u00eda Eugenia Vidal cu\u00e1l es su plataforma de gesti\u00f3n para dar una soluci\u00f3n a los supuestos problemas que describe\u201d.<\/p>\n<p>Por otra parte, explic\u00f3 que \u201cel tema del empleo en la sociedad siempre fue una preocupaci\u00f3n, ya que es una materia esencial, como lo es la educaci\u00f3n, la seguridad o la salud, pero es absurdo decir que no se hizo nada. Este proyecto de gobierno creo m\u00e1s de 6 millones de puestos de trabajo y la provincia de Buenos Aires se bajaron 14 puntos de desempleo en los \u00faltimos 12 a\u00f1os y eso no es producto de la casualidad\u201d.<\/p>\n<p>\u201cEsta semana se cerr\u00f3 un nuevo relevamiento en la Provincia que arroj\u00f3 resultados muy alentadores ya que se alcanz\u00f3 el pleno empleo en Carmen de Areco, que se agrega a otros distritos con ese \u00edndice como 9 de Julio (3.4%), Azul (5,4%), Chacabuco (5,0%), Chascom\u00fas (1.9%), Coronel Su\u00e1rez (5.9%), General Belgrano (5,1%), Guamin\u00ed (3,0%), Las Flores ( 2.7%), Lezama (4.3%), Lober\u00eda (3.8%), Pehuaj\u00f3 (4.1%), Pinamar (4.7%), P\u00faan (5.6%) y Suipacha (5.1%). Por eso, tomar el caso Mar del Plata, que es muy particular debido a la estacionalidad del empleo, resulta muy malintencionado\u201d.<\/p>\n<p>\u201cLa provincia de Buenos Aires es la \u00fanica que con sus planes de empleo subsidia la creaci\u00f3n de nuevos puestos de trabajo y la protecci\u00f3n del empleo ya existente. Asimismo, hemos implementado pol\u00edticas para la inclusi\u00f3n de los j\u00f3venes al trabajo con una capacitaci\u00f3n previa y hemos impulsado la incorporaci\u00f3n de cerca de 3 mil personas con discapacidad al mundo del trabajo. Y no se trata de crear cualquier trabajo, sino uno digno y de calidad y por eso se cre\u00f3 la Comisasep, para avanzar en forma articulada con los diferentes actores sociales en materia de salud y seguridad y eso nos permiti\u00f3 reducir un 30 por ciento la mortalidad laboral y un 25 por ciento la siniestralidad\u201d.<\/p>\n<p>\u201cCuando Daniel Scioli asumi\u00f3 su primera gesti\u00f3n hab\u00eda solo 25 personas inscriptas en la Ley Alas y hoy hay m\u00e1s de 50 mil microemprendedores que regularizaron su situaci\u00f3n con dicha pol\u00edtica y a esto hay que sumarle la posibilidad de crecer y so\u00f1ar que otorg\u00f3 Scioli entregando la semana pasada el microcr\u00e9dito n\u00famero 100 mil.\u201d<\/p>\n<p>\u201cPor eso, si se tienen aspiraciones para gobernar la Provincia, habr\u00eda que dejar de describir una falsa realidad y ponerse a trabajar en una propuesta seria para poder sostener el cambio sustancial que ha impulsado Daniel Scioli en la Provincia de Buenos Aires.<\/p>\n<p>&nbsp;<\/p>\n<p>&nbsp;<\/p>\n<p>&nbsp;<\/p>\n<p>&nbsp;<\/p>\n","protected":false},"excerpt":{"rendered":"<p>El ministro de Trabajo achac\u00f3 a la candidata PRO para la Provincia la \u00abfalta de propuestas superadoras\u00bb. Vidal hab\u00eda criticado a la gesti\u00f3n Scioli ayer, desde Mar del Plata.<\/p>\n","protected":false},"author":8,"featured_media":0,"comment_status":"open","ping_status":"open","sticky":false,"template":"","format":"standard","meta":{"_jetpack_newsletter_access":"","_jetpack_dont_email_post_to_subs":false,"_jetpack_newsletter_tier_id":0,"_jetpack_memberships_contains_paywalled_content":false,"_jetpack_memberships_contains_paid_content":false,"footnotes":""},"categories":[51],"tags":[],"class_list":["post-59493","post","type-post","status-publish","format-standard","hentry","category-politica"],"jetpack_shortlink":"https:\/\/wp.me\/p2JWE0-ftz","jetpack-related-posts":[{"id":112918,"url":"http:\/\/www.24baires.com\/?p=112918","url_meta":{"origin":59493,"position":0},"title":"Vidal se reuni\u00f3 con el gabinete y pidi\u00f3 una \u201ctransici\u00f3n ordenada\u201d","author":"GB","date":"08\/11\/2019","format":false,"excerpt":"De cara al 10 de diciembre, uno de los principales funcionarios se\u00f1al\u00f3 que dejan \u201cuna mejor provincia\u201d que la que recibieron en 2015 La gobernadora Mar\u00eda Eugenia Vidal reuni\u00f3 este mi\u00e9rcoles al gabinete bonaerense en pos de continuar la transici\u00f3n a la que le quedan 34 d\u00edas. Pidi\u00f3 una \u201ctransici\u00f3n\u2026","rel":"","context":"En \u00abProvincia\u00bb","block_context":{"text":"Provincia","link":"http:\/\/www.24baires.com\/?cat=40"},"img":{"alt_text":"","src":"https:\/\/i0.wp.com\/www.24baires.com\/wp-content\/uploads\/2019\/11\/vidal-gabinete.jpg?resize=350%2C200","width":350,"height":200,"srcset":"https:\/\/i0.wp.com\/www.24baires.com\/wp-content\/uploads\/2019\/11\/vidal-gabinete.jpg?resize=350%2C200 1x, https:\/\/i0.wp.com\/www.24baires.com\/wp-content\/uploads\/2019\/11\/vidal-gabinete.jpg?resize=525%2C300 1.5x"},"classes":[]},{"id":113155,"url":"http:\/\/www.24baires.com\/?p=113155","url_meta":{"origin":59493,"position":1},"title":"\u00abLe vamos a hacer paro al que sea si se va a seguir ajustando en salud\u00bb, advierte Cicop","author":"GB","date":"27\/11\/2019","format":false,"excerpt":"El gremio que nuclea a trabajadores y profesionales del sector sanitario bonaerense expres\u00f3 cr\u00edticas hacia la gesti\u00f3n de la gobernadora Vidal. La crisis que atraviesa la salud p\u00fablica en la provincia de Buenos Aires es denunciada por Cicop y apunta sus ca\u00f1ones hacia la gesti\u00f3n de la gobernadora, Mar\u00eda Eugenia\u2026","rel":"","context":"En \u00abProvincia\u00bb","block_context":{"text":"Provincia","link":"http:\/\/www.24baires.com\/?cat=40"},"img":{"alt_text":"","src":"https:\/\/i0.wp.com\/www.24baires.com\/wp-content\/uploads\/2019\/04\/cicop-salud.jpg?resize=350%2C200","width":350,"height":200,"srcset":"https:\/\/i0.wp.com\/www.24baires.com\/wp-content\/uploads\/2019\/04\/cicop-salud.jpg?resize=350%2C200 1x, https:\/\/i0.wp.com\/www.24baires.com\/wp-content\/uploads\/2019\/04\/cicop-salud.jpg?resize=525%2C300 1.5x"},"classes":[]},{"id":112563,"url":"http:\/\/www.24baires.com\/?p=112563","url_meta":{"origin":59493,"position":2},"title":"Judiciales y m\u00e9dicos bonaerenses confluyen en un nuevo paro contra Vidal","author":"GB","date":"21\/10\/2019","format":false,"excerpt":"Tanto la AJB como Cicop llevar\u00e1n a cabo este mi\u00e9rcoles 23 una huelga en todo el territorio bonaerense en busca de que el gobierno los convoque a paritarias. A d\u00edas de las elecciones, dos de los gremios estatales bonaerenses revolvieron continuar con sus reclamos hacia la gobernadora, Mar\u00eda Eugenia Vidal.\u2026","rel":"","context":"En \u00abProvincia\u00bb","block_context":{"text":"Provincia","link":"http:\/\/www.24baires.com\/?cat=40"},"img":{"alt_text":"","src":"https:\/\/i0.wp.com\/www.24baires.com\/wp-content\/uploads\/2017\/09\/judiciales-cicop.jpg?resize=350%2C200","width":350,"height":200,"srcset":"https:\/\/i0.wp.com\/www.24baires.com\/wp-content\/uploads\/2017\/09\/judiciales-cicop.jpg?resize=350%2C200 1x, https:\/\/i0.wp.com\/www.24baires.com\/wp-content\/uploads\/2017\/09\/judiciales-cicop.jpg?resize=525%2C300 1.5x"},"classes":[]},{"id":100613,"url":"http:\/\/www.24baires.com\/?p=100613","url_meta":{"origin":59493,"position":3},"title":"Baradel denunciar\u00e1 a Vidal ante la OIT por el plus por presentismo","author":"GB","date":"19\/02\/2018","format":false,"excerpt":"El titular de Suteba afirm\u00f3 que la propuesta de la Gobernadora constituye una \"pr\u00e1ctica desleal que afecta derechos adquiridos\". El secretario general de Suteba, Roberto Baradel, anunci\u00f3 que se presentar\u00e1 ante la Organizaci\u00f3n Internacional del Trabajo (OIT) para denunciar a Mar\u00eda Eugenia Vidal por el plus por presentismo que ofreci\u00f3\u2026","rel":"","context":"En \u00abProvincia\u00bb","block_context":{"text":"Provincia","link":"http:\/\/www.24baires.com\/?cat=40"},"img":{"alt_text":"","src":"https:\/\/i0.wp.com\/www.24baires.com\/wp-content\/uploads\/2017\/07\/baradel.jpg?resize=350%2C200","width":350,"height":200,"srcset":"https:\/\/i0.wp.com\/www.24baires.com\/wp-content\/uploads\/2017\/07\/baradel.jpg?resize=350%2C200 1x, https:\/\/i0.wp.com\/www.24baires.com\/wp-content\/uploads\/2017\/07\/baradel.jpg?resize=525%2C300 1.5x"},"classes":[]},{"id":112599,"url":"http:\/\/www.24baires.com\/?p=112599","url_meta":{"origin":59493,"position":4},"title":"Nuevo paro de judiciales y m\u00e9dicos bonaerenses","author":"GB","date":"23\/10\/2019","format":false,"excerpt":"Tanto la AJB como Cicop lleva a cabo este mi\u00e9rcoles una huelga en todo el territorio bonaerense en busca de que el gobierno los convoque a paritarias. Dos de los gremios estatales bonaerenses revolvieron continuar con sus reclamos hacia la gobernadora, Mar\u00eda Eugenia Vidal. La AJB y Cicop resolvieron confluir\u2026","rel":"","context":"En \u00abProvincia\u00bb","block_context":{"text":"Provincia","link":"http:\/\/www.24baires.com\/?cat=40"},"img":{"alt_text":"","src":"https:\/\/i0.wp.com\/www.24baires.com\/wp-content\/uploads\/2019\/04\/judiciales-cicop.jpg?resize=350%2C200","width":350,"height":200,"srcset":"https:\/\/i0.wp.com\/www.24baires.com\/wp-content\/uploads\/2019\/04\/judiciales-cicop.jpg?resize=350%2C200 1x, https:\/\/i0.wp.com\/www.24baires.com\/wp-content\/uploads\/2019\/04\/judiciales-cicop.jpg?resize=525%2C300 1.5x"},"classes":[]},{"id":111483,"url":"http:\/\/www.24baires.com\/?p=111483","url_meta":{"origin":59493,"position":5},"title":"Judiciales anunciaron un nuevo paro","author":"GB","date":"07\/08\/2019","format":false,"excerpt":"Desde la AJB resolvieron llevar a cabo una nueva medida de fuerza para este jueves y apuntaron sus cr\u00edticas hacia el titular de la cartera de Justicia bonaerense. Los judiciales bonaerenses atraviesan un conflicto salarial con el gobierno de Mar\u00eda Eugenia Vidal y profundizaron las medidas de fuerza. Tras el\u2026","rel":"","context":"En \u00abProvincia\u00bb","block_context":{"text":"Provincia","link":"http:\/\/www.24baires.com\/?cat=40"},"img":{"alt_text":"","src":"https:\/\/i0.wp.com\/www.24baires.com\/wp-content\/uploads\/2014\/04\/judiciales.jpg?resize=350%2C200","width":350,"height":200,"srcset":"https:\/\/i0.wp.com\/www.24baires.com\/wp-content\/uploads\/2014\/04\/judiciales.jpg?resize=350%2C200 1x, https:\/\/i0.wp.com\/www.24baires.com\/wp-content\/uploads\/2014\/04\/judiciales.jpg?resize=525%2C300 1.5x"},"classes":[]}],"jetpack_sharing_enabled":true,"jetpack_likes_enabled":true,"jetpack_featured_media_url":"","_links":{"self":[{"href":"http:\/\/www.24baires.com\/index.php?rest_route=\/wp\/v2\/posts\/59493","targetHints":{"allow":["GET"]}}],"collection":[{"href":"http:\/\/www.24baires.com\/index.php?rest_route=\/wp\/v2\/posts"}],"about":[{"href":"http:\/\/www.24baires.com\/index.php?rest_route=\/wp\/v2\/types\/post"}],"author":[{"embeddable":true,"href":"http:\/\/www.24baires.com\/index.php?rest_route=\/wp\/v2\/users\/8"}],"replies":[{"embeddable":true,"href":"http:\/\/www.24baires.com\/index.php?rest_route=%2Fwp%2Fv2%2Fcomments&post=59493"}],"version-history":[{"count":1,"href":"http:\/\/www.24baires.com\/index.php?rest_route=\/wp\/v2\/posts\/59493\/revisions"}],"predecessor-version":[{"id":59494,"href":"http:\/\/www.24baires.com\/index.php?rest_route=\/wp\/v2\/posts\/59493\/revisions\/59494"}],"wp:attachment":[{"href":"http:\/\/www.24baires.com\/index.php?rest_route=%2Fwp%2Fv2%2Fmedia&parent=59493"}],"wp:term":[{"taxonomy":"category","embeddable":true,"href":"http:\/\/www.24baires.com\/index.php?rest_route=%2Fwp%2Fv2%2Fcategories&post=59493"},{"taxonomy":"post_tag","embeddable":true,"href":"http:\/\/www.24baires.com\/index.php?rest_route=%2Fwp%2Fv2%2Ftags&post=59493"}],"curies":[{"name":"wp","href":"https:\/\/api.w.org\/{rel}","templated":true}]}}