{"id":59461,"date":"2015-01-02T19:00:38","date_gmt":"2015-01-02T22:00:38","guid":{"rendered":"http:\/\/www.24baires.com\/?p=59461"},"modified":"2015-01-02T18:57:07","modified_gmt":"2015-01-02T21:57:07","slug":"hombres-de-de-narvaez-se-pasaron-al-massismo","status":"publish","type":"post","link":"http:\/\/www.24baires.com\/?p=59461","title":{"rendered":"Hombres de De Narv\u00e1ez se pasaron al massismo"},"content":{"rendered":"<p><img data-recalc-dims=\"1\" loading=\"lazy\" decoding=\"async\" class=\"aligncenter size-full wp-image-59462\" src=\"https:\/\/i0.wp.com\/www.24baires.com\/wp-content\/uploads\/2015\/01\/pases-al-massismo.jpg?resize=560%2C307\" alt=\"pases al massismo\" width=\"560\" height=\"307\" srcset=\"https:\/\/i0.wp.com\/www.24baires.com\/wp-content\/uploads\/2015\/01\/pases-al-massismo.jpg?w=560 560w, https:\/\/i0.wp.com\/www.24baires.com\/wp-content\/uploads\/2015\/01\/pases-al-massismo.jpg?resize=300%2C164 300w\" sizes=\"auto, (max-width: 560px) 100vw, 560px\" \/><strong>PINAMAR-<\/strong>Se trata de Mauricio D\u00b4Alessandro y Guillermo Britos, ambos diputados.<!--more--><\/p>\n<p>Los diputados bonaerenses Mauricio D\u00b4Alessandro y Guillermo Britos formalizaron su pase a las filas del Frente Renovador tras mantener una reuni\u00f3n en Pinamar con el propio Sergio Massa. Seg\u00fan trascendi\u00f3, el abogado medi\u00e1tico ser\u00e1 su vocero en temas judiciales; mientras que el ex comisario Britos se ocupar\u00e1 de iniciativas vinculadas con la seguridad junto a Diego Gorgal.<\/p>\n<p>\u00abDecidimos apostar a Sergio para tratar de construir desde la legislatura bonaerense lo que creemos que ser\u00e1 una campa\u00f1a presidencial \u00e9pica con la llegada de Sergio Massa y de una generaci\u00f3n nueva con ganas de cambiar el pa\u00eds\u00bb, sostuvo D&#8217;Alessandro. Por su parte, Britos afirm\u00f3 que Massa apunta a instalarlo como candidato a intendente en Chivilcoy, tierras de Florencio Randazzo.<\/p>\n<p>A trav\u00e9s de un comunicado, el Frente Renovador indic\u00f3, adem\u00e1s, que el resto de los \u00abvoceros de campa\u00f1a\u00bb ser\u00e1n: Liliana Schwindt en Defensa del Consumidor; Florencia Arietto en Seguridad; y Diego Molea en Educaci\u00f3n.<\/p>\n<p>&nbsp;<\/p>\n<p>&nbsp;<\/p>\n<p>&nbsp;<\/p>\n<p>&nbsp;<\/p>\n<p>&nbsp;<\/p>\n<p>&nbsp;<\/p>\n<p>&nbsp;<\/p>\n<p>&nbsp;<\/p>\n<p>&nbsp;<\/p>\n","protected":false},"excerpt":{"rendered":"<p>PINAMAR-Se trata de Mauricio D\u00b4Alessandro y Guillermo Britos, ambos diputados.<\/p>\n","protected":false},"author":8,"featured_media":0,"comment_status":"open","ping_status":"open","sticky":false,"template":"","format":"standard","meta":{"_jetpack_newsletter_access":"","_jetpack_dont_email_post_to_subs":false,"_jetpack_newsletter_tier_id":0,"_jetpack_memberships_contains_paywalled_content":false,"_jetpack_memberships_contains_paid_content":false,"footnotes":""},"categories":[51],"tags":[],"class_list":["post-59461","post","type-post","status-publish","format-standard","hentry","category-politica"],"jetpack_shortlink":"https:\/\/wp.me\/p2JWE0-ft3","jetpack-related-posts":[{"id":59529,"url":"http:\/\/www.24baires.com\/?p=59529","url_meta":{"origin":59461,"position":0},"title":"Olavarr\u00eda: Eseverri celebr\u00f3 la incorporaci\u00f3n de dos diputados al bloque massistas","author":"AF","date":"04\/01\/2015","format":false,"excerpt":"El Intendente massista, Jos\u00e9 Eseverri celebr\u00f3 las incorporaciones de Diputados Provinciales, Mauricio D\u00b4Alessandro y Guillermo Britos al espacio que lidera Sergio Massa y destac\u00f3 la apertura del Frente Renovador: \"somos un espacio de brazos abiertos para aquellos que quieran trabajar por un pa\u00eds distinto\", afirm\u00f3. Eseverri agreg\u00f3: \"la reciente incorporaci\u00f3n\u2026","rel":"","context":"En \u00abLocales\u00bb","block_context":{"text":"Locales","link":"http:\/\/www.24baires.com\/?cat=38"},"img":{"alt_text":"eseverri","src":"https:\/\/i0.wp.com\/www.24baires.com\/wp-content\/uploads\/2012\/11\/eseverri.jpg?resize=350%2C200","width":350,"height":200,"srcset":"https:\/\/i0.wp.com\/www.24baires.com\/wp-content\/uploads\/2012\/11\/eseverri.jpg?resize=350%2C200 1x, https:\/\/i0.wp.com\/www.24baires.com\/wp-content\/uploads\/2012\/11\/eseverri.jpg?resize=525%2C300 1.5x"},"classes":[]},{"id":113584,"url":"http:\/\/www.24baires.com\/?p=113584","url_meta":{"origin":59461,"position":1},"title":"Intendente se suma al congelamiento de su sueldo","author":"GB","date":"26\/12\/2019","format":false,"excerpt":"En sinton\u00eda a Chivilcoy, Bragado y Chacabuco, el Jefe Comunal de Salto, Ricardo Alessandro anunci\u00f3 la suspensi\u00f3n de aumentos de su salario por tiempo indeterminado; en tanto, en Miramar, la oposici\u00f3n pide que el intendente haga lo propio. El primer Jefe Comunal que impuls\u00f3 la idea de ser \u201cequitativos\u201d y\u2026","rel":"","context":"En \u00abMunicipios\u00bb","block_context":{"text":"Municipios","link":"http:\/\/www.24baires.com\/?cat=44"},"img":{"alt_text":"","src":"https:\/\/i0.wp.com\/www.24baires.com\/wp-content\/uploads\/2019\/12\/20191226115036_salto-182.jpg?resize=350%2C200","width":350,"height":200,"srcset":"https:\/\/i0.wp.com\/www.24baires.com\/wp-content\/uploads\/2019\/12\/20191226115036_salto-182.jpg?resize=350%2C200 1x, https:\/\/i0.wp.com\/www.24baires.com\/wp-content\/uploads\/2019\/12\/20191226115036_salto-182.jpg?resize=525%2C300 1.5x"},"classes":[]},{"id":121974,"url":"http:\/\/www.24baires.com\/?p=121974","url_meta":{"origin":59461,"position":2},"title":"Karina Milei visitar\u00e1 tres municipios de la costa bonaerense","author":"GB","date":"10\/01\/2025","format":false,"excerpt":"La mira de \u201cEl Jefe\u201d est\u00e1 puesta en la competencia legislativa del 2025. Junto al armador de la Provincia, Sebasti\u00e1n Pareja y Mart\u00edn Menem, tendr\u00e1n la primera parada en Pinamar. La hermana del Presidente est\u00e1 abocada a obtener un resultado electoral favorable en las elecciones legislativas del 2025. Con un\u2026","rel":"","context":"En \u00abMunicipios\u00bb","block_context":{"text":"Municipios","link":"http:\/\/www.24baires.com\/?cat=44"},"img":{"alt_text":"","src":"https:\/\/i0.wp.com\/www.24baires.com\/wp-content\/uploads\/2025\/01\/karina-m.jpeg?resize=350%2C200","width":350,"height":200,"srcset":"https:\/\/i0.wp.com\/www.24baires.com\/wp-content\/uploads\/2025\/01\/karina-m.jpeg?resize=350%2C200 1x, https:\/\/i0.wp.com\/www.24baires.com\/wp-content\/uploads\/2025\/01\/karina-m.jpeg?resize=525%2C300 1.5x, https:\/\/i0.wp.com\/www.24baires.com\/wp-content\/uploads\/2025\/01\/karina-m.jpeg?resize=700%2C400 2x"},"classes":[]},{"id":100494,"url":"http:\/\/www.24baires.com\/?p=100494","url_meta":{"origin":59461,"position":3},"title":"Intendentes massistas ofrecer\u00e1n un aumento entre el 15 y el 10% con cl\u00e1usula gatillo","author":"GB","date":"13\/02\/2018","format":false,"excerpt":"Los jefes comunales que responden al Frente Renovador que conduce Sergio Massa, anunciaron que ofrecer\u00e1n hasta un 20% en las paritarias municipales e incluir\u00e1n la \u201ccl\u00e1usula gatillo\u201d que el gobierno nacional y provincial quieren evitar. Tal como sucedi\u00f3 el a\u00f1o pasado con varios de los intendentes peronistas que enfrentaron las\u2026","rel":"","context":"En \u00abMunicipios\u00bb","block_context":{"text":"Municipios","link":"http:\/\/www.24baires.com\/?cat=44"},"img":{"alt_text":"","src":"https:\/\/i0.wp.com\/www.24baires.com\/wp-content\/uploads\/2018\/02\/intendentes-massistas.jpg?resize=350%2C200","width":350,"height":200,"srcset":"https:\/\/i0.wp.com\/www.24baires.com\/wp-content\/uploads\/2018\/02\/intendentes-massistas.jpg?resize=350%2C200 1x, https:\/\/i0.wp.com\/www.24baires.com\/wp-content\/uploads\/2018\/02\/intendentes-massistas.jpg?resize=525%2C300 1.5x"},"classes":[]},{"id":79925,"url":"http:\/\/www.24baires.com\/?p=79925","url_meta":{"origin":59461,"position":4},"title":"Ritondo: \u00abNi el delito organizado ni el narcotr\u00e1fico nos va a ver de rodillas\u00bb","author":"AF","date":"09\/03\/2016","format":false,"excerpt":"El ministro de Seguridad de la Provincia de Buenos Aires, Cristian Ritondo, afirm\u00f3 este mi\u00e9rcoles en Chivilcoy, durante el acto de reinauguraci\u00f3n del Centro de Despachos y Emergencias 911, que \"ni el delito organizado ni el narcotr\u00e1fico nos van a ver de rodillas\". Durante la ceremonia, de la que tambi\u00e9n\u2026","rel":"","context":"En \u00abProvincia\u00bb","block_context":{"text":"Provincia","link":"http:\/\/www.24baires.com\/?cat=40"},"img":{"alt_text":"ritondo seguridad","src":"https:\/\/i0.wp.com\/www.24baires.com\/wp-content\/uploads\/2015\/12\/ritondo-seguridad.jpg?resize=350%2C200","width":350,"height":200,"srcset":"https:\/\/i0.wp.com\/www.24baires.com\/wp-content\/uploads\/2015\/12\/ritondo-seguridad.jpg?resize=350%2C200 1x, https:\/\/i0.wp.com\/www.24baires.com\/wp-content\/uploads\/2015\/12\/ritondo-seguridad.jpg?resize=525%2C300 1.5x"},"classes":[]},{"id":114301,"url":"http:\/\/www.24baires.com\/?p=114301","url_meta":{"origin":59461,"position":5},"title":"El Intendente de Chivilcoy quiere cobrar por usar hospitales p\u00fablicos","author":"AF","date":"04\/03\/2020","format":false,"excerpt":"El jefe comunal de esa ciudad bonaerense decidi\u00f3 esta medida y advirti\u00f3 que con suspender la atenci\u00f3n a los vecinos si los municipios no pagan. \u201cLa salud es una sola, no importa la jurisdicci\u00f3n\u201d, dijo ayer el ministro de Salud de la Naci\u00f3n, Gin\u00e9s Gonz\u00e1lez Garc\u00eda, durante la conferencia de\u2026","rel":"","context":"En \u00abLocales\u00bb","block_context":{"text":"Locales","link":"http:\/\/www.24baires.com\/?cat=38"},"img":{"alt_text":"","src":"https:\/\/i0.wp.com\/www.24baires.com\/wp-content\/uploads\/2019\/03\/hospital.png?resize=350%2C200","width":350,"height":200,"srcset":"https:\/\/i0.wp.com\/www.24baires.com\/wp-content\/uploads\/2019\/03\/hospital.png?resize=350%2C200 1x, https:\/\/i0.wp.com\/www.24baires.com\/wp-content\/uploads\/2019\/03\/hospital.png?resize=525%2C300 1.5x"},"classes":[]}],"jetpack_sharing_enabled":true,"jetpack_likes_enabled":true,"jetpack_featured_media_url":"","_links":{"self":[{"href":"http:\/\/www.24baires.com\/index.php?rest_route=\/wp\/v2\/posts\/59461","targetHints":{"allow":["GET"]}}],"collection":[{"href":"http:\/\/www.24baires.com\/index.php?rest_route=\/wp\/v2\/posts"}],"about":[{"href":"http:\/\/www.24baires.com\/index.php?rest_route=\/wp\/v2\/types\/post"}],"author":[{"embeddable":true,"href":"http:\/\/www.24baires.com\/index.php?rest_route=\/wp\/v2\/users\/8"}],"replies":[{"embeddable":true,"href":"http:\/\/www.24baires.com\/index.php?rest_route=%2Fwp%2Fv2%2Fcomments&post=59461"}],"version-history":[{"count":1,"href":"http:\/\/www.24baires.com\/index.php?rest_route=\/wp\/v2\/posts\/59461\/revisions"}],"predecessor-version":[{"id":59463,"href":"http:\/\/www.24baires.com\/index.php?rest_route=\/wp\/v2\/posts\/59461\/revisions\/59463"}],"wp:attachment":[{"href":"http:\/\/www.24baires.com\/index.php?rest_route=%2Fwp%2Fv2%2Fmedia&parent=59461"}],"wp:term":[{"taxonomy":"category","embeddable":true,"href":"http:\/\/www.24baires.com\/index.php?rest_route=%2Fwp%2Fv2%2Fcategories&post=59461"},{"taxonomy":"post_tag","embeddable":true,"href":"http:\/\/www.24baires.com\/index.php?rest_route=%2Fwp%2Fv2%2Ftags&post=59461"}],"curies":[{"name":"wp","href":"https:\/\/api.w.org\/{rel}","templated":true}]}}