{"id":59459,"date":"2015-01-02T18:00:48","date_gmt":"2015-01-02T21:00:48","guid":{"rendered":"http:\/\/www.24baires.com\/?p=59459"},"modified":"2015-01-02T17:24:48","modified_gmt":"2015-01-02T20:24:48","slug":"el-pj-bonaerense-prepara-una-reunion-en-santa-teresita","status":"publish","type":"post","link":"http:\/\/www.24baires.com\/?p=59459","title":{"rendered":"El PJ bonaerense prepara una reuni\u00f3n en Santa Teresita"},"content":{"rendered":"<p><img data-recalc-dims=\"1\" loading=\"lazy\" decoding=\"async\" class=\"aligncenter size-full wp-image-56420\" src=\"https:\/\/i0.wp.com\/www.24baires.com\/wp-content\/uploads\/2014\/11\/pj-bonaerense.jpg?resize=560%2C434\" alt=\"pj bonaerense\" width=\"560\" height=\"434\" srcset=\"https:\/\/i0.wp.com\/www.24baires.com\/wp-content\/uploads\/2014\/11\/pj-bonaerense.jpg?w=560 560w, https:\/\/i0.wp.com\/www.24baires.com\/wp-content\/uploads\/2014\/11\/pj-bonaerense.jpg?resize=300%2C232 300w\" sizes=\"auto, (max-width: 560px) 100vw, 560px\" \/>La conducci\u00f3n del PJ bonaerense ya planifica la realizaci\u00f3n del primer encuentro partidario del 2015, en la ciudad balnearia del Partido de la Costa, Santa Teresita.<!--more--><\/p>\n<p>El objetivo del c\u00f3nclave es \u201csolidificar\u201d la uni\u00f3n de todos los scetores del peronismo, de cara a las elecciones presidenciales del pr\u00f3ximo a\u00f1o.<\/p>\n<p>En noviembre pasado, el Consejo Provincial del PJ se reuni\u00f3 en el Pasaje Dardo Rocha de nuestra ciudad, y dej\u00f3 al decubierto profundas grietas al interior del partido, con miras a los alineamientos de cara a las presidenciales de 2015.<\/p>\n<p>Luego de una serie de cruces, un encuentro del Congreso partidario, esta vez en Tres de Febrero, aline\u00f3 las posturas detr\u00e1s del apoyo a la presidenta, Cristina Kirchner, en el marco de una reparaci\u00f3n de las huellas de la reuni\u00f3n previa.<\/p>\n<p>Ahora, el primer c\u00f3nclave del a\u00f1o volver\u00e1 a realizarse en Santa Teresita, municipio conducido por Juan Pablo De Jes\u00fas (La Costa), y contar\u00e1 con similares caracter\u00edsticas que los encuentros de este a\u00f1o, aunque con el plus de saber que s\u00f3lo faltan unos meses para definir la estrategia electoral y los candidatos.<\/p>\n<p>La conducci\u00f3n partidaria estima invitar a los precandidatos a presidente y tambi\u00e9n habr\u00e1 varios postulantes a gobernador.<\/p>\n<p>&nbsp;<\/p>\n<p>&nbsp;<\/p>\n<p>&nbsp;<\/p>\n<p>&nbsp;<\/p>\n<p>&nbsp;<\/p>\n<p>&nbsp;<\/p>\n<p>&nbsp;<\/p>\n<p>&nbsp;<\/p>\n<p>&nbsp;<\/p>\n<p>&nbsp;<\/p>\n<p>&nbsp;<\/p>\n<p>&nbsp;<\/p>\n","protected":false},"excerpt":{"rendered":"<p>La conducci\u00f3n del PJ bonaerense ya planifica la realizaci\u00f3n del primer encuentro partidario del 2015, en la ciudad balnearia del Partido de la Costa, Santa Teresita.<\/p>\n","protected":false},"author":8,"featured_media":0,"comment_status":"open","ping_status":"open","sticky":false,"template":"","format":"standard","meta":{"_jetpack_newsletter_access":"","_jetpack_dont_email_post_to_subs":false,"_jetpack_newsletter_tier_id":0,"_jetpack_memberships_contains_paywalled_content":false,"_jetpack_memberships_contains_paid_content":false,"footnotes":""},"categories":[51],"tags":[],"class_list":["post-59459","post","type-post","status-publish","format-standard","hentry","category-politica"],"jetpack_shortlink":"https:\/\/wp.me\/p2JWE0-ft1","jetpack-related-posts":[{"id":46646,"url":"http:\/\/www.24baires.com\/?p=46646","url_meta":{"origin":59459,"position":0},"title":"Reuni\u00f3n cumbre del Justicialismo en Los Toldos","author":"Grupo Sierra","date":"24\/05\/2014","format":false,"excerpt":"El Partido Justicialista (PJ) bonaerense se reunir\u00e1 en Los Toldos para debatir los principales temas que preocupan a los habitantes de la provincia de Buenos Aires y adem\u00e1s ratificar\u00e1n el respaldo a las pol\u00edticas p\u00fablicas de la presidenta Cristina Fern\u00e1ndez de Kirchner y del gobernador Daniel Scioli. En el marco\u2026","rel":"","context":"En \u00abPol\u00edtica\u00bb","block_context":{"text":"Pol\u00edtica","link":"http:\/\/www.24baires.com\/?cat=51"},"img":{"alt_text":"pj","src":"https:\/\/i0.wp.com\/www.24baires.com\/wp-content\/uploads\/2014\/04\/pj-300x190.jpg?resize=350%2C200","width":350,"height":200},"classes":[]},{"id":58830,"url":"http:\/\/www.24baires.com\/?p=58830","url_meta":{"origin":59459,"position":1},"title":"El PJ bonaerense se re\u00fane en un congreso extraordinario en Tres de Febrero","author":"GB","date":"18\/12\/2014","format":false,"excerpt":"El encuentro, en el partido de Tres de Febrero, comenz\u00f3 cerca del mediod\u00eda con la presencia de importantes referentes partidarios, los que destacar\u00e1n el \u201cpleno consenso\u201d que existe sobre la pertenencia al Frente para la Victoria (FPV) y la conducci\u00f3n de la presidenta Cristina Fern\u00e1ndez de Kirchner. Fuentes partidarias adelantaron\u2026","rel":"","context":"En \u00abPol\u00edtica\u00bb","block_context":{"text":"Pol\u00edtica","link":"http:\/\/www.24baires.com\/?cat=51"},"img":{"alt_text":"","src":"","width":0,"height":0},"classes":[]},{"id":52304,"url":"http:\/\/www.24baires.com\/?p=52304","url_meta":{"origin":59459,"position":2},"title":"El PJ bonaerense se reunir\u00e1 en Coronel Rosales","author":"GB","date":"23\/08\/2014","format":false,"excerpt":"Ser\u00e1 el pr\u00f3ximo 30 de agosto, en la localidad de Punta Alta. Estar\u00e1 encabezado por el Presidente del partido e Intendente de La Matanza, Fernando Espinoza. Esta semana hubo una reuni\u00f3n para ultimar detalles y evaluar las realidades de cada municipio, de cara a 2015. El pr\u00f3ximo s\u00e1bado 30 de\u2026","rel":"","context":"En \u00abLocales\u00bb","block_context":{"text":"Locales","link":"http:\/\/www.24baires.com\/?cat=38"},"img":{"alt_text":"pj bonaerense","src":"https:\/\/i0.wp.com\/www.24baires.com\/wp-content\/uploads\/2013\/12\/pj-bonaerense.jpg?resize=350%2C200","width":350,"height":200,"srcset":"https:\/\/i0.wp.com\/www.24baires.com\/wp-content\/uploads\/2013\/12\/pj-bonaerense.jpg?resize=350%2C200 1x, https:\/\/i0.wp.com\/www.24baires.com\/wp-content\/uploads\/2013\/12\/pj-bonaerense.jpg?resize=525%2C300 1.5x"},"classes":[]},{"id":15207,"url":"http:\/\/www.24baires.com\/?p=15207","url_meta":{"origin":59459,"position":3},"title":"La pr\u00f3xima reuni\u00f3n del PJ Bonaerense ser\u00e1 en La Matanza","author":"Grupo Sierra","date":"09\/02\/2013","format":false,"excerpt":"Lo anunci\u00f3 el intendente Fernando Espinoza, y adelant\u00f3 adem\u00e1s que el encuentro tendr\u00e1 lugar en la Universidad Nacional de esa ciudad. Al respecto adelant\u00f3 que \u201cel peronismo de la provincia de Buenos Aires necesita estar monol\u00edticamente unido detr\u00e1s de la conducci\u00f3n, incondicional, de nuestra Presidenta\u201d. El PJ se volver\u00e1 a\u2026","rel":"","context":"En \u00abPol\u00edtica\u00bb","block_context":{"text":"Pol\u00edtica","link":"http:\/\/www.24baires.com\/?cat=51"},"img":{"alt_text":"espinoza sta teresita","src":"https:\/\/i0.wp.com\/www.24baires.com\/wp-content\/uploads\/2013\/01\/espinoza-sta-teresita.jpg?resize=350%2C200","width":350,"height":200,"srcset":"https:\/\/i0.wp.com\/www.24baires.com\/wp-content\/uploads\/2013\/01\/espinoza-sta-teresita.jpg?resize=350%2C200 1x, https:\/\/i0.wp.com\/www.24baires.com\/wp-content\/uploads\/2013\/01\/espinoza-sta-teresita.jpg?resize=525%2C300 1.5x"},"classes":[]},{"id":40514,"url":"http:\/\/www.24baires.com\/?p=40514","url_meta":{"origin":59459,"position":4},"title":"Espinoza confirm\u00f3 la Cumbre del PJ el pr\u00f3ximo s\u00e1bado en Santa Teresita","author":"Grupo Sierra","date":"15\/02\/2014","format":false,"excerpt":"El titular del Partido Justicialista (PJ) Bonaerense, Fernando Espinoza, confirm\u00f3 la realizaci\u00f3n de la cumbre partidaria que se realizar\u00e1 el pr\u00f3ximo s\u00e1bado 22 en Santa Teresita, donde, asegur\u00f3, \u201cnacer\u00e1 una nueva etapa por la unidad peronista\u201d. Espinoza, intendente de La Matanza, explic\u00f3 a T\u00e9lam que \u201cen este primer gran congreso\u201d\u2026","rel":"","context":"En \u00abPol\u00edtica\u00bb","block_context":{"text":"Pol\u00edtica","link":"http:\/\/www.24baires.com\/?cat=51"},"img":{"alt_text":"espinoza","src":"https:\/\/i0.wp.com\/www.24baires.com\/wp-content\/uploads\/2013\/10\/espinoza-300x168.jpg?resize=350%2C200","width":350,"height":200},"classes":[]},{"id":92659,"url":"http:\/\/www.24baires.com\/?p=92659","url_meta":{"origin":59459,"position":5},"title":"En busca de la unidad, el PJ llev\u00f3 a cabo una cumbre en San Vicente","author":"GB","date":"24\/02\/2017","format":false,"excerpt":"Dirigentes del PJ provincial participaron de un nuevo encuentro para fortalecer al espacio y analizar la actualidad pol\u00edtica y social bonaerense. Estuvieron referentes de todas las corrientes internas. Ratificaron el apoyo a la movilizaci\u00f3n de la CGT. Intendentes, legisladores y dirigentes del Partido Justicialista de la provincia de Buenos Aires\u2026","rel":"","context":"En \u00abPol\u00edtica\u00bb","block_context":{"text":"Pol\u00edtica","link":"http:\/\/www.24baires.com\/?cat=51"},"img":{"alt_text":"","src":"https:\/\/i0.wp.com\/www.24baires.com\/wp-content\/uploads\/2017\/02\/cumbre-san-vicente.jpg?resize=350%2C200","width":350,"height":200,"srcset":"https:\/\/i0.wp.com\/www.24baires.com\/wp-content\/uploads\/2017\/02\/cumbre-san-vicente.jpg?resize=350%2C200 1x, https:\/\/i0.wp.com\/www.24baires.com\/wp-content\/uploads\/2017\/02\/cumbre-san-vicente.jpg?resize=525%2C300 1.5x"},"classes":[]}],"jetpack_sharing_enabled":true,"jetpack_likes_enabled":true,"jetpack_featured_media_url":"","_links":{"self":[{"href":"http:\/\/www.24baires.com\/index.php?rest_route=\/wp\/v2\/posts\/59459","targetHints":{"allow":["GET"]}}],"collection":[{"href":"http:\/\/www.24baires.com\/index.php?rest_route=\/wp\/v2\/posts"}],"about":[{"href":"http:\/\/www.24baires.com\/index.php?rest_route=\/wp\/v2\/types\/post"}],"author":[{"embeddable":true,"href":"http:\/\/www.24baires.com\/index.php?rest_route=\/wp\/v2\/users\/8"}],"replies":[{"embeddable":true,"href":"http:\/\/www.24baires.com\/index.php?rest_route=%2Fwp%2Fv2%2Fcomments&post=59459"}],"version-history":[{"count":1,"href":"http:\/\/www.24baires.com\/index.php?rest_route=\/wp\/v2\/posts\/59459\/revisions"}],"predecessor-version":[{"id":59460,"href":"http:\/\/www.24baires.com\/index.php?rest_route=\/wp\/v2\/posts\/59459\/revisions\/59460"}],"wp:attachment":[{"href":"http:\/\/www.24baires.com\/index.php?rest_route=%2Fwp%2Fv2%2Fmedia&parent=59459"}],"wp:term":[{"taxonomy":"category","embeddable":true,"href":"http:\/\/www.24baires.com\/index.php?rest_route=%2Fwp%2Fv2%2Fcategories&post=59459"},{"taxonomy":"post_tag","embeddable":true,"href":"http:\/\/www.24baires.com\/index.php?rest_route=%2Fwp%2Fv2%2Ftags&post=59459"}],"curies":[{"name":"wp","href":"https:\/\/api.w.org\/{rel}","templated":true}]}}