{"id":59454,"date":"2015-01-02T16:10:49","date_gmt":"2015-01-02T19:10:49","guid":{"rendered":"http:\/\/www.24baires.com\/?p=59454"},"modified":"2015-01-02T16:10:49","modified_gmt":"2015-01-02T19:10:49","slug":"scioli-confiado-aseguro-que-el-primer-trimestre-de-2015-va-a-ser-muy-bueno","status":"publish","type":"post","link":"http:\/\/www.24baires.com\/?p=59454","title":{"rendered":"Scioli, confiado asegur\u00f3 que \u00abel primer trimestre de 2015 va a ser muy bueno\u201d"},"content":{"rendered":"<p><img data-recalc-dims=\"1\" loading=\"lazy\" decoding=\"async\" class=\"aligncenter size-full wp-image-46433\" src=\"https:\/\/i0.wp.com\/www.24baires.com\/wp-content\/uploads\/2014\/05\/scioli-sorteo.jpg?resize=560%2C314\" alt=\"scioli sorteo\" width=\"560\" height=\"314\" srcset=\"https:\/\/i0.wp.com\/www.24baires.com\/wp-content\/uploads\/2014\/05\/scioli-sorteo.jpg?w=560 560w, https:\/\/i0.wp.com\/www.24baires.com\/wp-content\/uploads\/2014\/05\/scioli-sorteo.jpg?resize=300%2C168 300w\" sizes=\"auto, (max-width: 560px) 100vw, 560px\" \/>El gobernador bonaerense consider\u00f3 que \u00abel primer trimestre del a\u00f1o va a ser muy bueno para la econom\u00eda del pa\u00eds ya que lo peor qued\u00f3 atr\u00e1s\u00bb.<!--more--><\/p>\n<p>\u00abEl primer trimestre va a ser muy bueno. Lo peor qued\u00f3 atr\u00e1s, para ponerlo en t\u00e9rminos de navegantes. Ahora, proa al futuro, proa a la otra orilla\u00bb, enfatiz\u00f3 Scioli.<\/p>\n<p>El precandidato presidencial resalt\u00f3 que \u00abse termin\u00f3 el a\u00f1o en un marco de estabilidad social y econ\u00f3mica\u00bb.<\/p>\n<p>Sostuvo que conf\u00eda en \u00abla estrategia que est\u00e1 llevando adelante la presidenta\u00bb Cristina Kirchner en cuanto al juicio que llevan adelante fondos buitre en Estados Unidos. Para el gobernador, la jefa de Estado busca \u00abla sustentabilidad social y econ\u00f3mica del pa\u00eds y no resuelve las cosas como sea\u00bb.<\/p>\n<p>\u00abEst\u00e1n dadas las condiciones para que haya un movimiento econ\u00f3mico en un marco de estabilidad de reservas, en un marco en el que se trabaj\u00f3 mucho para ir descomprimiendo las expectativas inflacionarias que se pronosticaban\u00bb, puntualiz\u00f3.<\/p>\n<p>&nbsp;<\/p>\n<p>&nbsp;<\/p>\n<p>&nbsp;<\/p>\n<p>&nbsp;<\/p>\n<p>&nbsp;<\/p>\n<p>&nbsp;<\/p>\n<p>&nbsp;<\/p>\n<p>&nbsp;<\/p>\n<p>&nbsp;<\/p>\n<p>&nbsp;<\/p>\n<p>&nbsp;<\/p>\n<p>&nbsp;<\/p>\n","protected":false},"excerpt":{"rendered":"<p>El gobernador bonaerense consider\u00f3 que \u00abel primer trimestre del a\u00f1o va a ser muy bueno para la econom\u00eda del pa\u00eds ya que lo peor qued\u00f3 atr\u00e1s\u00bb.<\/p>\n","protected":false},"author":8,"featured_media":0,"comment_status":"open","ping_status":"open","sticky":false,"template":"","format":"standard","meta":{"_jetpack_newsletter_access":"","_jetpack_dont_email_post_to_subs":false,"_jetpack_newsletter_tier_id":0,"_jetpack_memberships_contains_paywalled_content":false,"_jetpack_memberships_contains_paid_content":false,"footnotes":""},"categories":[51],"tags":[],"class_list":["post-59454","post","type-post","status-publish","format-standard","hentry","category-politica"],"jetpack_shortlink":"https:\/\/wp.me\/p2JWE0-fsW","jetpack-related-posts":[{"id":21309,"url":"http:\/\/www.24baires.com\/?p=21309","url_meta":{"origin":59454,"position":0},"title":"\u00abLos \u00edndices sociales de Tigre son de los peores de la Provincia\u00bb","author":"AF","date":"18\/04\/2013","format":false,"excerpt":"El diputado Iv\u00e1n Budassi asegur\u00f3 que el distrito que conduce Sergio Massa es el que m\u00e1s dinero recibe por los problemas sociales que tiene. El diputado provincial Iv\u00e1n Budassi, alineado con Daniel Scioli, dijo estar sorprendido por los cuestionamientos que el intendente de Tigre, Sergio Massa, le formul\u00f3 p\u00fablicamente al\u2026","rel":"","context":"En \u00abPol\u00edtica\u00bb","block_context":{"text":"Pol\u00edtica","link":"http:\/\/www.24baires.com\/?cat=51"},"img":{"alt_text":"massa candidaturas","src":"https:\/\/i0.wp.com\/www.24baires.com\/wp-content\/uploads\/2012\/12\/massa-candidaturas-300x179.jpg?resize=350%2C200","width":350,"height":200},"classes":[]},{"id":112183,"url":"http:\/\/www.24baires.com\/?p=112183","url_meta":{"origin":59454,"position":1},"title":"Los alarmantes \u00edndices econ\u00f3micos de la gesti\u00f3n de Mar\u00eda Eugenia Vidal en lo que va del 2019","author":"GB","date":"23\/09\/2019","format":false,"excerpt":"Un estudio de una consultora privada repas\u00f3 las cifras de la actividad industrial, desocupaci\u00f3n, salarios y recaudaci\u00f3n, y arroj\u00f3 n\u00fameros preocupantes. La consultora Analog\u00edas realiz\u00f3 un informe de coyuntura econ\u00f3mica de la provincia de Buenos Aires correspondiente a septiembre de 2019. En el an\u00e1lisis eval\u00faan el impacto de la crisis\u2026","rel":"","context":"En \u00abEconom\u00eda\u00bb","block_context":{"text":"Econom\u00eda","link":"http:\/\/www.24baires.com\/?cat=45"},"img":{"alt_text":"","src":"https:\/\/i0.wp.com\/www.24baires.com\/wp-content\/uploads\/2019\/09\/gobernacion.jpg?resize=350%2C200","width":350,"height":200,"srcset":"https:\/\/i0.wp.com\/www.24baires.com\/wp-content\/uploads\/2019\/09\/gobernacion.jpg?resize=350%2C200 1x, https:\/\/i0.wp.com\/www.24baires.com\/wp-content\/uploads\/2019\/09\/gobernacion.jpg?resize=525%2C300 1.5x"},"classes":[]},{"id":108387,"url":"http:\/\/www.24baires.com\/?p=108387","url_meta":{"origin":59454,"position":2},"title":"Scioli ratific\u00f3 su candidatura presidencial","author":"GB","date":"25\/05\/2019","format":false,"excerpt":"El exgobernador de la Provincia de Buenos Aires particip\u00f3 del Congreso Educativo de Ajedrez que se realiz\u00f3 en la ciudad balnearia y manifest\u00f3 sus deseos de ser el primer mandatario del pa\u00eds despu\u00e9s del 10 de diciembre, sin embargo aclar\u00f3: \u201cVer\u00e9 como peronista en qu\u00e9 lugar puedo hacer mi mayor\u2026","rel":"","context":"En \u00abPol\u00edtica\u00bb","block_context":{"text":"Pol\u00edtica","link":"http:\/\/www.24baires.com\/?cat=51"},"img":{"alt_text":"","src":"https:\/\/i0.wp.com\/www.24baires.com\/wp-content\/uploads\/2019\/05\/scioli-mar-del.jpg?resize=350%2C200","width":350,"height":200,"srcset":"https:\/\/i0.wp.com\/www.24baires.com\/wp-content\/uploads\/2019\/05\/scioli-mar-del.jpg?resize=350%2C200 1x, https:\/\/i0.wp.com\/www.24baires.com\/wp-content\/uploads\/2019\/05\/scioli-mar-del.jpg?resize=525%2C300 1.5x"},"classes":[]},{"id":39962,"url":"http:\/\/www.24baires.com\/?p=39962","url_meta":{"origin":59454,"position":3},"title":"A partir del primer trimestre del 2015, el tren unir\u00e1 Buenos Aires-Rosario","author":"GB","date":"06\/02\/2014","format":false,"excerpt":"Lo anunci\u00f3 en Rosario el ministro de Interior y Transporte, Florencio Randazzo, y destac\u00f3 que \"el gobierno nacional ha definido como una pol\u00edtica estrat\u00e9gica en materia de transporte la recuperaci\u00f3n del ferrocarril\". \"Nos hemos comprometido a que el tren vuelva a Rosario, y que en tres horas y media el\u2026","rel":"","context":"En \u00abSociedad\u00bb","block_context":{"text":"Sociedad","link":"http:\/\/www.24baires.com\/?cat=1"},"img":{"alt_text":"randazzo trenes\u00e7","src":"https:\/\/i0.wp.com\/www.24baires.com\/wp-content\/uploads\/2013\/11\/randazzo-trenes%C3%A7.jpg?resize=350%2C200","width":350,"height":200,"srcset":"https:\/\/i0.wp.com\/www.24baires.com\/wp-content\/uploads\/2013\/11\/randazzo-trenes%C3%A7.jpg?resize=350%2C200 1x, https:\/\/i0.wp.com\/www.24baires.com\/wp-content\/uploads\/2013\/11\/randazzo-trenes%C3%A7.jpg?resize=525%2C300 1.5x"},"classes":[]},{"id":118402,"url":"http:\/\/www.24baires.com\/?p=118402","url_meta":{"origin":59454,"position":4},"title":"La actividad econ\u00f3mica en la provincia creci\u00f3 9,5% en el tercer trimestre","author":"GB","date":"30\/12\/2021","format":false,"excerpt":"Se registraron subas interanuales tanto en la producci\u00f3n de servicios como en la producci\u00f3n de bienes en todo el territorio bonaerense. El ministerio de Hacienda y Finanzas inform\u00f3 que la actividad econ\u00f3mica de la Provincia registr\u00f3 en el tercer trimestre de 2021 un aumento del 9,5% respecto al mismo per\u00edodo\u2026","rel":"","context":"En \u00abProvincia\u00bb","block_context":{"text":"Provincia","link":"http:\/\/www.24baires.com\/?cat=40"},"img":{"alt_text":"","src":"https:\/\/i0.wp.com\/www.24baires.com\/wp-content\/uploads\/2020\/04\/supermercado.jpg?resize=350%2C200","width":350,"height":200,"srcset":"https:\/\/i0.wp.com\/www.24baires.com\/wp-content\/uploads\/2020\/04\/supermercado.jpg?resize=350%2C200 1x, https:\/\/i0.wp.com\/www.24baires.com\/wp-content\/uploads\/2020\/04\/supermercado.jpg?resize=525%2C300 1.5x"},"classes":[]},{"id":61188,"url":"http:\/\/www.24baires.com\/?p=61188","url_meta":{"origin":59454,"position":5},"title":"\u00abLa gente sacar\u00e1 sus conclusiones\u00bb, dijo Scioli sobre el acuerdo Macri-Carri\u00f3","author":"GB","date":"03\/02\/2015","format":false,"excerpt":"El gobernador bonaerense se refiri\u00f3 as\u00ed al acuerdo electoral entre el titular del PRO, Mauricio Macri, y la diputada Elisa Carri\u00f3. El s\u00e1bado pasado, el jefe de Gobierno porte\u00f1o confirm\u00f3 en Facebook que la diputada de la Coalici\u00f3n C\u00edvica, ex UNEN, competir\u00e1 en las primarias. El gobernador bonaerense, Daniel Scioli,\u2026","rel":"","context":"En \u00abPol\u00edtica\u00bb","block_context":{"text":"Pol\u00edtica","link":"http:\/\/www.24baires.com\/?cat=51"},"img":{"alt_text":"scioli 1","src":"https:\/\/i0.wp.com\/www.24baires.com\/wp-content\/uploads\/2015\/01\/scioli-1.jpg?resize=350%2C200","width":350,"height":200,"srcset":"https:\/\/i0.wp.com\/www.24baires.com\/wp-content\/uploads\/2015\/01\/scioli-1.jpg?resize=350%2C200 1x, https:\/\/i0.wp.com\/www.24baires.com\/wp-content\/uploads\/2015\/01\/scioli-1.jpg?resize=525%2C300 1.5x"},"classes":[]}],"jetpack_sharing_enabled":true,"jetpack_likes_enabled":true,"jetpack_featured_media_url":"","_links":{"self":[{"href":"http:\/\/www.24baires.com\/index.php?rest_route=\/wp\/v2\/posts\/59454","targetHints":{"allow":["GET"]}}],"collection":[{"href":"http:\/\/www.24baires.com\/index.php?rest_route=\/wp\/v2\/posts"}],"about":[{"href":"http:\/\/www.24baires.com\/index.php?rest_route=\/wp\/v2\/types\/post"}],"author":[{"embeddable":true,"href":"http:\/\/www.24baires.com\/index.php?rest_route=\/wp\/v2\/users\/8"}],"replies":[{"embeddable":true,"href":"http:\/\/www.24baires.com\/index.php?rest_route=%2Fwp%2Fv2%2Fcomments&post=59454"}],"version-history":[{"count":1,"href":"http:\/\/www.24baires.com\/index.php?rest_route=\/wp\/v2\/posts\/59454\/revisions"}],"predecessor-version":[{"id":59455,"href":"http:\/\/www.24baires.com\/index.php?rest_route=\/wp\/v2\/posts\/59454\/revisions\/59455"}],"wp:attachment":[{"href":"http:\/\/www.24baires.com\/index.php?rest_route=%2Fwp%2Fv2%2Fmedia&parent=59454"}],"wp:term":[{"taxonomy":"category","embeddable":true,"href":"http:\/\/www.24baires.com\/index.php?rest_route=%2Fwp%2Fv2%2Fcategories&post=59454"},{"taxonomy":"post_tag","embeddable":true,"href":"http:\/\/www.24baires.com\/index.php?rest_route=%2Fwp%2Fv2%2Ftags&post=59454"}],"curies":[{"name":"wp","href":"https:\/\/api.w.org\/{rel}","templated":true}]}}