{"id":59449,"date":"2015-01-02T14:00:33","date_gmt":"2015-01-02T17:00:33","guid":{"rendered":"http:\/\/www.24baires.com\/?p=59449"},"modified":"2015-01-03T09:42:10","modified_gmt":"2015-01-03T12:42:10","slug":"abal-medina-no-va-haber-ningun-tipo-de-acuerdo-que-no-le-convenga-al-pais","status":"publish","type":"post","link":"http:\/\/www.24baires.com\/?p=59449","title":{"rendered":"Abal Medina: \u00abNo va haber ning\u00fan tipo de acuerdo que no le convenga al pa\u00eds\u00bb"},"content":{"rendered":"<p><img data-recalc-dims=\"1\" loading=\"lazy\" decoding=\"async\" class=\"aligncenter size-full wp-image-6015\" src=\"https:\/\/i0.wp.com\/www.24baires.com\/wp-content\/uploads\/2012\/11\/abal-medina.jpg?resize=560%2C335\" alt=\"abal medina\" width=\"560\" height=\"335\" srcset=\"https:\/\/i0.wp.com\/www.24baires.com\/wp-content\/uploads\/2012\/11\/abal-medina.jpg?w=560 560w, https:\/\/i0.wp.com\/www.24baires.com\/wp-content\/uploads\/2012\/11\/abal-medina.jpg?resize=300%2C179 300w\" sizes=\"auto, (max-width: 560px) 100vw, 560px\" \/>El senador nacional del Frente para la Victoria (FpV), Juan Manuel Abal Medina, asegur\u00f3 que la presidenta Cristina Fern\u00e1ndez de Kirchner no har\u00e1 ning\u00fan tipo de acuerdo con los fondos buitre \u00absi no le conviene al pa\u00eds\u00bb porque la mandataria \u00abno se dejar\u00e1 extorsionar\u00bb.<!--more--><\/p>\n<p>\u00abNo va a haber ning\u00fan tipo de acuerdo que no le convenga al pa\u00eds, y eso es lo m\u00e1s importante que tenemos que tener en claro\u00bb, dijo Abal Medina, que reemplaza a An\u00edbal Fern\u00e1ndez en la c\u00e1mara alta tras su designaci\u00f3n como secretario General de la Presidencia, al ser consultado sobre c\u00f3mo siguen las conversaciones con los fondos buitre luego de ca\u00edda de la denominada \u00abcl\u00e1usula Rufo\u00bb (siglas de Rights Upon Future Offers).<\/p>\n<p>La cl\u00e1usula Rufo, que venci\u00f3 ayer, imped\u00eda a la Argentina mejorar ofertas a sus acreedores respecto a las que accedieron quienes aceptaron los canjes de 2005 y 2010.<\/p>\n<p>Abal Medina agreg\u00f3 que \u00abpor suerte la extorsi\u00f3n\u00bb que est\u00e1n ejerciendo los fondos buitre sobre la Argentina \u00abtoc\u00f3 con una presidenta como Cristina, que nunca dud\u00f3 qu\u00e9 hab\u00eda que hacer, que era cuidar al pa\u00eds y el futuro de los argentinos\u00bb.<\/p>\n<p>\u00abNo nos vamos a dejar extorsionar con o sin clausula Rufo\u00bb, dijo el senador, que dej\u00f3 claro que \u00abse pueden alcanzar acuerdos, siempre y cuando los bonistas depongan su actitud de extorsionar a la Argentina y dejen de buscar conseguir algo muy distinto a lo que consiguieron los otros bonistas que accedieron a los canjes\u00bb.<\/p>\n<p>Consider\u00f3 tambi\u00e9n que \u00absi no hay vocaci\u00f3n de buscar acuerdo de una forma que satisfaga a la Argentina (de parte de los fondos buitre), se podr\u00eda llegar al fin del mandato sin lograr un convenio\u00bb.<\/p>\n<p>Abal Medina, que hasta que asumi\u00f3 su banca en el Senado era el embajador argentino ante el Mercosur, tambi\u00e9n se refiri\u00f3 al Parlasur y a la eventual candidatura de la Presidenta a representar a la Argentina en ese \u00f3rgano una vez que finalice su mandato.<\/p>\n<p>\u00abNo me imagino a la Presidenta en el Parlasur. No s\u00e9 d\u00f3nde me la imagino, pero me parece que es un cargo que le queda chico a alguien que ha liderado un espacio de pol\u00edtica y ha sido dos veces presidente\u00bb, dijo, y agreg\u00f3 que Cristina \u00abseguir\u00e1 siendo la conductora\u00bb del Frente para la Victoria, y \u00abno requiere un cargo formal\u00bb.<\/p>\n<p>\u00abMe parece una estupidez que la oposici\u00f3n diga que lo \u00fanico que quiere la Presidenta son fueros. Cualquiera que conozca a Cristina sabe que no tiene miedo y que por miedo no hace absolutamente nada\u00bb, dijo el senador.<\/p>\n<p>Finalmente, Abal Medina se refiri\u00f3 a los rumores sobre el pase del diputado del FpV Mart\u00edn Insaurralde al Frente Renovador, que conduce Sergio Massa, y consider\u00f3 que \u00abcuando saltan de un lado para el otro de la pol\u00edtica\u00bb le recuerdan \u00aba los noventa\u00bb, cuando los pol\u00edticos buscaban la \u00abventajita puntual\u00bb y la \u00abconveniencia personal\u00bb.<\/p>\n<p>Dijo tambi\u00e9n que el FpV es \u00abuna fuerza abierta\u00bb y que el \u00fanico Maradona que hoy existe en la fuerza es \u00abla Presidenta\u00bb, y que a\u00fan \u00abno apareci\u00f3 ning\u00fan Messi\u00bb.<\/p>\n","protected":false},"excerpt":{"rendered":"<p>El senador nacional del Frente para la Victoria (FpV), Juan Manuel Abal Medina, asegur\u00f3 que la presidenta Cristina Fern\u00e1ndez de Kirchner no har\u00e1 ning\u00fan tipo de acuerdo con los fondos buitre \u00absi no le conviene al pa\u00eds\u00bb porque la mandataria \u00abno se dejar\u00e1 extorsionar\u00bb.<\/p>\n","protected":false},"author":4,"featured_media":0,"comment_status":"open","ping_status":"open","sticky":false,"template":"","format":"standard","meta":{"_jetpack_newsletter_access":"","_jetpack_dont_email_post_to_subs":false,"_jetpack_newsletter_tier_id":0,"_jetpack_memberships_contains_paywalled_content":false,"_jetpack_memberships_contains_paid_content":false,"footnotes":""},"categories":[51],"tags":[],"class_list":["post-59449","post","type-post","status-publish","format-standard","hentry","category-politica"],"jetpack_shortlink":"https:\/\/wp.me\/p2JWE0-fsR","jetpack-related-posts":[{"id":59704,"url":"http:\/\/www.24baires.com\/?p=59704","url_meta":{"origin":59449,"position":0},"title":"Griesa fij\u00f3 una audiencia para definir el pago de la deuda","author":"AF","date":"07\/01\/2015","format":false,"excerpt":"A pedido de la entidad bancaria, el juez decidir\u00e1 sobre el pago de bonos bajo legislaci\u00f3n argentina. Ser\u00e1 el 3 de marzo en Nueva York. El juez de Nueva York Thomas Griesa convoc\u00f3 a una audiencia para el martes 3 de marzo pr\u00f3ximo en el marco del litigio que Argentina\u2026","rel":"","context":"En \u00abEconom\u00eda\u00bb","block_context":{"text":"Econom\u00eda","link":"http:\/\/www.24baires.com\/?cat=45"},"img":{"alt_text":"Juez+Thomas+Griesa-2","src":"https:\/\/i0.wp.com\/www.24baires.com\/wp-content\/uploads\/2014\/06\/Juez%2BThomas%2BGriesa-2.jpg?resize=350%2C200","width":350,"height":200,"srcset":"https:\/\/i0.wp.com\/www.24baires.com\/wp-content\/uploads\/2014\/06\/Juez%2BThomas%2BGriesa-2.jpg?resize=350%2C200 1x, https:\/\/i0.wp.com\/www.24baires.com\/wp-content\/uploads\/2014\/06\/Juez%2BThomas%2BGriesa-2.jpg?resize=525%2C300 1.5x"},"classes":[]},{"id":59429,"url":"http:\/\/www.24baires.com\/?p=59429","url_meta":{"origin":59449,"position":1},"title":"\u00bfQu\u00e9 va a suceder cuando venza la cl\u00e1usula RUFO?","author":"Grupo Sierra","date":"31\/12\/2014","format":false,"excerpt":"Hoy es el \u00faltimo d\u00eda en que el acuerdo que Argentina firm\u00f3 con bonistas reestructurados tiene vigencia \u00bfQu\u00e9 significa? \u00bfQu\u00e9 ocurrir\u00e1 con los fondos buitre en 2015? Con la llegada del a\u00f1o nuevo se abre una nueva etapa en las negociaciones que tiene el pa\u00eds por la deuda externa y,\u2026","rel":"","context":"En \u00abEconom\u00eda\u00bb","block_context":{"text":"Econom\u00eda","link":"http:\/\/www.24baires.com\/?cat=45"},"img":{"alt_text":"fondos buitre","src":"https:\/\/i0.wp.com\/www.24baires.com\/wp-content\/uploads\/2014\/06\/fondos-buitre.jpg?resize=350%2C200","width":350,"height":200,"srcset":"https:\/\/i0.wp.com\/www.24baires.com\/wp-content\/uploads\/2014\/06\/fondos-buitre.jpg?resize=350%2C200 1x, https:\/\/i0.wp.com\/www.24baires.com\/wp-content\/uploads\/2014\/06\/fondos-buitre.jpg?resize=525%2C300 1.5x"},"classes":[]},{"id":94137,"url":"http:\/\/www.24baires.com\/?p=94137","url_meta":{"origin":59449,"position":2},"title":"\u00abSi la econom\u00eda se mantiene como hasta ahora y no nos dividimos, vamos a ganar la elecci\u00f3n\u00bb","author":"AF","date":"27\/04\/2017","format":false,"excerpt":"El senador nacional por el FpV, Juan Manuel Abal Medina, sostuvo que \"una victoria en la provincia de Buenos Aires puede mostrarle al Gobierno que el rumbo es equivocado\". El senador nacional por el FpV Juan Manuel Abal Medina sostuvo esta ma\u00f1ana que si \"la econom\u00eda se mantiene como hasta\u2026","rel":"","context":"En \u00abPol\u00edtica\u00bb","block_context":{"text":"Pol\u00edtica","link":"http:\/\/www.24baires.com\/?cat=51"},"img":{"alt_text":"","src":"https:\/\/i0.wp.com\/www.24baires.com\/wp-content\/uploads\/2012\/12\/abal-medina.jpg?resize=350%2C200","width":350,"height":200,"srcset":"https:\/\/i0.wp.com\/www.24baires.com\/wp-content\/uploads\/2012\/12\/abal-medina.jpg?resize=350%2C200 1x, https:\/\/i0.wp.com\/www.24baires.com\/wp-content\/uploads\/2012\/12\/abal-medina.jpg?resize=525%2C300 1.5x"},"classes":[]},{"id":105765,"url":"http:\/\/www.24baires.com\/?p=105765","url_meta":{"origin":59449,"position":3},"title":"Piden detener a Rocca y Abal Medina por la causa de los cuadernos","author":"GB","date":"05\/12\/2018","format":false,"excerpt":"As\u00ed lo solicitaron los fiscales Stornelli y R\u00edvolo al juez Claudio Bonadio sobre el CEO de Techint y el ex jefe de Gabinete. El fiscal Carlos Stornelli y Carlos R\u00edvolo solicitaron este mi\u00e9rcoles la detenci\u00f3n de Paolo Rocca, CEO de Techint, al apelar la decisi\u00f3n del juez Claudio Bonadio de\u2026","rel":"","context":"En \u00abPoliciales\u00bb","block_context":{"text":"Policiales","link":"http:\/\/www.24baires.com\/?cat=49"},"img":{"alt_text":"","src":"https:\/\/i0.wp.com\/www.24baires.com\/wp-content\/uploads\/2018\/12\/rocca.jpg?resize=350%2C200","width":350,"height":200,"srcset":"https:\/\/i0.wp.com\/www.24baires.com\/wp-content\/uploads\/2018\/12\/rocca.jpg?resize=350%2C200 1x, https:\/\/i0.wp.com\/www.24baires.com\/wp-content\/uploads\/2018\/12\/rocca.jpg?resize=525%2C300 1.5x"},"classes":[]},{"id":33250,"url":"http:\/\/www.24baires.com\/?p=33250","url_meta":{"origin":59449,"position":4},"title":"\u00abLa operaci\u00f3n de Cristina sali\u00f3 perfecta\u00bb, asegur\u00f3 Abal Medina","author":"AF","date":"09\/10\/2013","format":false,"excerpt":"El jefe de Gabinete, Abal Medina, asever\u00f3 adem\u00e1s que el \"equipo de la Presidenta es muy s\u00f3lido y est\u00e1 gobernando\", luego de que la mandataria fuera ayer operada en la Fundaci\u00f3n Favaloro. \"El equipo de la Presidenta est\u00e1 gobernando sin ning\u00fan tipo de sobresalto ni complicaci\u00f3n. Es un equipo muy\u2026","rel":"","context":"En \u00abPol\u00edtica\u00bb","block_context":{"text":"Pol\u00edtica","link":"http:\/\/www.24baires.com\/?cat=51"},"img":{"alt_text":"","src":"https:\/\/i0.wp.com\/www.24baires.com\/wp-content\/uploads\/2013\/10\/cristina-internada.jpg?resize=350%2C200","width":350,"height":200,"srcset":"https:\/\/i0.wp.com\/www.24baires.com\/wp-content\/uploads\/2013\/10\/cristina-internada.jpg?resize=350%2C200 1x, https:\/\/i0.wp.com\/www.24baires.com\/wp-content\/uploads\/2013\/10\/cristina-internada.jpg?resize=525%2C300 1.5x"},"classes":[]},{"id":50409,"url":"http:\/\/www.24baires.com\/?p=50409","url_meta":{"origin":59449,"position":5},"title":"Postergaron la audiencia con Pollack y los fondos buitre","author":"AF","date":"23\/07\/2014","format":false,"excerpt":"El mediador asignado por el juez Thomas Griesa manifest\u00f3 que la desici\u00f3n de pasar para ma\u00f1ana la reuni\u00f3n fue a partir de un pedido del Gobierno argentino. Pollack indic\u00f3, a trav\u00e9s de un correo electr\u00f3nico, que \"no se pod\u00eda cumplir\" con la reuni\u00f3n pautada para hoy porque \"los argentinos dijeron\u2026","rel":"","context":"En \u00abEconom\u00eda\u00bb","block_context":{"text":"Econom\u00eda","link":"http:\/\/www.24baires.com\/?cat=45"},"img":{"alt_text":"","src":"https:\/\/i0.wp.com\/www.24baires.com\/wp-content\/uploads\/2014\/07\/pollack.jpg?resize=350%2C200","width":350,"height":200,"srcset":"https:\/\/i0.wp.com\/www.24baires.com\/wp-content\/uploads\/2014\/07\/pollack.jpg?resize=350%2C200 1x, https:\/\/i0.wp.com\/www.24baires.com\/wp-content\/uploads\/2014\/07\/pollack.jpg?resize=525%2C300 1.5x"},"classes":[]}],"jetpack_sharing_enabled":true,"jetpack_likes_enabled":true,"jetpack_featured_media_url":"","_links":{"self":[{"href":"http:\/\/www.24baires.com\/index.php?rest_route=\/wp\/v2\/posts\/59449","targetHints":{"allow":["GET"]}}],"collection":[{"href":"http:\/\/www.24baires.com\/index.php?rest_route=\/wp\/v2\/posts"}],"about":[{"href":"http:\/\/www.24baires.com\/index.php?rest_route=\/wp\/v2\/types\/post"}],"author":[{"embeddable":true,"href":"http:\/\/www.24baires.com\/index.php?rest_route=\/wp\/v2\/users\/4"}],"replies":[{"embeddable":true,"href":"http:\/\/www.24baires.com\/index.php?rest_route=%2Fwp%2Fv2%2Fcomments&post=59449"}],"version-history":[{"count":1,"href":"http:\/\/www.24baires.com\/index.php?rest_route=\/wp\/v2\/posts\/59449\/revisions"}],"predecessor-version":[{"id":59450,"href":"http:\/\/www.24baires.com\/index.php?rest_route=\/wp\/v2\/posts\/59449\/revisions\/59450"}],"wp:attachment":[{"href":"http:\/\/www.24baires.com\/index.php?rest_route=%2Fwp%2Fv2%2Fmedia&parent=59449"}],"wp:term":[{"taxonomy":"category","embeddable":true,"href":"http:\/\/www.24baires.com\/index.php?rest_route=%2Fwp%2Fv2%2Fcategories&post=59449"},{"taxonomy":"post_tag","embeddable":true,"href":"http:\/\/www.24baires.com\/index.php?rest_route=%2Fwp%2Fv2%2Ftags&post=59449"}],"curies":[{"name":"wp","href":"https:\/\/api.w.org\/{rel}","templated":true}]}}