{"id":59342,"date":"2014-12-30T12:30:23","date_gmt":"2014-12-30T15:30:23","guid":{"rendered":"http:\/\/www.24baires.com\/?p=59342"},"modified":"2014-12-30T11:59:30","modified_gmt":"2014-12-30T14:59:30","slug":"abal-medina-cuestiono-a-la-oposicion-por-no-dar-quorum-en-discusion-de-parlasur","status":"publish","type":"post","link":"http:\/\/www.24baires.com\/?p=59342","title":{"rendered":"Abal Medina cuestion\u00f3 a la oposici\u00f3n por no dar qu\u00f3rum en discusi\u00f3n de Parlasur"},"content":{"rendered":"<p><img data-recalc-dims=\"1\" loading=\"lazy\" decoding=\"async\" class=\"aligncenter size-full wp-image-6015\" src=\"https:\/\/i0.wp.com\/www.24baires.com\/wp-content\/uploads\/2012\/11\/abal-medina.jpg?resize=560%2C335\" alt=\"abal medina\" width=\"560\" height=\"335\" srcset=\"https:\/\/i0.wp.com\/www.24baires.com\/wp-content\/uploads\/2012\/11\/abal-medina.jpg?w=560 560w, https:\/\/i0.wp.com\/www.24baires.com\/wp-content\/uploads\/2012\/11\/abal-medina.jpg?resize=300%2C179 300w\" sizes=\"auto, (max-width: 560px) 100vw, 560px\" \/>El senador Juan Manuel Abal Medina (FpV) cuestion\u00f3 hoy esa \u00abllamativa tendencia de la oposici\u00f3n de no querer dar qu\u00f3rum\u00bb en el tratamiento de leyes, como la sancionada ayer que habilita la elecci\u00f3n de legisladores para el Parlasur.<!--more--><\/p>\n<p>En declaraciones a radio Vorterix, el flamante senador -que jur\u00f3 ayer en su cargo- consider\u00f3 que \u00ablo que deber\u00eda llamar la atenci\u00f3n no es que (Carlos) Menem estuvo\u00bb en la sesi\u00f3n y di\u00f3 qu\u00f3rum, sino que \u00ablo raro es que otros no hayan estado\u00bb, en referencia a la oposici\u00f3n.<\/p>\n<p>En ese marco, cuestion\u00f3 \u00abesta tendencia llamativa de la oposici\u00f3n de no querer dar qu\u00f3rum\u00bb y dijo que \u00abuno esperar\u00eda que vengan, debatan, discutan, pero permanentemente esconden a sus legisladores\u00bb.<\/p>\n<p>\u00abLo raro, lo llamativo es que muchos no den el qu\u00f3rum. Yo y varios m\u00e1s cobramos el sueldo para eso, y no para otra cosa\u00bb, a\u00f1adi\u00f3.<\/p>\n<p>En tanto, sobre la ley aprobada ayer, destac\u00f3 que con esta iniciativa \u00ablos argentinos podremos incidir democr\u00e1ticamente en un \u00e1rea como la pol\u00edtica internacional en general vinculada a burocracias como las canciller\u00edas o ministerios de Econom\u00eda\u00bb.<\/p>\n<p>\u00abQuien va a ser candidato o no, es una discusi\u00f3n secundaria. La ley representa un avance muy grande en la integraci\u00f3n\u00bb, indic\u00f3.<\/p>\n<p>Sobre una eventual candidatura de Cristina Fern\u00e1ndez de Kirchner, Abal Medina dijo que \u00abpensar ahora eso, ser\u00eda minimizar la discusi\u00f3n\u00bb y asever\u00f3 que la mandataria es hoy la dirigente \u00abcon mayor caudal electoral individual\u00bb y \u00abno necesita inventarse ning\u00fan cargo\u00bb.<\/p>\n","protected":false},"excerpt":{"rendered":"<p>El senador Juan Manuel Abal Medina (FpV) cuestion\u00f3 hoy esa \u00abllamativa tendencia de la oposici\u00f3n de no querer dar qu\u00f3rum\u00bb en el tratamiento de leyes, como la sancionada ayer que habilita la elecci\u00f3n de legisladores para el Parlasur.<\/p>\n","protected":false},"author":4,"featured_media":0,"comment_status":"open","ping_status":"open","sticky":false,"template":"","format":"standard","meta":{"_jetpack_newsletter_access":"","_jetpack_dont_email_post_to_subs":false,"_jetpack_newsletter_tier_id":0,"_jetpack_memberships_contains_paywalled_content":false,"_jetpack_memberships_contains_paid_content":false,"footnotes":""},"categories":[51],"tags":[],"class_list":["post-59342","post","type-post","status-publish","format-standard","hentry","category-politica"],"jetpack_shortlink":"https:\/\/wp.me\/p2JWE0-fr8","jetpack-related-posts":[{"id":101802,"url":"http:\/\/www.24baires.com\/?p=101802","url_meta":{"origin":59342,"position":0},"title":"La oposici\u00f3n logr\u00f3 el qu\u00f3rum y se inicia la sesi\u00f3n contra el tarifazo","author":"GB","date":"25\/04\/2018","format":false,"excerpt":"Tras la pol\u00e9mica de la semana pasada, los legisladores opositores se sentaron en sus bancas para discutir los aumentos. La oposici\u00f3n finalmente logr\u00f3 juntar el respaldo necesario para tener qu\u00f3rum y abrir la sesi\u00f3n especial en Diputados donde se debatir\u00e1 un proyecto para mitigar el impacto del tarifazo. Cambiemos debi\u00f3\u2026","rel":"","context":"En \u00abPol\u00edtica\u00bb","block_context":{"text":"Pol\u00edtica","link":"http:\/\/www.24baires.com\/?cat=51"},"img":{"alt_text":"","src":"https:\/\/i0.wp.com\/www.24baires.com\/wp-content\/uploads\/2017\/02\/diputados.jpg?resize=350%2C200","width":350,"height":200,"srcset":"https:\/\/i0.wp.com\/www.24baires.com\/wp-content\/uploads\/2017\/02\/diputados.jpg?resize=350%2C200 1x, https:\/\/i0.wp.com\/www.24baires.com\/wp-content\/uploads\/2017\/02\/diputados.jpg?resize=525%2C300 1.5x"},"classes":[]},{"id":119651,"url":"http:\/\/www.24baires.com\/?p=119651","url_meta":{"origin":59342,"position":1},"title":"Juntos por el Cambio se neg\u00f3 a tratar el proyecto de moratoria previsional","author":"AF","date":"21\/12\/2022","format":false,"excerpt":"El bloque opositor no quiso bajar al recinto para discutir la iniciativa que beneficiaba a quienes no ten\u00edan los 30 a\u00f1os de aportes requeridos para la jubilaci\u00f3n y que propon\u00eda la creaci\u00f3n de ocho nuevas universidades nacionales. El Frente de Todos tambi\u00e9n hab\u00eda inclu\u00eddo en el temario de la sesi\u00f3n\u2026","rel":"","context":"En \u00abPol\u00edtica\u00bb","block_context":{"text":"Pol\u00edtica","link":"http:\/\/www.24baires.com\/?cat=51"},"img":{"alt_text":"","src":"https:\/\/i0.wp.com\/www.24baires.com\/wp-content\/uploads\/2022\/12\/diputados.jpeg?resize=350%2C200","width":350,"height":200,"srcset":"https:\/\/i0.wp.com\/www.24baires.com\/wp-content\/uploads\/2022\/12\/diputados.jpeg?resize=350%2C200 1x, https:\/\/i0.wp.com\/www.24baires.com\/wp-content\/uploads\/2022\/12\/diputados.jpeg?resize=525%2C300 1.5x, https:\/\/i0.wp.com\/www.24baires.com\/wp-content\/uploads\/2022\/12\/diputados.jpeg?resize=700%2C400 2x"},"classes":[]},{"id":113608,"url":"http:\/\/www.24baires.com\/?p=113608","url_meta":{"origin":59342,"position":2},"title":"Cay\u00f3 la sesi\u00f3n en el Senado bonaerense por falta de qu\u00f3rum","author":"AF","date":"27\/12\/2019","format":false,"excerpt":"Se iba a tratar la Reforma Impositiva impulsada por el gobernador Axel Kicillof. La falta de acuerdos entre el oficialismo y Juntos por el Cambio hizo caer este viernes, por segundo d\u00eda consecutivo, la sesi\u00f3n en la que el oficialismo pretend\u00eda tratar la Reforma Impositiva impulsada por el gobierno de\u2026","rel":"","context":"En \u00abProvincia\u00bb","block_context":{"text":"Provincia","link":"http:\/\/www.24baires.com\/?cat=40"},"img":{"alt_text":"","src":"https:\/\/i0.wp.com\/www.24baires.com\/wp-content\/uploads\/2014\/08\/senado-bonaerense.jpg?resize=350%2C200","width":350,"height":200,"srcset":"https:\/\/i0.wp.com\/www.24baires.com\/wp-content\/uploads\/2014\/08\/senado-bonaerense.jpg?resize=350%2C200 1x, https:\/\/i0.wp.com\/www.24baires.com\/wp-content\/uploads\/2014\/08\/senado-bonaerense.jpg?resize=525%2C300 1.5x"},"classes":[]},{"id":103901,"url":"http:\/\/www.24baires.com\/?p=103901","url_meta":{"origin":59342,"position":3},"title":"No hubo qu\u00f3rum para definir si se permite allanar domicilios de Cristina","author":"Grupo Sierra","date":"15\/08\/2018","format":false,"excerpt":"El Senado no logr\u00f3 qu\u00f3rum este miercoles para la sesi\u00f3n en la que se iba a tratar el pedido de allanamiento a la ex presidenta Cristina Kirchner. La mayor\u00eda de ellos era de Cambiemos, mientras que buena parte del Bloque Justicialista y la totalidad del Frente para la Victoria estuvo\u2026","rel":"","context":"En \u00abLegislativo\u00bb","block_context":{"text":"Legislativo","link":"http:\/\/www.24baires.com\/?cat=75"},"img":{"alt_text":"","src":"https:\/\/i0.wp.com\/www.24baires.com\/wp-content\/uploads\/2017\/10\/cristina-declara.jpg?resize=350%2C200","width":350,"height":200,"srcset":"https:\/\/i0.wp.com\/www.24baires.com\/wp-content\/uploads\/2017\/10\/cristina-declara.jpg?resize=350%2C200 1x, https:\/\/i0.wp.com\/www.24baires.com\/wp-content\/uploads\/2017\/10\/cristina-declara.jpg?resize=525%2C300 1.5x"},"classes":[]},{"id":82640,"url":"http:\/\/www.24baires.com\/?p=82640","url_meta":{"origin":59342,"position":4},"title":"No hubo qu\u00f3rum y se cay\u00f3 la sesi\u00f3n por la ley antidespidos","author":"GB","date":"12\/05\/2016","format":false,"excerpt":"Los 104 diputados presentes no fueron suficientes para dar inicio a la sesi\u00f3n especial para tratar la iniciativa de la oposici\u00f3n y que cuenta con media sanci\u00f3n en el Senado. El Frente Renovador no baj\u00f3 al recinto. La oposici\u00f3n, encabezada por el Frente para la Victoria y el Bloque Justicialista,\u2026","rel":"","context":"En \u00abPol\u00edtica\u00bb","block_context":{"text":"Pol\u00edtica","link":"http:\/\/www.24baires.com\/?cat=51"},"img":{"alt_text":"diputados","src":"https:\/\/i0.wp.com\/www.24baires.com\/wp-content\/uploads\/2016\/03\/diputados.jpg?resize=350%2C200","width":350,"height":200,"srcset":"https:\/\/i0.wp.com\/www.24baires.com\/wp-content\/uploads\/2016\/03\/diputados.jpg?resize=350%2C200 1x, https:\/\/i0.wp.com\/www.24baires.com\/wp-content\/uploads\/2016\/03\/diputados.jpg?resize=525%2C300 1.5x"},"classes":[]},{"id":120484,"url":"http:\/\/www.24baires.com\/?p=120484","url_meta":{"origin":59342,"position":5},"title":"Ganancias: el oficialismo consigui\u00f3 dictamen de mayor\u00eda","author":"AF","date":"18\/09\/2023","format":false,"excerpt":"El proyecto del Gobierno impulsado por Sergio Massa logr\u00f3 el apoyo de sectores de la oposici\u00f3n. El oficialismo lo tratar\u00e1 este martes en el recinto. Con el apoyo de sectores de la oposici\u00f3n, el oficialismo logr\u00f3 emitir un dictamen de mayor\u00eda en la Comisi\u00f3n de Presupuesto sobre el proyecto de\u2026","rel":"","context":"En \u00abEconom\u00eda\u00bb","block_context":{"text":"Econom\u00eda","link":"http:\/\/www.24baires.com\/?cat=45"},"img":{"alt_text":"","src":"https:\/\/i0.wp.com\/www.24baires.com\/wp-content\/uploads\/2023\/09\/WhatsApp-Image-2023-09-18-at-22.39.55.jpeg?resize=350%2C200","width":350,"height":200,"srcset":"https:\/\/i0.wp.com\/www.24baires.com\/wp-content\/uploads\/2023\/09\/WhatsApp-Image-2023-09-18-at-22.39.55.jpeg?resize=350%2C200 1x, https:\/\/i0.wp.com\/www.24baires.com\/wp-content\/uploads\/2023\/09\/WhatsApp-Image-2023-09-18-at-22.39.55.jpeg?resize=525%2C300 1.5x"},"classes":[]}],"jetpack_sharing_enabled":true,"jetpack_likes_enabled":true,"jetpack_featured_media_url":"","_links":{"self":[{"href":"http:\/\/www.24baires.com\/index.php?rest_route=\/wp\/v2\/posts\/59342","targetHints":{"allow":["GET"]}}],"collection":[{"href":"http:\/\/www.24baires.com\/index.php?rest_route=\/wp\/v2\/posts"}],"about":[{"href":"http:\/\/www.24baires.com\/index.php?rest_route=\/wp\/v2\/types\/post"}],"author":[{"embeddable":true,"href":"http:\/\/www.24baires.com\/index.php?rest_route=\/wp\/v2\/users\/4"}],"replies":[{"embeddable":true,"href":"http:\/\/www.24baires.com\/index.php?rest_route=%2Fwp%2Fv2%2Fcomments&post=59342"}],"version-history":[{"count":1,"href":"http:\/\/www.24baires.com\/index.php?rest_route=\/wp\/v2\/posts\/59342\/revisions"}],"predecessor-version":[{"id":59343,"href":"http:\/\/www.24baires.com\/index.php?rest_route=\/wp\/v2\/posts\/59342\/revisions\/59343"}],"wp:attachment":[{"href":"http:\/\/www.24baires.com\/index.php?rest_route=%2Fwp%2Fv2%2Fmedia&parent=59342"}],"wp:term":[{"taxonomy":"category","embeddable":true,"href":"http:\/\/www.24baires.com\/index.php?rest_route=%2Fwp%2Fv2%2Fcategories&post=59342"},{"taxonomy":"post_tag","embeddable":true,"href":"http:\/\/www.24baires.com\/index.php?rest_route=%2Fwp%2Fv2%2Ftags&post=59342"}],"curies":[{"name":"wp","href":"https:\/\/api.w.org\/{rel}","templated":true}]}}