{"id":59320,"date":"2014-12-29T21:06:31","date_gmt":"2014-12-30T00:06:31","guid":{"rendered":"http:\/\/www.24baires.com\/?p=59320"},"modified":"2014-12-29T21:02:29","modified_gmt":"2014-12-30T00:02:29","slug":"el-diputado-que-escupiria-en-la-cara-a-scioli","status":"publish","type":"post","link":"http:\/\/www.24baires.com\/?p=59320","title":{"rendered":"El diputado que \u00abescupir\u00eda en la cara\u00bb a Scioli"},"content":{"rendered":"<p><img data-recalc-dims=\"1\" loading=\"lazy\" decoding=\"async\" class=\"aligncenter size-full wp-image-59321\" src=\"https:\/\/i0.wp.com\/www.24baires.com\/wp-content\/uploads\/2014\/12\/GUILLERMO-BRITOS1.jpg?resize=560%2C372\" alt=\"GUILLERMO-BRITOS1\" width=\"560\" height=\"372\" srcset=\"https:\/\/i0.wp.com\/www.24baires.com\/wp-content\/uploads\/2014\/12\/GUILLERMO-BRITOS1.jpg?w=560 560w, https:\/\/i0.wp.com\/www.24baires.com\/wp-content\/uploads\/2014\/12\/GUILLERMO-BRITOS1.jpg?resize=300%2C199 300w\" sizes=\"auto, (max-width: 560px) 100vw, 560px\" \/>Se trata del legislador provincial y excomisario, Guillermo Britos, que carg\u00f3 duramente contra el gobernador Daniel Scioli por la muerte del oficial de polic\u00eda de Chivilcoy David Sardi.<!--more--><\/p>\n<p>El diputado bonaerense critic\u00f3 al gobernador Daniel Scioli. Dijo que \u00abescupir\u00eda en la cara\u00bb al mandatario por la muerte del joven oficial de polic\u00eda de Chivilcoy David Sardi, quien recibi\u00f3 un disparo de su compa\u00f1ero de habitaci\u00f3n en Pinamar, ambos enviados a Villa Gesell en el marco del Operativo Sol.<\/p>\n<p>Sardi muri\u00f3 el s\u00e1bado en un confuso incidente, tras recibir un disparo en la cabeza, proyectil disparado por el arma de su compa\u00f1ero mientras ambos estaban de franco de servicio.<\/p>\n<p>El legislador de Chivilcoy utiliz\u00f3 la red social Facebook para expresar su dolor por la muerte de Sardi y carg\u00f3 contra la administraci\u00f3n provincial que form\u00f3 a los j\u00f3venes polic\u00edas que engrosan la n\u00f3mina de efectivos bonaerenses.<\/p>\n<p>\u00abDavid Alberto Sardi: Descans\u00e1 en paz. Otros no podr\u00e1n hacerlo: Hoy es uno de esos d\u00edas que nadie quisiera vivir, me despierto con un llamado de un amigo de la costa, que me avisa que un oficial de polic\u00eda de Chivilcoy, reci\u00e9n egresado y afectado al Operativo Sol, falleci\u00f3 en Villa Gesell, por un disparo que accidentalmente se le escap\u00f3 a otro polic\u00eda reci\u00e9n egresado\u00bb, comenz\u00f3 el diputado provincial que forma parte de las filas denarva\u00edstas.<\/p>\n<p>Acompa\u00f1\u00f3 a los familiares de Sardi por la p\u00e9rdida de su hijo de 22 a\u00f1os y pidi\u00f3 a Dios \u00abque se tomen las medidas necesarias para que quienes salen a la calle con un arma est\u00e9n en condiciones de hacerlo, les lleve el tiempo que les lleve la formaci\u00f3n\u00bb.<\/p>\n<p>\u00abQue nos ilumine a todos los pol\u00edticos para que trabajemos por la seguridad en serio, sin fotos mentirosas, sin utilizar a j\u00f3venes con 5 meses de formaci\u00f3n, haci\u00e9ndole creer a la gente que son la soluci\u00f3n a todos los males y sin que nadie m\u00e1s, ninguna familia m\u00e1s, deba pasar por este momento\u00bb, complet\u00f3 Britos.<\/p>\n<p>Sobre el final, dispar\u00f3 m\u00e1s munici\u00f3n gruesa contra Scioli: \u00abSe lo pido a Dios, porque si se lo tengo que pedir al Gobernador, en este momento le escupir\u00eda la cara. Perd\u00f3n a su familia y mucha fuerza\u201d.<\/p>\n<p>Desde el Ejecutivo provincial, el encargado de hablar del caso Sardi fue el subsecretario de Planificaci\u00f3n, Fernando Jantus, quien resalt\u00f3 que se trat\u00f3 de un \u00abmal manejo\u00bb del arma. En base a las explicaciones de Janus, a Juan Cruz Samorano, egresado de la escuela de polic\u00eda descentralizada de Chivilcoy, se le escap\u00f3 un tiro que le impact\u00f3 en la cabeza a Sardi, mat\u00e1ndolo en el acto.<\/p>\n<p>\u00abSamorano estaba guardando su arma y por un mal manejo se le dispar\u00f3. No hay motivo para pensar en un crimen intencional. Ellos eran amigos y hasta sus novias se conoc\u00edan entre s\u00ed\u201d, manifest\u00f3 Jantus en declaraciones a la prensa.<\/p>\n<p>En ese sentido, ampli\u00f3: \u00abSamorano llegaba de trabajar y Sardi, que hasta ese momento estaba durmiendo, se levant\u00f3 para charlar con su amigo. Fue en ese momento que ocurri\u00f3 la tragedia\u201d. Samorano y Sardi estaban en el living, otro agente estaba en el ba\u00f1o y dos dorm\u00edan en una habitaci\u00f3n. Samorano y Sardi hab\u00edan sido asignados a la comisar\u00eda 3\u00b0, de Mar de las Pampas. \u00abSon chicos que se recibieron con muy buenas notas. Tuvieron 96 horas de pr\u00e1cticas de tiro\u201d, finaliz\u00f3 Jantus intentando despejar dudas acerca de la tragedia.<\/p>\n<p>&nbsp;<\/p>\n<p>&nbsp;<\/p>\n<p>&nbsp;<\/p>\n<p>&nbsp;<\/p>\n","protected":false},"excerpt":{"rendered":"<p>Se trata del legislador provincial y excomisario, Guillermo Britos, que carg\u00f3 duramente contra el gobernador Daniel Scioli por la muerte del oficial de polic\u00eda de Chivilcoy David Sardi.<\/p>\n","protected":false},"author":11,"featured_media":0,"comment_status":"open","ping_status":"open","sticky":false,"template":"","format":"standard","meta":{"_jetpack_newsletter_access":"","_jetpack_dont_email_post_to_subs":false,"_jetpack_newsletter_tier_id":0,"_jetpack_memberships_contains_paywalled_content":false,"_jetpack_memberships_contains_paid_content":false,"footnotes":""},"categories":[51],"tags":[],"class_list":["post-59320","post","type-post","status-publish","format-standard","hentry","category-politica"],"jetpack_shortlink":"https:\/\/wp.me\/p2JWE0-fqM","jetpack-related-posts":[{"id":59221,"url":"http:\/\/www.24baires.com\/?p=59221","url_meta":{"origin":59320,"position":0},"title":"Villa Gesell: un polic\u00eda mat\u00f3 a otro de un disparo en la cabeza","author":"AF","date":"27\/12\/2014","format":false,"excerpt":"Un polic\u00eda mat\u00f3 hoy a otro de un disparo en la cabeza mientras se encontraban en la casa que compart\u00edan en la ciudad bonaerense de Villa Gesell, adonde hab\u00edan viajado para desempe\u00f1arse en el marco del Operativo Sol, y la principal hip\u00f3tesis es que se trat\u00f3 de un accidente. Fuentes\u2026","rel":"","context":"En \u00abPoliciales\u00bb","block_context":{"text":"Policiales","link":"http:\/\/www.24baires.com\/?cat=49"},"img":{"alt_text":"","src":"https:\/\/i0.wp.com\/www.24baires.com\/wp-content\/uploads\/2014\/12\/efectivo-gesell.jpg?resize=350%2C200","width":350,"height":200,"srcset":"https:\/\/i0.wp.com\/www.24baires.com\/wp-content\/uploads\/2014\/12\/efectivo-gesell.jpg?resize=350%2C200 1x, https:\/\/i0.wp.com\/www.24baires.com\/wp-content\/uploads\/2014\/12\/efectivo-gesell.jpg?resize=525%2C300 1.5x"},"classes":[]},{"id":102717,"url":"http:\/\/www.24baires.com\/?p=102717","url_meta":{"origin":59320,"position":1},"title":"Stolbizer: \u00abLa gesti\u00f3n de Vidal es tan mala como la de Scioli\u00bb","author":"GB","date":"13\/06\/2018","format":false,"excerpt":"La l\u00edder del GEN endureci\u00f3 su discurso contra la Gobernadora y afirm\u00f3 que \"no puede mostrar avances\" en educaci\u00f3n, salud y seguridad. Margarita Stolbizer abandon\u00f3 el discurso conciliador con Mar\u00eda Eugenia Vidal y afirm\u00f3 que su gesti\u00f3n \"es tan mala\" como la de su antecesor Daniel Scioli. Durante una visita\u2026","rel":"","context":"En \u00abPol\u00edtica\u00bb","block_context":{"text":"Pol\u00edtica","link":"http:\/\/www.24baires.com\/?cat=51"},"img":{"alt_text":"","src":"https:\/\/i0.wp.com\/www.24baires.com\/wp-content\/uploads\/2016\/08\/vidal-stolbizer.jpg?resize=350%2C200","width":350,"height":200,"srcset":"https:\/\/i0.wp.com\/www.24baires.com\/wp-content\/uploads\/2016\/08\/vidal-stolbizer.jpg?resize=350%2C200 1x, https:\/\/i0.wp.com\/www.24baires.com\/wp-content\/uploads\/2016\/08\/vidal-stolbizer.jpg?resize=525%2C300 1.5x"},"classes":[]},{"id":119156,"url":"http:\/\/www.24baires.com\/?p=119156","url_meta":{"origin":59320,"position":2},"title":"Massa asumir\u00e1 como superministro de Econom\u00eda","author":"AF","date":"28\/07\/2022","format":false,"excerpt":"Alberto Fern\u00e1ndez decidi\u00f3 reorganizar las \u00e1reas econ\u00f3micas para un mejor funcionamiento, coordinaci\u00f3n y gesti\u00f3n: se unificar\u00e1n los ministerios de Econom\u00eda, Desarrollo Productivo y Agricultura, Ganader\u00eda y Pesca, que quedar\u00e1n bajo la \u00f3rbita del actual presidente de la C\u00e1mara de Diputados. Massa anunci\u00f3 que el lunes comenzar\u00e1 a designar a los\u2026","rel":"","context":"En \u00abEconom\u00eda\u00bb","block_context":{"text":"Econom\u00eda","link":"http:\/\/www.24baires.com\/?cat=45"},"img":{"alt_text":"","src":"https:\/\/i0.wp.com\/www.24baires.com\/wp-content\/uploads\/2022\/07\/6243529d100ad_900.jpg?resize=350%2C200","width":350,"height":200,"srcset":"https:\/\/i0.wp.com\/www.24baires.com\/wp-content\/uploads\/2022\/07\/6243529d100ad_900.jpg?resize=350%2C200 1x, https:\/\/i0.wp.com\/www.24baires.com\/wp-content\/uploads\/2022\/07\/6243529d100ad_900.jpg?resize=525%2C300 1.5x, https:\/\/i0.wp.com\/www.24baires.com\/wp-content\/uploads\/2022\/07\/6243529d100ad_900.jpg?resize=700%2C400 2x"},"classes":[]},{"id":120226,"url":"http:\/\/www.24baires.com\/?p=120226","url_meta":{"origin":59320,"position":3},"title":"Cristina recibi\u00f3 a Scioli: \u201cA seguir trabajando, que es lo que hay que hacer\u201d","author":"AF","date":"28\/06\/2023","format":false,"excerpt":"\"Hablamos mucho, con sinceridad y con el respeto de siempre. Me transmiti\u00f3 que su vocaci\u00f3n es ayudar y colaborar como un compa\u00f1ero m\u00e1s\", asegur\u00f3 a trav\u00e9s de las redes sociales la Vicepresidenta sobre el encuentro. La Vicepresidenta Cristina Fern\u00e1ndez de Kirchner public\u00f3 en redes sociales una foto con el embajador\u2026","rel":"","context":"En \u00abPol\u00edtica\u00bb","block_context":{"text":"Pol\u00edtica","link":"http:\/\/www.24baires.com\/?cat=51"},"img":{"alt_text":"","src":"https:\/\/i0.wp.com\/www.24baires.com\/wp-content\/uploads\/2023\/06\/WhatsApp-Image-2023-06-28-at-23.30.42.jpeg?resize=350%2C200","width":350,"height":200,"srcset":"https:\/\/i0.wp.com\/www.24baires.com\/wp-content\/uploads\/2023\/06\/WhatsApp-Image-2023-06-28-at-23.30.42.jpeg?resize=350%2C200 1x, https:\/\/i0.wp.com\/www.24baires.com\/wp-content\/uploads\/2023\/06\/WhatsApp-Image-2023-06-28-at-23.30.42.jpeg?resize=525%2C300 1.5x, https:\/\/i0.wp.com\/www.24baires.com\/wp-content\/uploads\/2023\/06\/WhatsApp-Image-2023-06-28-at-23.30.42.jpeg?resize=700%2C400 2x"},"classes":[]},{"id":73246,"url":"http:\/\/www.24baires.com\/?p=73246","url_meta":{"origin":59320,"position":4},"title":"Scioli inaugur\u00f3 un complejo habitacional en Chivilcoy","author":"GB","date":"07\/10\/2015","format":false,"excerpt":"El candidato presidencial del Frente para la Victoria lo manifest\u00f3 durante la inauguraci\u00f3n de la Torre 1 del complejo habitacional en la localidad de Chivilcoy. Scioli destac\u00f3 en el acto \"el trabajo del compa\u00f1ero Florencio\" Randazzo con quien \"compartimos el recuerdo de cuando despedimos y vimos por \u00faltima vez a\u2026","rel":"","context":"En \u00abPol\u00edtica\u00bb","block_context":{"text":"Pol\u00edtica","link":"http:\/\/www.24baires.com\/?cat=51"},"img":{"alt_text":"scioli","src":"https:\/\/i0.wp.com\/www.24baires.com\/wp-content\/uploads\/2015\/09\/scioli1.jpg?resize=350%2C200","width":350,"height":200,"srcset":"https:\/\/i0.wp.com\/www.24baires.com\/wp-content\/uploads\/2015\/09\/scioli1.jpg?resize=350%2C200 1x, https:\/\/i0.wp.com\/www.24baires.com\/wp-content\/uploads\/2015\/09\/scioli1.jpg?resize=525%2C300 1.5x"},"classes":[]},{"id":32011,"url":"http:\/\/www.24baires.com\/?p=32011","url_meta":{"origin":59320,"position":5},"title":"Cristina inaugur\u00f3 las obras de ampliaci\u00f3n de SanCor en Chivilcoy","author":"AF","date":"17\/09\/2013","format":false,"excerpt":"Cristina encabez\u00f3 la inauguraci\u00f3n de las obras de ampliaci\u00f3n en la planta de la empresa l\u00e1ctea en esa localidad bonaerense. La acompa\u00f1aron el gobernador Scioli y el candidato a diputado Mart\u00edn Insaurralde. Del acto participaron el gobernador Daniel Scioli, el primer candidato a diputado nacional por el Frente para la\u2026","rel":"","context":"En \u00abPol\u00edtica\u00bb","block_context":{"text":"Pol\u00edtica","link":"http:\/\/www.24baires.com\/?cat=51"},"img":{"alt_text":"","src":"","width":0,"height":0},"classes":[]}],"jetpack_sharing_enabled":true,"jetpack_likes_enabled":true,"jetpack_featured_media_url":"","_links":{"self":[{"href":"http:\/\/www.24baires.com\/index.php?rest_route=\/wp\/v2\/posts\/59320","targetHints":{"allow":["GET"]}}],"collection":[{"href":"http:\/\/www.24baires.com\/index.php?rest_route=\/wp\/v2\/posts"}],"about":[{"href":"http:\/\/www.24baires.com\/index.php?rest_route=\/wp\/v2\/types\/post"}],"author":[{"embeddable":true,"href":"http:\/\/www.24baires.com\/index.php?rest_route=\/wp\/v2\/users\/11"}],"replies":[{"embeddable":true,"href":"http:\/\/www.24baires.com\/index.php?rest_route=%2Fwp%2Fv2%2Fcomments&post=59320"}],"version-history":[{"count":1,"href":"http:\/\/www.24baires.com\/index.php?rest_route=\/wp\/v2\/posts\/59320\/revisions"}],"predecessor-version":[{"id":59322,"href":"http:\/\/www.24baires.com\/index.php?rest_route=\/wp\/v2\/posts\/59320\/revisions\/59322"}],"wp:attachment":[{"href":"http:\/\/www.24baires.com\/index.php?rest_route=%2Fwp%2Fv2%2Fmedia&parent=59320"}],"wp:term":[{"taxonomy":"category","embeddable":true,"href":"http:\/\/www.24baires.com\/index.php?rest_route=%2Fwp%2Fv2%2Fcategories&post=59320"},{"taxonomy":"post_tag","embeddable":true,"href":"http:\/\/www.24baires.com\/index.php?rest_route=%2Fwp%2Fv2%2Ftags&post=59320"}],"curies":[{"name":"wp","href":"https:\/\/api.w.org\/{rel}","templated":true}]}}