{"id":59294,"date":"2014-12-29T17:00:59","date_gmt":"2014-12-29T20:00:59","guid":{"rendered":"http:\/\/www.24baires.com\/?p=59294"},"modified":"2014-12-29T16:46:35","modified_gmt":"2014-12-29T19:46:35","slug":"el-senado-aprobo-la-eleccion-del-parlasur","status":"publish","type":"post","link":"http:\/\/www.24baires.com\/?p=59294","title":{"rendered":"El Senado aprob\u00f3 la elecci\u00f3n del Parlasur"},"content":{"rendered":"<p><img data-recalc-dims=\"1\" loading=\"lazy\" decoding=\"async\" class=\"alignleft size-full wp-image-30945\" src=\"https:\/\/i0.wp.com\/www.24baires.com\/wp-content\/uploads\/2013\/08\/Senado.jpg?resize=320%2C213\" alt=\"Senado\" width=\"320\" height=\"213\" srcset=\"https:\/\/i0.wp.com\/www.24baires.com\/wp-content\/uploads\/2013\/08\/Senado.jpg?w=320 320w, https:\/\/i0.wp.com\/www.24baires.com\/wp-content\/uploads\/2013\/08\/Senado.jpg?resize=300%2C199 300w\" sizes=\"auto, (max-width: 320px) 100vw, 320px\" \/>La C\u00e1mara alta convirti\u00f3 en ley el proyecto que modifica la legislaci\u00f3n electoral y habilita la elecci\u00f3n de parlamentarios del Mercosur, cuyas candidaturas se presentar\u00e1n, por primera vez, durante los comicios nacionales de octubre de 2015.<!--more--><\/p>\n<p>La iniciativa fue aprobada por 37 votos a favor y 12 en contra.<\/p>\n<p>&nbsp;<\/p>\n<p>&nbsp;<\/p>\n<p>&nbsp;<\/p>\n<p>&nbsp;<\/p>\n<p>&nbsp;<\/p>\n<p>&nbsp;<\/p>\n<p>&nbsp;<\/p>\n<p>&nbsp;<\/p>\n<p>&nbsp;<\/p>\n<p>&nbsp;<\/p>\n<p>&nbsp;<\/p>\n<p>&nbsp;<\/p>\n","protected":false},"excerpt":{"rendered":"<p>La C\u00e1mara alta convirti\u00f3 en ley el proyecto que modifica la legislaci\u00f3n electoral y habilita la elecci\u00f3n de parlamentarios del Mercosur, cuyas candidaturas se presentar\u00e1n, por primera vez, durante los comicios nacionales de octubre de 2015.<\/p>\n","protected":false},"author":8,"featured_media":0,"comment_status":"open","ping_status":"open","sticky":false,"template":"","format":"standard","meta":{"_jetpack_newsletter_access":"","_jetpack_dont_email_post_to_subs":false,"_jetpack_newsletter_tier_id":0,"_jetpack_memberships_contains_paywalled_content":false,"_jetpack_memberships_contains_paid_content":false,"footnotes":""},"categories":[51],"tags":[],"class_list":["post-59294","post","type-post","status-publish","format-standard","hentry","category-politica"],"jetpack_shortlink":"https:\/\/wp.me\/p2JWE0-fqm","jetpack-related-posts":[{"id":122200,"url":"http:\/\/www.24baires.com\/?p=122200","url_meta":{"origin":59294,"position":0},"title":"Finalmente, el Senado aprob\u00f3 la suspensi\u00f3n de las PASO en la Provincia","author":"GB","date":"15\/04\/2025","format":false,"excerpt":"Con el desdoblamiento de las elecciones confirmado, el Senado Bonaerense realiz\u00f3 la sesi\u00f3n especial y le dio media sanci\u00f3n al proyecto del Ejecutivo para suspender las PASO provinciales. Todos los bloques acompa\u00f1aron la iniciativa, el senador de UP Federico Fagioli (responde a Grabois) fue el \u00fanico que se abstuvo. Los\u2026","rel":"","context":"En \u00abProvincia\u00bb","block_context":{"text":"Provincia","link":"http:\/\/www.24baires.com\/?cat=40"},"img":{"alt_text":"","src":"https:\/\/i0.wp.com\/www.24baires.com\/wp-content\/uploads\/2025\/04\/senado-pba.jpg?resize=350%2C200","width":350,"height":200,"srcset":"https:\/\/i0.wp.com\/www.24baires.com\/wp-content\/uploads\/2025\/04\/senado-pba.jpg?resize=350%2C200 1x, https:\/\/i0.wp.com\/www.24baires.com\/wp-content\/uploads\/2025\/04\/senado-pba.jpg?resize=525%2C300 1.5x, https:\/\/i0.wp.com\/www.24baires.com\/wp-content\/uploads\/2025\/04\/senado-pba.jpg?resize=700%2C400 2x"},"classes":[]},{"id":117601,"url":"http:\/\/www.24baires.com\/?p=117601","url_meta":{"origin":59294,"position":1},"title":"Diputados aprob\u00f3 la postergaci\u00f3n de las elecciones","author":"GB","date":"20\/05\/2021","format":false,"excerpt":"Diputados dio media sanci\u00f3n al proyecto que posterga las elecciones PASO y generales en el marco de la pandemia. La C\u00e1mara de Diputados de la Naci\u00f3n aprob\u00f3 por amplia mayor\u00eda el proyecto de ley que posterga las elecciones PASO y generales en el marco de la pandemia de coronavirus. Ahora,\u2026","rel":"","context":"En \u00abPol\u00edtica\u00bb","block_context":{"text":"Pol\u00edtica","link":"http:\/\/www.24baires.com\/?cat=51"},"img":{"alt_text":"","src":"https:\/\/i0.wp.com\/www.24baires.com\/wp-content\/uploads\/2020\/05\/diputados-virtual.jpg?resize=350%2C200","width":350,"height":200,"srcset":"https:\/\/i0.wp.com\/www.24baires.com\/wp-content\/uploads\/2020\/05\/diputados-virtual.jpg?resize=350%2C200 1x, https:\/\/i0.wp.com\/www.24baires.com\/wp-content\/uploads\/2020\/05\/diputados-virtual.jpg?resize=525%2C300 1.5x"},"classes":[]},{"id":110944,"url":"http:\/\/www.24baires.com\/?p=110944","url_meta":{"origin":59294,"position":2},"title":"El FMI se reunir\u00e1 con Alberto Fern\u00e1ndez y Lavagna","author":"GB","date":"26\/06\/2019","format":false,"excerpt":"El compa\u00f1ero de f\u00f3rmula presidencial del Frente de Todos de Cristina Fern\u00e1ndez y el de Consenso Federal 2030 se encontrar\u00e1n este jueves con autoridades del organismo. El Fondo Monetario Internacional (FMI) dio a conocer que el jueves el director del Departamento del Hemisferio Occidental, Alejandro Werner, y el representante residente\u2026","rel":"","context":"En \u00abEconom\u00eda\u00bb","block_context":{"text":"Econom\u00eda","link":"http:\/\/www.24baires.com\/?cat=45"},"img":{"alt_text":"","src":"https:\/\/i0.wp.com\/www.24baires.com\/wp-content\/uploads\/2019\/06\/alberto-fernandez-1.jpg?resize=350%2C200","width":350,"height":200,"srcset":"https:\/\/i0.wp.com\/www.24baires.com\/wp-content\/uploads\/2019\/06\/alberto-fernandez-1.jpg?resize=350%2C200 1x, https:\/\/i0.wp.com\/www.24baires.com\/wp-content\/uploads\/2019\/06\/alberto-fernandez-1.jpg?resize=525%2C300 1.5x"},"classes":[]},{"id":117948,"url":"http:\/\/www.24baires.com\/?p=117948","url_meta":{"origin":59294,"position":3},"title":"Publicaron el protocolo para las elecciones legislativas","author":"GB","date":"04\/08\/2021","format":false,"excerpt":"Fue elaborada por la Direcci\u00f3n Nacional Electoral del Ministerio del Interior y el Ministerio de Salud para evitar los contagios de Covid-19. La C\u00e1mara Nacional Elecotal (CNE) aprob\u00f3 el protocolo sanitario de prevenci\u00f3n del Covid-19 para las pr\u00f3ximas elecciones legislativas, con medidas para evitar los contagios y con la incorporaci\u00f3n\u2026","rel":"","context":"En \u00abPol\u00edtica\u00bb","block_context":{"text":"Pol\u00edtica","link":"http:\/\/www.24baires.com\/?cat=51"},"img":{"alt_text":"","src":"https:\/\/i0.wp.com\/www.24baires.com\/wp-content\/uploads\/2015\/10\/elecciones1.jpg?resize=350%2C200","width":350,"height":200,"srcset":"https:\/\/i0.wp.com\/www.24baires.com\/wp-content\/uploads\/2015\/10\/elecciones1.jpg?resize=350%2C200 1x, https:\/\/i0.wp.com\/www.24baires.com\/wp-content\/uploads\/2015\/10\/elecciones1.jpg?resize=525%2C300 1.5x"},"classes":[]},{"id":122658,"url":"http:\/\/www.24baires.com\/?p=122658","url_meta":{"origin":59294,"position":4},"title":"Abrieron los comicios y comenz\u00f3 la jornada electoral en todo el pa\u00eds","author":"GB","date":"26\/10\/2025","format":false,"excerpt":"M\u00e1s de 26 millones de argentinos eligen hoy la nueva composici\u00f3n del Congreso en las legislativas, con la Boleta \u00danica Papel como principal novedad. Desde las 8 de la ma\u00f1ana de este domingo 26 de octubre, abrieron los centros de votaci\u00f3n en todo el pa\u00eds para que los argentinos elijan\u2026","rel":"","context":"En \u00abElecciones\u00bb","block_context":{"text":"Elecciones","link":"http:\/\/www.24baires.com\/?cat=316"},"img":{"alt_text":"","src":"https:\/\/i0.wp.com\/www.24baires.com\/wp-content\/uploads\/2013\/06\/URNAS-VOTOS.jpg?resize=350%2C200","width":350,"height":200,"srcset":"https:\/\/i0.wp.com\/www.24baires.com\/wp-content\/uploads\/2013\/06\/URNAS-VOTOS.jpg?resize=350%2C200 1x, https:\/\/i0.wp.com\/www.24baires.com\/wp-content\/uploads\/2013\/06\/URNAS-VOTOS.jpg?resize=525%2C300 1.5x, https:\/\/i0.wp.com\/www.24baires.com\/wp-content\/uploads\/2013\/06\/URNAS-VOTOS.jpg?resize=700%2C400 2x"},"classes":[]},{"id":107512,"url":"http:\/\/www.24baires.com\/?p=107512","url_meta":{"origin":59294,"position":5},"title":"Diputados buscar\u00e1n aprobar una ley que limite el aumento de las tarifas","author":"GB","date":"04\/04\/2019","format":false,"excerpt":"Tambi\u00e9n buscar\u00e1n que los jubilados no paguen ganancias. Intentar\u00e1n reunir hoy qu\u00f3rum para realizar una sesi\u00f3n especial. Diputados opositores buscar\u00e1n aprobar una ley que limite el aumento de las tarifas La oposici\u00f3n de la C\u00e1mara de Diputados intentar\u00e1 reunir hoy qu\u00f3rum para realizar una sesi\u00f3n especial, a fin de debatir\u2026","rel":"","context":"En \u00abPol\u00edtica\u00bb","block_context":{"text":"Pol\u00edtica","link":"http:\/\/www.24baires.com\/?cat=51"},"img":{"alt_text":"","src":"https:\/\/i0.wp.com\/www.24baires.com\/wp-content\/uploads\/2018\/10\/dipiutades.jpg?resize=350%2C200","width":350,"height":200,"srcset":"https:\/\/i0.wp.com\/www.24baires.com\/wp-content\/uploads\/2018\/10\/dipiutades.jpg?resize=350%2C200 1x, https:\/\/i0.wp.com\/www.24baires.com\/wp-content\/uploads\/2018\/10\/dipiutades.jpg?resize=525%2C300 1.5x"},"classes":[]}],"jetpack_sharing_enabled":true,"jetpack_likes_enabled":true,"jetpack_featured_media_url":"","_links":{"self":[{"href":"http:\/\/www.24baires.com\/index.php?rest_route=\/wp\/v2\/posts\/59294","targetHints":{"allow":["GET"]}}],"collection":[{"href":"http:\/\/www.24baires.com\/index.php?rest_route=\/wp\/v2\/posts"}],"about":[{"href":"http:\/\/www.24baires.com\/index.php?rest_route=\/wp\/v2\/types\/post"}],"author":[{"embeddable":true,"href":"http:\/\/www.24baires.com\/index.php?rest_route=\/wp\/v2\/users\/8"}],"replies":[{"embeddable":true,"href":"http:\/\/www.24baires.com\/index.php?rest_route=%2Fwp%2Fv2%2Fcomments&post=59294"}],"version-history":[{"count":1,"href":"http:\/\/www.24baires.com\/index.php?rest_route=\/wp\/v2\/posts\/59294\/revisions"}],"predecessor-version":[{"id":59295,"href":"http:\/\/www.24baires.com\/index.php?rest_route=\/wp\/v2\/posts\/59294\/revisions\/59295"}],"wp:attachment":[{"href":"http:\/\/www.24baires.com\/index.php?rest_route=%2Fwp%2Fv2%2Fmedia&parent=59294"}],"wp:term":[{"taxonomy":"category","embeddable":true,"href":"http:\/\/www.24baires.com\/index.php?rest_route=%2Fwp%2Fv2%2Fcategories&post=59294"},{"taxonomy":"post_tag","embeddable":true,"href":"http:\/\/www.24baires.com\/index.php?rest_route=%2Fwp%2Fv2%2Ftags&post=59294"}],"curies":[{"name":"wp","href":"https:\/\/api.w.org\/{rel}","templated":true}]}}