{"id":59285,"date":"2014-12-29T15:08:48","date_gmt":"2014-12-29T18:08:48","guid":{"rendered":"http:\/\/www.24baires.com\/?p=59285"},"modified":"2014-12-29T15:08:48","modified_gmt":"2014-12-29T18:08:48","slug":"cristina-recibe-a-funcionarios-en-olivos","status":"publish","type":"post","link":"http:\/\/www.24baires.com\/?p=59285","title":{"rendered":"Cristina recibe a funcionarios en Olivos"},"content":{"rendered":"<p><img data-recalc-dims=\"1\" loading=\"lazy\" decoding=\"async\" class=\"aligncenter size-full wp-image-54557\" src=\"https:\/\/i0.wp.com\/www.24baires.com\/wp-content\/uploads\/2014\/09\/cristina3.jpg?resize=560%2C373\" alt=\"cristina\" width=\"560\" height=\"373\" srcset=\"https:\/\/i0.wp.com\/www.24baires.com\/wp-content\/uploads\/2014\/09\/cristina3.jpg?w=560 560w, https:\/\/i0.wp.com\/www.24baires.com\/wp-content\/uploads\/2014\/09\/cristina3.jpg?resize=300%2C199 300w\" sizes=\"auto, (max-width: 560px) 100vw, 560px\" \/>La presidenta Cristina Fern\u00e1ndez de Kirchner desarrolla hoy su actividad oficial en su gabinete de trabajo de la residencia de Olivos, informaron fuentes oficiales.<!--more--><\/p>\n<p>La jefa de Estado, quien sufri\u00f3 una fractura del tobillo izquierdo, recibir\u00e1 esta tarde al jefe de Gabinete, Jorge Capitanich.<\/p>\n<p>Poco despu\u00e9s, en forma separada, ingresar\u00e1n a su gabinete de trabajo los ministros de Econom\u00eda, Axel Kicillof; del Interior y Transporte, Florencio Randazzo, el secretario General de la Presidencia, An\u00edbal Fern\u00e1ndez, y al secretario de Obras P\u00fablicas, Jos\u00e9 L\u00f3pez.<\/p>\n<p>&nbsp;<\/p>\n<p>&nbsp;<\/p>\n<p>&nbsp;<\/p>\n<p>&nbsp;<\/p>\n<p>&nbsp;<\/p>\n<p>&nbsp;<\/p>\n<p>&nbsp;<\/p>\n<p>&nbsp;<\/p>\n<p>&nbsp;<\/p>\n<p>&nbsp;<\/p>\n<p>&nbsp;<\/p>\n","protected":false},"excerpt":{"rendered":"<p>La presidenta Cristina Fern\u00e1ndez de Kirchner desarrolla hoy su actividad oficial en su gabinete de trabajo de la residencia de Olivos, informaron fuentes oficiales.<\/p>\n","protected":false},"author":8,"featured_media":0,"comment_status":"open","ping_status":"open","sticky":false,"template":"","format":"standard","meta":{"_jetpack_newsletter_access":"","_jetpack_dont_email_post_to_subs":false,"_jetpack_newsletter_tier_id":0,"_jetpack_memberships_contains_paywalled_content":false,"_jetpack_memberships_contains_paid_content":false,"footnotes":""},"categories":[51],"tags":[],"class_list":["post-59285","post","type-post","status-publish","format-standard","hentry","category-politica"],"jetpack_shortlink":"https:\/\/wp.me\/p2JWE0-fqd","jetpack-related-posts":[{"id":59583,"url":"http:\/\/www.24baires.com\/?p=59583","url_meta":{"origin":59285,"position":0},"title":"Cristina se reunir\u00e1 en Olivos con Capitanich y Zannini","author":"GB","date":"05\/01\/2015","format":false,"excerpt":"Cristina Fern\u00e1ndez de Kirchner mantendr\u00e1 a partir del mediod\u00eda encuentros por separado con el jefe de Gabinete y el secretario Legal y T\u00e9cnico, se inform\u00f3 oficialmente. Los encuentros ser\u00e1n por separado y a partir de las 12 en el gabinete de trabajo de la Presidenta en la residencia de Olivos.\u2026","rel":"","context":"En \u00abPol\u00edtica\u00bb","block_context":{"text":"Pol\u00edtica","link":"http:\/\/www.24baires.com\/?cat=51"},"img":{"alt_text":"vuelta cristina","src":"https:\/\/i0.wp.com\/www.24baires.com\/wp-content\/uploads\/2013\/11\/vuelta-cristina.jpg?resize=350%2C200","width":350,"height":200,"srcset":"https:\/\/i0.wp.com\/www.24baires.com\/wp-content\/uploads\/2013\/11\/vuelta-cristina.jpg?resize=350%2C200 1x, https:\/\/i0.wp.com\/www.24baires.com\/wp-content\/uploads\/2013\/11\/vuelta-cristina.jpg?resize=525%2C300 1.5x"},"classes":[]},{"id":45558,"url":"http:\/\/www.24baires.com\/?p=45558","url_meta":{"origin":59285,"position":1},"title":"Cristina recibir\u00e1 a Capitanich y Kicillof en Olivos","author":"GB","date":"08\/05\/2014","format":false,"excerpt":"Cristina Fern\u00e1ndez de Kirchner recibir\u00e1 al jefe de Gabinete y al ministro de Econom\u00eda por separado en su despacho de la residencia presidencial. La presidenta Cristina Fern\u00e1ndez de Kirchner recibir\u00e1 hoy, en forma separada, al Jefe de Gabinete, Jorge Capitanich, y al ministro de Econom\u00eda, Axel Kicillof. La Presidenta desarrollar\u00e1\u2026","rel":"","context":"En \u00abPol\u00edtica\u00bb","block_context":{"text":"Pol\u00edtica","link":"http:\/\/www.24baires.com\/?cat=51"},"img":{"alt_text":"cristina en tecno","src":"https:\/\/i0.wp.com\/www.24baires.com\/wp-content\/uploads\/2014\/04\/cristina-en-tecno.jpg?resize=350%2C200","width":350,"height":200,"srcset":"https:\/\/i0.wp.com\/www.24baires.com\/wp-content\/uploads\/2014\/04\/cristina-en-tecno.jpg?resize=350%2C200 1x, https:\/\/i0.wp.com\/www.24baires.com\/wp-content\/uploads\/2014\/04\/cristina-en-tecno.jpg?resize=525%2C300 1.5x"},"classes":[]},{"id":113285,"url":"http:\/\/www.24baires.com\/?p=113285","url_meta":{"origin":59285,"position":2},"title":"Qui\u00e9nes dirigir\u00e1n los ministerios y las principales secretar\u00edas del pr\u00f3ximo gobierno","author":"AF","date":"06\/12\/2019","format":false,"excerpt":"Los nombres de las mujeres y hombres que suenan con m\u00e1s fuerza para acompa\u00f1ar al presidente electo Alberto Fern\u00e1ndez. La transici\u00f3n interminable un d\u00eda ten\u00eda que terminar. Hoy, viernes, Alberto Fern\u00e1ndez presentar\u00e1 su gabinete , estirando todo lo posible los plazos, lo que evit\u00f3 un desgaste prematuro de los elegidos\u2026","rel":"","context":"En \u00abPol\u00edtica\u00bb","block_context":{"text":"Pol\u00edtica","link":"http:\/\/www.24baires.com\/?cat=51"},"img":{"alt_text":"","src":"https:\/\/i0.wp.com\/www.24baires.com\/wp-content\/uploads\/2019\/10\/alberto1.jpeg?resize=350%2C200","width":350,"height":200,"srcset":"https:\/\/i0.wp.com\/www.24baires.com\/wp-content\/uploads\/2019\/10\/alberto1.jpeg?resize=350%2C200 1x, https:\/\/i0.wp.com\/www.24baires.com\/wp-content\/uploads\/2019\/10\/alberto1.jpeg?resize=525%2C300 1.5x"},"classes":[]},{"id":35339,"url":"http:\/\/www.24baires.com\/?p=35339","url_meta":{"origin":59285,"position":3},"title":"Cristina retoma hoy la actividad presidencial","author":"AF","date":"18\/11\/2013","format":false,"excerpt":"Cristina Fern\u00e1ndez de Kirchner retomar\u00e1 esta tarde sus actividades oficiales en la residencia de Olivos, donde recibir\u00e1 a Oscar Parrilli, al jefe de Gabinete, Juan Manuel Abal Medina y al vicepresidente Amado Boudou. La mandataria recibir\u00e1 a las 15 en Olivos al secretario general de la Presidencia, Oscar Parrilli, a\u2026","rel":"","context":"En \u00abPol\u00edtica\u00bb","block_context":{"text":"Pol\u00edtica","link":"http:\/\/www.24baires.com\/?cat=51"},"img":{"alt_text":"cris","src":"https:\/\/i0.wp.com\/www.24baires.com\/wp-content\/uploads\/2013\/11\/cris1-300x200.jpg?resize=350%2C200","width":350,"height":200},"classes":[]},{"id":114966,"url":"http:\/\/www.24baires.com\/?p=114966","url_meta":{"origin":59285,"position":4},"title":"Anuncian el ingreso a una nueva fase del aislamiento social","author":"AF","date":"08\/05\/2020","format":false,"excerpt":"El presidente Alberto Fern\u00e1ndez anunciar\u00e1 a las 20 en una conferencia de prensa el ingreso y los alcances de la nueva etapa del aislamiento social y obligatorio por el coronavirus, iniciado el 20 de marzo pasado, informaron a T\u00e9lam fuentes oficiales. Fern\u00e1ndez manten\u00eda en la residencia de Olivos reuniones con\u2026","rel":"","context":"En \u00abSociedad\u00bb","block_context":{"text":"Sociedad","link":"http:\/\/www.24baires.com\/?cat=1"},"img":{"alt_text":"","src":"https:\/\/i0.wp.com\/www.24baires.com\/wp-content\/uploads\/2020\/05\/alberto-entrevista.jpg?resize=350%2C200","width":350,"height":200,"srcset":"https:\/\/i0.wp.com\/www.24baires.com\/wp-content\/uploads\/2020\/05\/alberto-entrevista.jpg?resize=350%2C200 1x, https:\/\/i0.wp.com\/www.24baires.com\/wp-content\/uploads\/2020\/05\/alberto-entrevista.jpg?resize=525%2C300 1.5x"},"classes":[]},{"id":58356,"url":"http:\/\/www.24baires.com\/?p=58356","url_meta":{"origin":59285,"position":5},"title":"Se reprogram\u00f3 la inauguraci\u00f3n del hospital de Mor\u00f3n","author":"GB","date":"09\/12\/2014","format":false,"excerpt":"Cristina Fern\u00e1ndez de Kirchner dispuso pasar para ma\u00f1ana el acto por las condiciones meteorol\u00f3gicas previstas para el d\u00eda de la fecha. Por la tarde, recibir\u00e1 por separado a los ministros en su gabinete de trabajo de la residencia de Olivos. La presidenta Cristina Fern\u00e1ndez de Kirchner recibir\u00e1 esta tarde, por\u2026","rel":"","context":"En \u00abLocales\u00bb","block_context":{"text":"Locales","link":"http:\/\/www.24baires.com\/?cat=38"},"img":{"alt_text":"cristina23","src":"https:\/\/i0.wp.com\/www.24baires.com\/wp-content\/uploads\/2014\/10\/cristina23.jpg?resize=350%2C200","width":350,"height":200,"srcset":"https:\/\/i0.wp.com\/www.24baires.com\/wp-content\/uploads\/2014\/10\/cristina23.jpg?resize=350%2C200 1x, https:\/\/i0.wp.com\/www.24baires.com\/wp-content\/uploads\/2014\/10\/cristina23.jpg?resize=525%2C300 1.5x"},"classes":[]}],"jetpack_sharing_enabled":true,"jetpack_likes_enabled":true,"jetpack_featured_media_url":"","_links":{"self":[{"href":"http:\/\/www.24baires.com\/index.php?rest_route=\/wp\/v2\/posts\/59285","targetHints":{"allow":["GET"]}}],"collection":[{"href":"http:\/\/www.24baires.com\/index.php?rest_route=\/wp\/v2\/posts"}],"about":[{"href":"http:\/\/www.24baires.com\/index.php?rest_route=\/wp\/v2\/types\/post"}],"author":[{"embeddable":true,"href":"http:\/\/www.24baires.com\/index.php?rest_route=\/wp\/v2\/users\/8"}],"replies":[{"embeddable":true,"href":"http:\/\/www.24baires.com\/index.php?rest_route=%2Fwp%2Fv2%2Fcomments&post=59285"}],"version-history":[{"count":1,"href":"http:\/\/www.24baires.com\/index.php?rest_route=\/wp\/v2\/posts\/59285\/revisions"}],"predecessor-version":[{"id":59286,"href":"http:\/\/www.24baires.com\/index.php?rest_route=\/wp\/v2\/posts\/59285\/revisions\/59286"}],"wp:attachment":[{"href":"http:\/\/www.24baires.com\/index.php?rest_route=%2Fwp%2Fv2%2Fmedia&parent=59285"}],"wp:term":[{"taxonomy":"category","embeddable":true,"href":"http:\/\/www.24baires.com\/index.php?rest_route=%2Fwp%2Fv2%2Fcategories&post=59285"},{"taxonomy":"post_tag","embeddable":true,"href":"http:\/\/www.24baires.com\/index.php?rest_route=%2Fwp%2Fv2%2Ftags&post=59285"}],"curies":[{"name":"wp","href":"https:\/\/api.w.org\/{rel}","templated":true}]}}