{"id":59283,"date":"2014-12-29T14:32:41","date_gmt":"2014-12-29T17:32:41","guid":{"rendered":"http:\/\/www.24baires.com\/?p=59283"},"modified":"2014-12-29T14:32:41","modified_gmt":"2014-12-29T17:32:41","slug":"un-gremio-docente-lleva-su-protesta-a-las-rutas","status":"publish","type":"post","link":"http:\/\/www.24baires.com\/?p=59283","title":{"rendered":"Un gremio docente lleva su protesta a las rutas"},"content":{"rendered":"<p><img data-recalc-dims=\"1\" loading=\"lazy\" decoding=\"async\" class=\"aligncenter size-full wp-image-25219\" src=\"https:\/\/i0.wp.com\/www.24baires.com\/wp-content\/uploads\/2013\/06\/feb.jpg?resize=560%2C307\" alt=\"feb\" width=\"560\" height=\"307\" srcset=\"https:\/\/i0.wp.com\/www.24baires.com\/wp-content\/uploads\/2013\/06\/feb.jpg?w=560 560w, https:\/\/i0.wp.com\/www.24baires.com\/wp-content\/uploads\/2013\/06\/feb.jpg?resize=300%2C164 300w\" sizes=\"auto, (max-width: 560px) 100vw, 560px\" \/>La FEB, uno de los sindicatos bonaerenses m\u00e1s importantes del sector, estar\u00e1n en algunas de las arterias m\u00e1s importantes. No para interrumpir el tr\u00e1nsito, sino de volanteada y a la espera de explicar su situaci\u00f3n.<!--more--><\/p>\n<p>En medio de los encontronazos por la negociaci\u00f3n salarial con la Provincia de Buenos Aires, el gremio conducido por Mirta Petrocini llevar\u00e1 su reclamo a las rutas.<\/p>\n<p>La Federaci\u00f3n de Educadores Bonaerenses (FEB), a partir de las 16.30, cantar\u00e1 presente en la ruta 35 y avenida 44 de La Plata, en la autov\u00eda 2 y ruta 74, Las Armas; en ruta 3 y acceso a Monte Hermoso; en ruta 5 y el acceso a Luj\u00e1n; en ruta 8 y 188, por la zona de Pergamino; en ruta 33 y 188, partido de General Villegas; y ruta 7 y 65, en Jun\u00edn, adem\u00e1s de otros puntos clave en Maip\u00fa y Avellaneda.<\/p>\n<p>Es importante destacar que la medida no incluir\u00e1 la interrupci\u00f3n del tr\u00e1nsito en las rutas ni el corte de calzada, sino de volantes en las zonas de banquinas.<\/p>\n<p>&nbsp;<\/p>\n<p>&nbsp;<\/p>\n<p>&nbsp;<\/p>\n<p>&nbsp;<\/p>\n<p>&nbsp;<\/p>\n<p>&nbsp;<\/p>\n<p>&nbsp;<\/p>\n<p>&nbsp;<\/p>\n<p>&nbsp;<\/p>\n<p>&nbsp;<\/p>\n<p>&nbsp;<\/p>\n","protected":false},"excerpt":{"rendered":"<p>La FEB, uno de los sindicatos bonaerenses m\u00e1s importantes del sector, estar\u00e1n en algunas de las arterias m\u00e1s importantes. No para interrumpir el tr\u00e1nsito, sino de volanteada y a la espera de explicar su situaci\u00f3n.<\/p>\n","protected":false},"author":8,"featured_media":0,"comment_status":"open","ping_status":"open","sticky":false,"template":"","format":"standard","meta":{"_jetpack_newsletter_access":"","_jetpack_dont_email_post_to_subs":false,"_jetpack_newsletter_tier_id":0,"_jetpack_memberships_contains_paywalled_content":false,"_jetpack_memberships_contains_paid_content":false,"footnotes":""},"categories":[51],"tags":[],"class_list":["post-59283","post","type-post","status-publish","format-standard","hentry","category-politica"],"jetpack_shortlink":"https:\/\/wp.me\/p2JWE0-fqb","jetpack-related-posts":[{"id":63403,"url":"http:\/\/www.24baires.com\/?p=63403","url_meta":{"origin":59283,"position":0},"title":"Docentes de la FEB repartir\u00e1n volantes en rutas en contra de la oferta salarial recibida","author":"AF","date":"20\/03\/2015","format":false,"excerpt":"Los docentes de la Federaci\u00f3n Educadores Bonaerenses (FEB) realizar\u00e1n protestas este fin de semana en las rutas que conducen a los principales destinos tur\u00edsticos para explicar los motivos por los que rechazaron la oferta salarial del gobierno que elev\u00f3 a 7.000 pesos el salario inicial del maestro. Fuentes del gremio\u2026","rel":"","context":"En \u00abSociedad\u00bb","block_context":{"text":"Sociedad","link":"http:\/\/www.24baires.com\/?cat=1"},"img":{"alt_text":"folletos feb","src":"https:\/\/i0.wp.com\/www.24baires.com\/wp-content\/uploads\/2015\/03\/folletos-feb.png?resize=350%2C200","width":350,"height":200},"classes":[]},{"id":55611,"url":"http:\/\/www.24baires.com\/?p=55611","url_meta":{"origin":59283,"position":1},"title":"Seis muertos tras un choque en la Ruta 188, a la altura de Rojas","author":"AF","date":"18\/10\/2014","format":false,"excerpt":"Otra vez un accidente de tr\u00e1nsito se cobra vidas en las rutas argentinas. El hecho ocurri\u00f3 en cercan\u00edas de la localidad de Rojas. En la colisi\u00f3n participaron un cami\u00f3n, dos coches y una camioneta. Al menos seis personas murieron esta ma\u00f1ana, como consecuencia de un choque m\u00faltiple ocurrido en la\u2026","rel":"","context":"En \u00abLocales\u00bb","block_context":{"text":"Locales","link":"http:\/\/www.24baires.com\/?cat=38"},"img":{"alt_text":"","src":"","width":0,"height":0},"classes":[]},{"id":91090,"url":"http:\/\/www.24baires.com\/?p=91090","url_meta":{"origin":59283,"position":2},"title":"Contin\u00faan cortadas algunas rutas por las inundaciones","author":"AF","date":"27\/12\/2016","format":false,"excerpt":"El Ministerio de Transporte de la Naci\u00f3n, a trav\u00e9s de Vialidad Nacional, inform\u00f3 que tras las inundaciones de los \u00faltimos d\u00edas contin\u00faa el corte total en algunas rutas de Buenos Aires y Santa Fe, en tanto otras v\u00edas se habilitaron con precauci\u00f3n por tener a\u00fan tramos con agua sobre la\u2026","rel":"","context":"En \u00abLocales\u00bb","block_context":{"text":"Locales","link":"http:\/\/www.24baires.com\/?cat=38"},"img":{"alt_text":"","src":"https:\/\/i0.wp.com\/www.24baires.com\/wp-content\/uploads\/2016\/12\/ruta-inundaci%C3%B3n.png?resize=350%2C200","width":350,"height":200},"classes":[]},{"id":51004,"url":"http:\/\/www.24baires.com\/?p=51004","url_meta":{"origin":59283,"position":3},"title":"Contin\u00faa la b\u00fasqueda del empresario desaparecido en General Villegas","author":"GB","date":"02\/08\/2014","format":false,"excerpt":"Se llama Roberto Sorondo, tiene 54 a\u00f1os y desapareci\u00f3 el pasado lunes. Este jueves la polic\u00eda encontr\u00f3 su documentaci\u00f3n incendiada cercano de la Ruta 33. El mi\u00e9rcoles a la madrugada su Volkswagen Poloen una gomer\u00eda ubicada sobre la Ruta 188. El hecho es investigado por personal de la comisar\u00eda 1\u2026","rel":"","context":"En \u00abSociedad\u00bb","block_context":{"text":"Sociedad","link":"http:\/\/www.24baires.com\/?cat=1"},"img":{"alt_text":"busqueda","src":"https:\/\/i0.wp.com\/www.24baires.com\/wp-content\/uploads\/2014\/08\/busqueda-300x178.jpg?resize=350%2C200","width":350,"height":200},"classes":[]},{"id":111948,"url":"http:\/\/www.24baires.com\/?p=111948","url_meta":{"origin":59283,"position":4},"title":"Gremios docentes aseguran que la adhesi\u00f3n al paro es muy alta","author":"GB","date":"05\/09\/2019","format":false,"excerpt":"En el arranque del paro nacional docente convocado tras las agresiones que sufri\u00f3 un grupo de maestros que realizaba un corte de ruta en Chubut al ser desalojados por petroleros, los gremios aseguraron que la adhesi\u00f3n en la provincia de Buenos Aires es muy alto. Tres de los gremios docentes\u2026","rel":"","context":"En \u00abPol\u00edtica\u00bb","block_context":{"text":"Pol\u00edtica","link":"http:\/\/www.24baires.com\/?cat=51"},"img":{"alt_text":"","src":"https:\/\/i0.wp.com\/www.24baires.com\/wp-content\/uploads\/2014\/03\/aulas-vac%C3%ADas.jpg?resize=350%2C200","width":350,"height":200},"classes":[]},{"id":1578,"url":"http:\/\/www.24baires.com\/?p=1578","url_meta":{"origin":59283,"position":5},"title":"Docentes, estatales, m\u00e9dicos y judiciales de paro","author":"AF","date":"10\/10\/2012","format":false,"excerpt":"Los docentes de la Federaci\u00f3n de Educadores Bonaerenses (FEB), los estatales y auxiliares de educaci\u00f3n de ATE, los m\u00e9dicos de Cicop y los judiciales nucleados en la AJB realizar\u00e1n hoy mi\u00e9rcoles un paro en la provincia en sinton\u00eda con la medida de fuerza nacional dispuesta por la CTA opositora con\u2026","rel":"","context":"En \u00abSociedad\u00bb","block_context":{"text":"Sociedad","link":"http:\/\/www.24baires.com\/?cat=1"},"img":{"alt_text":"","src":"","width":0,"height":0},"classes":[]}],"jetpack_sharing_enabled":true,"jetpack_likes_enabled":true,"jetpack_featured_media_url":"","_links":{"self":[{"href":"http:\/\/www.24baires.com\/index.php?rest_route=\/wp\/v2\/posts\/59283","targetHints":{"allow":["GET"]}}],"collection":[{"href":"http:\/\/www.24baires.com\/index.php?rest_route=\/wp\/v2\/posts"}],"about":[{"href":"http:\/\/www.24baires.com\/index.php?rest_route=\/wp\/v2\/types\/post"}],"author":[{"embeddable":true,"href":"http:\/\/www.24baires.com\/index.php?rest_route=\/wp\/v2\/users\/8"}],"replies":[{"embeddable":true,"href":"http:\/\/www.24baires.com\/index.php?rest_route=%2Fwp%2Fv2%2Fcomments&post=59283"}],"version-history":[{"count":1,"href":"http:\/\/www.24baires.com\/index.php?rest_route=\/wp\/v2\/posts\/59283\/revisions"}],"predecessor-version":[{"id":59284,"href":"http:\/\/www.24baires.com\/index.php?rest_route=\/wp\/v2\/posts\/59283\/revisions\/59284"}],"wp:attachment":[{"href":"http:\/\/www.24baires.com\/index.php?rest_route=%2Fwp%2Fv2%2Fmedia&parent=59283"}],"wp:term":[{"taxonomy":"category","embeddable":true,"href":"http:\/\/www.24baires.com\/index.php?rest_route=%2Fwp%2Fv2%2Fcategories&post=59283"},{"taxonomy":"post_tag","embeddable":true,"href":"http:\/\/www.24baires.com\/index.php?rest_route=%2Fwp%2Fv2%2Ftags&post=59283"}],"curies":[{"name":"wp","href":"https:\/\/api.w.org\/{rel}","templated":true}]}}