{"id":59281,"date":"2014-12-29T14:00:40","date_gmt":"2014-12-29T17:00:40","guid":{"rendered":"http:\/\/www.24baires.com\/?p=59281"},"modified":"2014-12-29T13:43:57","modified_gmt":"2014-12-29T16:43:57","slug":"scioli-y-de-vido-firmaron-la-prorroga-del-congelamiento-de-las-tarifas-electricas","status":"publish","type":"post","link":"http:\/\/www.24baires.com\/?p=59281","title":{"rendered":"Scioli y De Vido firmaron la pr\u00f3rroga del congelamiento de las tarifas el\u00e9ctricas"},"content":{"rendered":"<p><img data-recalc-dims=\"1\" loading=\"lazy\" decoding=\"async\" class=\"aligncenter size-full wp-image-44387\" src=\"https:\/\/i0.wp.com\/www.24baires.com\/wp-content\/uploads\/2014\/04\/sciolu-y-de-vido.jpg?resize=560%2C421\" alt=\"sciolu y de vido\" width=\"560\" height=\"421\" srcset=\"https:\/\/i0.wp.com\/www.24baires.com\/wp-content\/uploads\/2014\/04\/sciolu-y-de-vido.jpg?w=560 560w, https:\/\/i0.wp.com\/www.24baires.com\/wp-content\/uploads\/2014\/04\/sciolu-y-de-vido.jpg?resize=300%2C225 300w\" sizes=\"auto, (max-width: 560px) 100vw, 560px\" \/>El ministro de Planificaci\u00f3n Federal, Inversi\u00f3n P\u00fablica y Servicios, Julio De Vido, y el gobernador de la provincia de Buenos Aires, Daniel Scioli, firmaron este lunes la pr\u00f3rroga por un a\u00f1o del convenio por el cual dicha provincia se compromete a mantener sin modificaciones sus cuadros tarifarios el\u00e9ctricos, mientras que el gobierno nacional financiar\u00e1 obras de distribuci\u00f3n.<!--more--><\/p>\n<p>Se trata de la extensi\u00f3n del convenio del Programa de Convergencia de Tarifas El\u00e9ctricas y Reafirmaci\u00f3n del Federalismo El\u00e9ctrico e Integraci\u00f3n en la Rep\u00fablica Argentina, rubricado el 21 de abril de 2014, que venc\u00eda este 31 de diciembre pr\u00f3ximo.<\/p>\n<p>De esta manera, Buenos Aires se convierte en la sexta provincia que suscribe la pr\u00f3rroga del acuerdo, tras la adhesi\u00f3n de Formosa, Jujuy, Santa Cruz, Tierra del Fuego y Neuqu\u00e9n, realizadas la semana pasada.<\/p>\n<p>En este sentido, el ministerio de Planificaci\u00f3n Federal financiar\u00e1 obras de distribuci\u00f3n el\u00e9ctrica en toda la provincia, las cuales, seg\u00fan informaron desde esa cartera \u00abpermitir\u00e1n dar confiabilidad al sistema y a mejorar la calidad de vida de los usuarios as\u00ed como la competitividad industrial\u00bb.<\/p>\n<p>Por su parte, el mandatario provincial y precandidato a la Presidencia por el Frente para la Victoria expres\u00f3 su respaldo a la pol\u00edtica econ\u00f3mica que est\u00e1 llevando adelante el gobierno nacional y destac\u00f3 que tanto la baja del precio de los combustibles como este acuerdo de congelamiento de tarifas son excelentes noticias para el bolsillo de la gente al tiempo que promueven el consumo popular.<\/p>\n<p>Entre las obras programadas se incluyen nuevas subestaciones y nuevas l\u00edneas el\u00e9ctricas, las que permitir\u00e1n mejorar la distribuci\u00f3n, en particular en el Conurbano, La Plata y la Costa Atl\u00e1ntica, tanto a trav\u00e9s de las distribuidoras provinciales como de las 200 cooperativas el\u00e9ctricas.<\/p>\n<p>Desde Planificaci\u00f3n explicaron que \u00abeste programa se encuadra en los lineamientos del Plan Energ\u00e9tico Nacional y busca implementar la estabilizaci\u00f3n y convergencia de las tarifas el\u00e9ctricas con una visi\u00f3n federal e integradora en todo el territorio nacional, lo que redundar\u00e1 en la mejora de la calidad de vida de los habitantes, el desarrollo de la actividad econ\u00f3mica y la generaci\u00f3n de la infraestructura para mantener el empleo y la industria nacional\u00bb.<\/p>\n<p>De la reuni\u00f3n participaron tambi\u00e9n: el ministro de Jefatura de Gabinete de la Provincia de Buenos Aires, Alberto P\u00e9rez; el secretario de Servicios P\u00fablicos, Franco La Porta, y el subsecretario de Coordinaci\u00f3n y Control del Ministerio de Planificaci\u00f3n Federal, Roberto Baratta.<\/p>\n","protected":false},"excerpt":{"rendered":"<p>El ministro de Planificaci\u00f3n Federal, Inversi\u00f3n P\u00fablica y Servicios, Julio De Vido, y el gobernador de la provincia de Buenos Aires, Daniel Scioli, firmaron este lunes la pr\u00f3rroga por un a\u00f1o del convenio por el cual dicha provincia se compromete a mantener sin modificaciones sus cuadros tarifarios el\u00e9ctricos, mientras que el gobierno nacional financiar\u00e1 obras de distribuci\u00f3n.<\/p>\n","protected":false},"author":8,"featured_media":0,"comment_status":"open","ping_status":"open","sticky":false,"template":"","format":"standard","meta":{"_jetpack_newsletter_access":"","_jetpack_dont_email_post_to_subs":false,"_jetpack_newsletter_tier_id":0,"_jetpack_memberships_contains_paywalled_content":false,"_jetpack_memberships_contains_paid_content":false,"footnotes":""},"categories":[51],"tags":[],"class_list":["post-59281","post","type-post","status-publish","format-standard","hentry","category-politica"],"jetpack_shortlink":"https:\/\/wp.me\/p2JWE0-fq9","jetpack-related-posts":[{"id":44386,"url":"http:\/\/www.24baires.com\/?p=44386","url_meta":{"origin":59281,"position":0},"title":"Scioli y De Vido firmaron un acuerdo para mantener congeladas las tarifas el\u00e9ctricas","author":"GB","date":"21\/04\/2014","format":false,"excerpt":"La provincia de Buenos Aires se sum\u00f3 al Programa de Convergencia de Tarifas El\u00e9ctricas con el objetivo de mantener sin modificaciones los cuadros tarifarios vigentes durante un a\u00f1o. El acuerdo fue firmado por el ministro de Planificaci\u00f3n, Julio de Vido, y el gobernador bonaerense, Daniel Scioli, en la sede de\u2026","rel":"","context":"En \u00abPol\u00edtica\u00bb","block_context":{"text":"Pol\u00edtica","link":"http:\/\/www.24baires.com\/?cat=51"},"img":{"alt_text":"sciolu y de vido","src":"https:\/\/i0.wp.com\/www.24baires.com\/wp-content\/uploads\/2014\/04\/sciolu-y-de-vido-300x225.jpg?resize=350%2C200","width":350,"height":200},"classes":[]},{"id":61863,"url":"http:\/\/www.24baires.com\/?p=61863","url_meta":{"origin":59281,"position":1},"title":"En el 2015 no habr\u00e1 aumentos en la tarifa el\u00e9ctrica en la Provincia","author":"GB","date":"17\/02\/2015","format":false,"excerpt":"El ministro de Planificaci\u00f3n Federal, Julio De Vido, desminti\u00f3 demoras en los fondos del Programa de Convergencia de Tarifas El\u00e9ctricas y destac\u00f3 que \"ya han firmado su adhesi\u00f3n 17 provincias en las que viven el 75 por ciento de los argentinos\" para congelar las tarifas energ\u00e9ticas. Para el funcionario, esto\u2026","rel":"","context":"En \u00abEconom\u00eda\u00bb","block_context":{"text":"Econom\u00eda","link":"http:\/\/www.24baires.com\/?cat=45"},"img":{"alt_text":"de vido2","src":"https:\/\/i0.wp.com\/www.24baires.com\/wp-content\/uploads\/2013\/12\/de-vido2.jpg?resize=350%2C200","width":350,"height":200,"srcset":"https:\/\/i0.wp.com\/www.24baires.com\/wp-content\/uploads\/2013\/12\/de-vido2.jpg?resize=350%2C200 1x, https:\/\/i0.wp.com\/www.24baires.com\/wp-content\/uploads\/2013\/12\/de-vido2.jpg?resize=525%2C300 1.5x"},"classes":[]},{"id":44507,"url":"http:\/\/www.24baires.com\/?p=44507","url_meta":{"origin":59281,"position":2},"title":"Congelar\u00e1n tarifas el\u00e9ctricas bonaerenses por un a\u00f1o","author":"Grupo Sierra","date":"22\/04\/2014","format":false,"excerpt":"El gobernador de la provincia de Buenos Aires, Daniel Scioli, se reuni\u00f3 con el ministro de Planificaci\u00f3n Federal de la naci\u00f3n, Julio De Vido, y firm\u00f3 la adhesi\u00f3n al Programa de Convergencia de Tarifas El\u00e9ctricas y Reafirmaci\u00f3n del Federalismo El\u00e9ctrico e Integraci\u00f3n en la Rep\u00fablica Argentina. El plan de unificaci\u00f3n\u2026","rel":"","context":"En \u00abProvincia\u00bb","block_context":{"text":"Provincia","link":"http:\/\/www.24baires.com\/?cat=40"},"img":{"alt_text":"Postes el\u00e9ctricos","src":"https:\/\/i0.wp.com\/www.24baires.com\/wp-content\/uploads\/2014\/01\/Postes-el%C3%A9ctricos-300x179.jpg?resize=350%2C200","width":350,"height":200},"classes":[]},{"id":116094,"url":"http:\/\/www.24baires.com\/?p=116094","url_meta":{"origin":59281,"position":3},"title":"Oficializan el congelamiento de las tarifas el\u00e9ctricas en toda la Provincia","author":"AF","date":"28\/08\/2020","format":false,"excerpt":"La medida regir\u00e1 para las empresas EDELAP, EDEA, EDEN y EDES por 180 d\u00edas, con inicio desde el 1ro de julio. El Bolet\u00edn Oficial de la Provincia de Buenos Aires confirm\u00f3 el congelamiento de tarifas de energ\u00eda el\u00e9ctrica para todo el territorio bonaerense por 180 d\u00edas, con punto de inicio\u2026","rel":"","context":"En \u00abProvincia\u00bb","block_context":{"text":"Provincia","link":"http:\/\/www.24baires.com\/?cat=40"},"img":{"alt_text":"","src":"https:\/\/i0.wp.com\/www.24baires.com\/wp-content\/uploads\/2014\/12\/robo-transformador-energ%C3%ADa-luz.jpg?resize=350%2C200","width":350,"height":200,"srcset":"https:\/\/i0.wp.com\/www.24baires.com\/wp-content\/uploads\/2014\/12\/robo-transformador-energ%C3%ADa-luz.jpg?resize=350%2C200 1x, https:\/\/i0.wp.com\/www.24baires.com\/wp-content\/uploads\/2014\/12\/robo-transformador-energ%C3%ADa-luz.jpg?resize=525%2C300 1.5x"},"classes":[]},{"id":60386,"url":"http:\/\/www.24baires.com\/?p=60386","url_meta":{"origin":59281,"position":4},"title":"Cooperativas el\u00e9ctricas se re\u00fanen en Azul para reclamar por tarifas congeladas","author":"AF","date":"20\/01\/2015","format":false,"excerpt":"Representantes de las cooperativas el\u00e9ctricas que prestan servicio en el territorio bonaerense se reunir\u00e1n este martes en la localidad de Azul para analizar la situaci\u00f3n del sector luego que la Provincia firmara con Naci\u00f3n un acuerdo para mantener congeladas las tarifas durante 2015. Tras reclamar la necesidad de avanzar en\u2026","rel":"","context":"En \u00abSociedad\u00bb","block_context":{"text":"Sociedad","link":"http:\/\/www.24baires.com\/?cat=1"},"img":{"alt_text":"Postes el\u00e9ctricos","src":"https:\/\/i0.wp.com\/www.24baires.com\/wp-content\/uploads\/2014\/01\/Postes-el%C3%A9ctricos.jpg?resize=350%2C200","width":350,"height":200,"srcset":"https:\/\/i0.wp.com\/www.24baires.com\/wp-content\/uploads\/2014\/01\/Postes-el%C3%A9ctricos.jpg?resize=350%2C200 1x, https:\/\/i0.wp.com\/www.24baires.com\/wp-content\/uploads\/2014\/01\/Postes-el%C3%A9ctricos.jpg?resize=525%2C300 1.5x"},"classes":[]},{"id":113482,"url":"http:\/\/www.24baires.com\/?p=113482","url_meta":{"origin":59281,"position":5},"title":"El gobernador pide facultades para congelar tarifas el\u00e9ctricas y de transporte","author":"GB","date":"18\/12\/2019","format":false,"excerpt":"El gobierno bonaerense pedir\u00e1 a la Legislatura facultades para suspender los aumentos de las tarifas el\u00e9ctricas y de transporte por un plazo de seis meses a partir del pr\u00f3ximo 1\u00ba de enero y para una revisi\u00f3n integral de los contratos de obras y servicios en la Provincia. Las medidas forman\u2026","rel":"","context":"En \u00abProvincia\u00bb","block_context":{"text":"Provincia","link":"http:\/\/www.24baires.com\/?cat=40"},"img":{"alt_text":"","src":"https:\/\/i0.wp.com\/www.24baires.com\/wp-content\/uploads\/2019\/11\/kicillof.jpg?resize=350%2C200","width":350,"height":200,"srcset":"https:\/\/i0.wp.com\/www.24baires.com\/wp-content\/uploads\/2019\/11\/kicillof.jpg?resize=350%2C200 1x, https:\/\/i0.wp.com\/www.24baires.com\/wp-content\/uploads\/2019\/11\/kicillof.jpg?resize=525%2C300 1.5x"},"classes":[]}],"jetpack_sharing_enabled":true,"jetpack_likes_enabled":true,"jetpack_featured_media_url":"","_links":{"self":[{"href":"http:\/\/www.24baires.com\/index.php?rest_route=\/wp\/v2\/posts\/59281","targetHints":{"allow":["GET"]}}],"collection":[{"href":"http:\/\/www.24baires.com\/index.php?rest_route=\/wp\/v2\/posts"}],"about":[{"href":"http:\/\/www.24baires.com\/index.php?rest_route=\/wp\/v2\/types\/post"}],"author":[{"embeddable":true,"href":"http:\/\/www.24baires.com\/index.php?rest_route=\/wp\/v2\/users\/8"}],"replies":[{"embeddable":true,"href":"http:\/\/www.24baires.com\/index.php?rest_route=%2Fwp%2Fv2%2Fcomments&post=59281"}],"version-history":[{"count":1,"href":"http:\/\/www.24baires.com\/index.php?rest_route=\/wp\/v2\/posts\/59281\/revisions"}],"predecessor-version":[{"id":59282,"href":"http:\/\/www.24baires.com\/index.php?rest_route=\/wp\/v2\/posts\/59281\/revisions\/59282"}],"wp:attachment":[{"href":"http:\/\/www.24baires.com\/index.php?rest_route=%2Fwp%2Fv2%2Fmedia&parent=59281"}],"wp:term":[{"taxonomy":"category","embeddable":true,"href":"http:\/\/www.24baires.com\/index.php?rest_route=%2Fwp%2Fv2%2Fcategories&post=59281"},{"taxonomy":"post_tag","embeddable":true,"href":"http:\/\/www.24baires.com\/index.php?rest_route=%2Fwp%2Fv2%2Ftags&post=59281"}],"curies":[{"name":"wp","href":"https:\/\/api.w.org\/{rel}","templated":true}]}}