{"id":59253,"date":"2014-12-28T19:04:44","date_gmt":"2014-12-28T22:04:44","guid":{"rendered":"http:\/\/www.24baires.com\/?p=59253"},"modified":"2014-12-28T19:04:44","modified_gmt":"2014-12-28T22:04:44","slug":"bossio-si-massa-quiere-hacer-mas-casas-que-empiece-por-ceder-mas-terrenos-en-tigre","status":"publish","type":"post","link":"http:\/\/www.24baires.com\/?p=59253","title":{"rendered":"Bossio: \u00abSi Massa quiere hacer m\u00e1s casas, que empiece por ceder m\u00e1s terrenos en Tigre\u00bb"},"content":{"rendered":"<p><img data-recalc-dims=\"1\" loading=\"lazy\" decoding=\"async\" class=\"aligncenter size-full wp-image-49520\" src=\"https:\/\/i0.wp.com\/www.24baires.com\/wp-content\/uploads\/2014\/07\/diego-bossio-anses.jpg?resize=560%2C373\" alt=\"diego-bossio-anses\" width=\"560\" height=\"373\" srcset=\"https:\/\/i0.wp.com\/www.24baires.com\/wp-content\/uploads\/2014\/07\/diego-bossio-anses.jpg?w=560 560w, https:\/\/i0.wp.com\/www.24baires.com\/wp-content\/uploads\/2014\/07\/diego-bossio-anses.jpg?resize=300%2C199 300w\" sizes=\"auto, (max-width: 560px) 100vw, 560px\" \/>El director ejecutivo de Anses, Diego Bossio, respondi\u00f3 a las cr\u00edticas que el precandidato presidencial del Frente Renovador hizo sobre el programa Procrear, que desde su lanzamiento ya avanz\u00f3 sobre 114.445 soluciones de viviendas.<!--more--><\/p>\n<p>\u00abLo que uno espera de un candidato a Presidente es que no sea meramente descriptivo, sino que trabaje en lo que le toca para hacer mejor las cosas\u00bb, subray\u00f3 Bossio.<\/p>\n<p>\u00abEn Tigre ya tenemos un desarrollo urban\u00edstico excelente y si Massa quisiese podr\u00edamos hacer m\u00e1s casas en su propio distrito.<br \/>\nSeria bueno que nos ceda m\u00e1s tierras y empiece a dar el ejemplo\u00bb, expres\u00f3 el director ejecutivo de Procrear, quien asegur\u00f3 que ya est\u00e1n los fondos para construir nuevas viviendas con el programa Procrear y que \u00abs\u00f3lo falta que en Tigre nos cedan terrenos\u00bb.<\/p>\n<p>Asimismo, Bossio afirm\u00f3: \u00abEl programa Procrear esta funcionando muy bien en la Argentina y es un ejemplo de transparencia. Se hace por loter\u00eda nacional para evitar cualquier tipo de clientelismo. Algo que evidentemente a algunos les molesta\u00bb.<\/p>\n<p>Durante una recorrida por la localidad bonaerense de San Nicol\u00e1s, el l\u00edder del Frente Renovador hab\u00eda asegurado: \u00abHoy estamos frente a una loter\u00eda donde Riverito te dice si te toca o no la casa. Una cosa ins\u00f3lita, indigna\u00bb.<\/p>\n<p>En respuesta, Bossio remarc\u00f3: \u00abSabemos que siempre falta pero estamos resolviendo muchas cosas. No puede ser que Massa en su af\u00e1n de competir con (el jefe de Gobierno porte\u00f1o y referente del PRO, Mauricio) Macri para ver quien es m\u00e1s opositor se haya olvidado de que en la pol\u00edtica lo importante es hacer y no hablar\u00bb.<\/p>\n<p>En ese sentido, el titular de Anses anunci\u00f3 que los nuevos sorteos de Procrear se har\u00e1n la primer semana de febrero en Mar del Plata.<\/p>\n<p>&nbsp;<\/p>\n<p>&nbsp;<\/p>\n<p>&nbsp;<\/p>\n<p>&nbsp;<\/p>\n<p>&nbsp;<\/p>\n<p>&nbsp;<\/p>\n<p>&nbsp;<\/p>\n<p>&nbsp;<\/p>\n<p>&nbsp;<\/p>\n","protected":false},"excerpt":{"rendered":"<p>El director ejecutivo de Anses, Diego Bossio, respondi\u00f3 a las cr\u00edticas que el precandidato presidencial del Frente Renovador hizo sobre el programa Procrear, que desde su lanzamiento ya avanz\u00f3 sobre 114.445 soluciones de viviendas.<\/p>\n","protected":false},"author":8,"featured_media":0,"comment_status":"open","ping_status":"open","sticky":false,"template":"","format":"standard","meta":{"_jetpack_newsletter_access":"","_jetpack_dont_email_post_to_subs":false,"_jetpack_newsletter_tier_id":0,"_jetpack_memberships_contains_paywalled_content":false,"_jetpack_memberships_contains_paid_content":false,"footnotes":""},"categories":[51],"tags":[],"class_list":["post-59253","post","type-post","status-publish","format-standard","hentry","category-politica"],"jetpack_shortlink":"https:\/\/wp.me\/p2JWE0-fpH","jetpack-related-posts":[{"id":59057,"url":"http:\/\/www.24baires.com\/?p=59057","url_meta":{"origin":59253,"position":0},"title":"Anses adquiri\u00f3 terrenos en La Plata para construir viviendas del ProCreAr","author":"AF","date":"23\/12\/2014","format":false,"excerpt":"El director ejecutivo de Anses, Diego Bossio, afirm\u00f3 que \u201cel Estado tiene la obligaci\u00f3n de generar condiciones para que las familias accedan al sue\u00f1o del techo propio\u201d, al oficializar por parte del organismo la adquisici\u00f3n de un terreno de 24 hect\u00e1reas en el barrio de San Carlos de La Plata\u2026","rel":"","context":"En \u00abLocales\u00bb","block_context":{"text":"Locales","link":"http:\/\/www.24baires.com\/?cat=38"},"img":{"alt_text":"procrear","src":"https:\/\/i0.wp.com\/www.24baires.com\/wp-content\/uploads\/2013\/10\/procrear.jpg?resize=350%2C200","width":350,"height":200,"srcset":"https:\/\/i0.wp.com\/www.24baires.com\/wp-content\/uploads\/2013\/10\/procrear.jpg?resize=350%2C200 1x, https:\/\/i0.wp.com\/www.24baires.com\/wp-content\/uploads\/2013\/10\/procrear.jpg?resize=525%2C300 1.5x"},"classes":[]},{"id":59205,"url":"http:\/\/www.24baires.com\/?p=59205","url_meta":{"origin":59253,"position":1},"title":"Procrear super\u00f3 los 135 mil cr\u00e9ditos otorgados","author":"GB","date":"27\/12\/2014","format":false,"excerpt":"El plan de viviendas lanzado por el Gobierno en junio del a\u00f1o 2012 lleva otorgados en sus 30 meses de vida cerca de 136 mil cr\u00e9ditos a familias argentinas que pudieron construir su vivienda en lote propio, o bien comprar la tierra para construir, refaccionar o ampliar su casa. El\u2026","rel":"","context":"En \u00abEconom\u00eda\u00bb","block_context":{"text":"Econom\u00eda","link":"http:\/\/www.24baires.com\/?cat=45"},"img":{"alt_text":"procrear","src":"https:\/\/i0.wp.com\/www.24baires.com\/wp-content\/uploads\/2013\/10\/procrear.jpg?resize=350%2C200","width":350,"height":200,"srcset":"https:\/\/i0.wp.com\/www.24baires.com\/wp-content\/uploads\/2013\/10\/procrear.jpg?resize=350%2C200 1x, https:\/\/i0.wp.com\/www.24baires.com\/wp-content\/uploads\/2013\/10\/procrear.jpg?resize=525%2C300 1.5x"},"classes":[]},{"id":60249,"url":"http:\/\/www.24baires.com\/?p=60249","url_meta":{"origin":59253,"position":2},"title":"Bossio entreg\u00f3 134 lotes a familias de Tandil para el plan Procrear","author":"GB","date":"17\/01\/2015","format":false,"excerpt":"El director ejecutivo de la Anses visit\u00f3 la ciudad de Tandil, donde otorg\u00f3 certificados de adjudicaci\u00f3n de lotes para el programa de viviendas a familias que salieron sorteadas por el plan de cr\u00e9ditos hipotecarios pero que no ten\u00edan terreno para edificar. El acto, que se llev\u00f3 a cabo en la\u2026","rel":"","context":"En \u00abLocales\u00bb","block_context":{"text":"Locales","link":"http:\/\/www.24baires.com\/?cat=38"},"img":{"alt_text":"diego-bossio-anses","src":"https:\/\/i0.wp.com\/www.24baires.com\/wp-content\/uploads\/2014\/07\/diego-bossio-anses.jpg?resize=350%2C200","width":350,"height":200,"srcset":"https:\/\/i0.wp.com\/www.24baires.com\/wp-content\/uploads\/2014\/07\/diego-bossio-anses.jpg?resize=350%2C200 1x, https:\/\/i0.wp.com\/www.24baires.com\/wp-content\/uploads\/2014\/07\/diego-bossio-anses.jpg?resize=525%2C300 1.5x"},"classes":[]},{"id":52568,"url":"http:\/\/www.24baires.com\/?p=52568","url_meta":{"origin":59253,"position":3},"title":"Bossio recibi\u00f3 a Meoni por la falta de terrenos en Jun\u00edn","author":"GB","date":"27\/08\/2014","format":false,"excerpt":"El Director Ejecutivo de la ANSES recibi\u00f3 al Intendente de Jun\u00edn para analizar los avances del plan de viviendas en la ciduad. La reuni\u00f3n tuvo como objetivo dar los primeros pasos en la b\u00fasqueda de acuerdos para la generaci\u00f3n de suelo urbano que permita m\u00e1s cantidad de lotes para el\u2026","rel":"","context":"En \u00abMunicipios\u00bb","block_context":{"text":"Municipios","link":"http:\/\/www.24baires.com\/?cat=44"},"img":{"alt_text":"bossio junin","src":"https:\/\/i0.wp.com\/www.24baires.com\/wp-content\/uploads\/2014\/08\/bossio-junin.jpg?resize=350%2C200","width":350,"height":200},"classes":[]},{"id":44486,"url":"http:\/\/www.24baires.com\/?p=44486","url_meta":{"origin":59253,"position":4},"title":"General Las Heras: Bossio entreg\u00f3 cr\u00e9ditos del Plan Procrear","author":"GB","date":"22\/04\/2014","format":false,"excerpt":"El director ejecutivo de la Administraci\u00f3n Nacional de Seguridad Social (Anses), Diego Bossio, visit\u00f3 el partido bonaerense de General Las Heras, donde inaugur\u00f3 una oficina del organismo previsional y entreg\u00f3 certificados de cr\u00e9dito en el marco del plan Procrear. Bossio fue recibido por el intendente local, Juan Cal\u00f3, e inaugur\u00f3\u2026","rel":"","context":"En \u00abMunicipios\u00bb","block_context":{"text":"Municipios","link":"http:\/\/www.24baires.com\/?cat=44"},"img":{"alt_text":"bossio2","src":"https:\/\/i0.wp.com\/www.24baires.com\/wp-content\/uploads\/2014\/04\/bossio2-300x199.jpg?resize=350%2C200","width":350,"height":200},"classes":[]},{"id":38213,"url":"http:\/\/www.24baires.com\/?p=38213","url_meta":{"origin":59253,"position":5},"title":"El plan Procrear puso en marcha 19.724 viviendas en la Provincia","author":"GB","date":"09\/01\/2014","format":false,"excerpt":"El Programa de Cr\u00e9dito Argentino (Procrear) concret\u00f3 una inversi\u00f3n total en la provincia de Buenos Aires por 4.660,7 millones de pesos, lo que contribuy\u00f3 a una importante generaci\u00f3n de empleo y un fuerte impacto en el sector de la construcci\u00f3n. A un a\u00f1o y medio de su lanzamiento, el Procrear\u2026","rel":"","context":"En \u00abEconom\u00eda\u00bb","block_context":{"text":"Econom\u00eda","link":"http:\/\/www.24baires.com\/?cat=45"},"img":{"alt_text":"","src":"","width":0,"height":0},"classes":[]}],"jetpack_sharing_enabled":true,"jetpack_likes_enabled":true,"jetpack_featured_media_url":"","_links":{"self":[{"href":"http:\/\/www.24baires.com\/index.php?rest_route=\/wp\/v2\/posts\/59253","targetHints":{"allow":["GET"]}}],"collection":[{"href":"http:\/\/www.24baires.com\/index.php?rest_route=\/wp\/v2\/posts"}],"about":[{"href":"http:\/\/www.24baires.com\/index.php?rest_route=\/wp\/v2\/types\/post"}],"author":[{"embeddable":true,"href":"http:\/\/www.24baires.com\/index.php?rest_route=\/wp\/v2\/users\/8"}],"replies":[{"embeddable":true,"href":"http:\/\/www.24baires.com\/index.php?rest_route=%2Fwp%2Fv2%2Fcomments&post=59253"}],"version-history":[{"count":1,"href":"http:\/\/www.24baires.com\/index.php?rest_route=\/wp\/v2\/posts\/59253\/revisions"}],"predecessor-version":[{"id":59254,"href":"http:\/\/www.24baires.com\/index.php?rest_route=\/wp\/v2\/posts\/59253\/revisions\/59254"}],"wp:attachment":[{"href":"http:\/\/www.24baires.com\/index.php?rest_route=%2Fwp%2Fv2%2Fmedia&parent=59253"}],"wp:term":[{"taxonomy":"category","embeddable":true,"href":"http:\/\/www.24baires.com\/index.php?rest_route=%2Fwp%2Fv2%2Fcategories&post=59253"},{"taxonomy":"post_tag","embeddable":true,"href":"http:\/\/www.24baires.com\/index.php?rest_route=%2Fwp%2Fv2%2Ftags&post=59253"}],"curies":[{"name":"wp","href":"https:\/\/api.w.org\/{rel}","templated":true}]}}