{"id":59224,"date":"2014-12-27T21:00:40","date_gmt":"2014-12-28T00:00:40","guid":{"rendered":"http:\/\/www.24baires.com\/?p=59224"},"modified":"2014-12-28T11:46:53","modified_gmt":"2014-12-28T14:46:53","slug":"scioli-pidio-a-comerciantes-ofrecer-precios-razonables-en-la-temporada","status":"publish","type":"post","link":"http:\/\/www.24baires.com\/?p=59224","title":{"rendered":"Scioli pidi\u00f3 a comerciantes \u00abofrecer precios razonables\u00bb en la temporada"},"content":{"rendered":"<p><img data-recalc-dims=\"1\" loading=\"lazy\" decoding=\"async\" class=\"aligncenter size-full wp-image-58231\" src=\"https:\/\/i0.wp.com\/www.24baires.com\/wp-content\/uploads\/2014\/12\/scioli-la-plata.jpg?resize=560%2C313\" alt=\"scioli la plata\" width=\"560\" height=\"313\" srcset=\"https:\/\/i0.wp.com\/www.24baires.com\/wp-content\/uploads\/2014\/12\/scioli-la-plata.jpg?w=560 560w, https:\/\/i0.wp.com\/www.24baires.com\/wp-content\/uploads\/2014\/12\/scioli-la-plata.jpg?resize=300%2C167 300w\" sizes=\"auto, (max-width: 560px) 100vw, 560px\" \/>El gobernador Daniel Scioli convoc\u00f3 este s\u00e1bado a la \u201cresponsabilidad de los comerciantes para ofrecer precios razonables\u201d y asegur\u00f3 que \u201cse vislumbra una temporada excepcional\u201d al realizar hoy un balance parcial en medio de un fin de semana largo, en Mar del Plata y Santa Teresita, donde supervis\u00f3 el Operativo Sol y dio cuenta de las m\u00faltiples opciones recreativas que ofrece la Provincia en los principales puntos de la Costa Atl\u00e1ntica.<!--more--><\/p>\n<p>En conferencia de prensa, Scioli puso \u00e9nfasis en el Operativo Sol montado \u201ccon responsabilidad, compromiso y una inversi\u00f3n sin precedentes, para que pasen las vacaciones que se merecen, y que nadie se las arruine\u201d y record\u00f3 que habr\u00e1 un 50% m\u00e1s de polic\u00edas que en la \u00faltima temporada, 125 radares, 7 helic\u00f3pteros, 300 patrulleros y 13 trailers de salud dispuestos a lo largo de la costa.<\/p>\n<p>Adem\u00e1s, repas\u00f3 las diferentes propuestas gratuitas implementadas por la Provincia para este verano en Mar del Plata, como el centro de entretenimientos y servicios \u201cDiverMar\u201d, las actividades deportivas planteadas en la tradicional Playa Varese, y el Museo MAR, \u201ccon una muestra totalmente renovada\u201d.<\/p>\n<p>Por su parte, el intendente local Gustavo Pulti precis\u00f3 que muchos turistas eligieron Mar del Plata para pasar las fiestas y detall\u00f3 que \u201cunas 171 mil personas llegaron a la ciudad, m\u00e1s que en Semana Santa\u201d y ponder\u00f3 la ley de feriados que benefici\u00f3 a hoteleros, gastron\u00f3micos, entre otros sectores comerciales.<\/p>\n<p>Acompa\u00f1ado tambi\u00e9n por el titular de la Federaci\u00f3n Econ\u00f3mica Bonaerense, Ra\u00fal Lamacchia, el gobernador repas\u00f3 los positivos n\u00fameros comerciales de estos \u00faltimos d\u00edas, y convoc\u00f3 a que \u201cprevalezca la racionalidad de los precios\u201d, al tiempo que reafirm\u00f3 que \u201cnos estamos ocupando de incentivar las demandas, pero es importante que todos colaboremos con esto\u201d.<\/p>\n<p>Previamente, Scioli junto con el intendente del Partido de la Costa, Juan Pablo de Jes\u00fas, supervis\u00f3 las tareas del Operativo Sol en la localidad de Santa Teresita, donde dio cuenta de los controles de alcoholemia y de antecedentes, mediante el sistema AFIS, en el arco de ingreso a la ciudad.<\/p>\n<p>&nbsp;<\/p>\n<p>&nbsp;<\/p>\n<p>&nbsp;<\/p>\n<p>&nbsp;<\/p>\n<p>&nbsp;<\/p>\n<p>&nbsp;<\/p>\n<p>&nbsp;<\/p>\n<p>&nbsp;<\/p>\n<p>&nbsp;<\/p>\n<p>&nbsp;<\/p>\n<p>&nbsp;<\/p>\n<p>&nbsp;<\/p>\n<p>&nbsp;<\/p>\n<p>&nbsp;<\/p>\n<p>&nbsp;<\/p>\n<p>&nbsp;<\/p>\n<p>&nbsp;<\/p>\n<p>&nbsp;<\/p>\n","protected":false},"excerpt":{"rendered":"<p>El gobernador Daniel Scioli convoc\u00f3 este s\u00e1bado a la \u201cresponsabilidad de los comerciantes para ofrecer precios razonables\u201d y asegur\u00f3 que \u201cse vislumbra una temporada excepcional\u201d al realizar hoy un balance parcial en medio de un fin de semana largo, en Mar del Plata y Santa Teresita, donde supervis\u00f3 el Operativo Sol y dio cuenta de las m\u00faltiples opciones recreativas que [&#8230;]<\/p>\n","protected":false},"author":4,"featured_media":0,"comment_status":"open","ping_status":"open","sticky":false,"template":"","format":"standard","meta":{"_jetpack_newsletter_access":"","_jetpack_dont_email_post_to_subs":false,"_jetpack_newsletter_tier_id":0,"_jetpack_memberships_contains_paywalled_content":false,"_jetpack_memberships_contains_paid_content":false,"footnotes":""},"categories":[51],"tags":[],"class_list":["post-59224","post","type-post","status-publish","format-standard","hentry","category-politica"],"jetpack_shortlink":"https:\/\/wp.me\/p2JWE0-fpe","jetpack-related-posts":[{"id":101122,"url":"http:\/\/www.24baires.com\/?p=101122","url_meta":{"origin":59224,"position":0},"title":"Indagar\u00e1n a Scioli por irregularidades en la construcci\u00f3n de las UPA 24","author":"AF","date":"17\/03\/2018","format":false,"excerpt":"El ex gobernador Daniel Scioli y quien fuera su ministro de Salud, Alejandro Collia, fueron imputados y citados a prestar declaraci\u00f3n indagatoria en el marco de una causa que investiga presuntas irregularidades en la adjudicaci\u00f3n de ocho Unidades de Pronta Atenci\u00f3n (UPA 24) para las que se destinaron m\u00e1s de\u2026","rel":"","context":"En \u00abJUDICIALES\u00bb","block_context":{"text":"JUDICIALES","link":"http:\/\/www.24baires.com\/?cat=68"},"img":{"alt_text":"","src":"https:\/\/i0.wp.com\/www.24baires.com\/wp-content\/uploads\/2014\/05\/Daniel-Scioli.jpg?resize=350%2C200","width":350,"height":200,"srcset":"https:\/\/i0.wp.com\/www.24baires.com\/wp-content\/uploads\/2014\/05\/Daniel-Scioli.jpg?resize=350%2C200 1x, https:\/\/i0.wp.com\/www.24baires.com\/wp-content\/uploads\/2014\/05\/Daniel-Scioli.jpg?resize=525%2C300 1.5x"},"classes":[]},{"id":108387,"url":"http:\/\/www.24baires.com\/?p=108387","url_meta":{"origin":59224,"position":1},"title":"Scioli ratific\u00f3 su candidatura presidencial","author":"GB","date":"25\/05\/2019","format":false,"excerpt":"El exgobernador de la Provincia de Buenos Aires particip\u00f3 del Congreso Educativo de Ajedrez que se realiz\u00f3 en la ciudad balnearia y manifest\u00f3 sus deseos de ser el primer mandatario del pa\u00eds despu\u00e9s del 10 de diciembre, sin embargo aclar\u00f3: \u201cVer\u00e9 como peronista en qu\u00e9 lugar puedo hacer mi mayor\u2026","rel":"","context":"En \u00abPol\u00edtica\u00bb","block_context":{"text":"Pol\u00edtica","link":"http:\/\/www.24baires.com\/?cat=51"},"img":{"alt_text":"","src":"https:\/\/i0.wp.com\/www.24baires.com\/wp-content\/uploads\/2019\/05\/scioli-mar-del.jpg?resize=350%2C200","width":350,"height":200,"srcset":"https:\/\/i0.wp.com\/www.24baires.com\/wp-content\/uploads\/2019\/05\/scioli-mar-del.jpg?resize=350%2C200 1x, https:\/\/i0.wp.com\/www.24baires.com\/wp-content\/uploads\/2019\/05\/scioli-mar-del.jpg?resize=525%2C300 1.5x"},"classes":[]},{"id":54179,"url":"http:\/\/www.24baires.com\/?p=54179","url_meta":{"origin":59224,"position":2},"title":"Piden \u00abresponsabilidad con los precios\u00bb en la pr\u00f3xima temporada","author":"AF","date":"24\/09\/2014","format":false,"excerpt":"El secretario de Turismo bonaerense, Ignacio Crotto, reclam\u00f3 este martes \u201cresponsabilidad y colaboraci\u00f3n\u201d con los precios por parte de todos los sectores para \u201ccuidar al turista y tener una buena temporada de verano\u201d, y afirm\u00f3 que en la Costa Atl\u00e1ntica \u201cla oferta es muy amplia y competitiva y ofrece posibilidades\u2026","rel":"","context":"En \u00abEconom\u00eda\u00bb","block_context":{"text":"Econom\u00eda","link":"http:\/\/www.24baires.com\/?cat=45"},"img":{"alt_text":"mar del plata a full","src":"https:\/\/i0.wp.com\/www.24baires.com\/wp-content\/uploads\/2013\/02\/mar-del-plata-a-full.jpg?resize=350%2C200","width":350,"height":200,"srcset":"https:\/\/i0.wp.com\/www.24baires.com\/wp-content\/uploads\/2013\/02\/mar-del-plata-a-full.jpg?resize=350%2C200 1x, https:\/\/i0.wp.com\/www.24baires.com\/wp-content\/uploads\/2013\/02\/mar-del-plata-a-full.jpg?resize=525%2C300 1.5x"},"classes":[]},{"id":120226,"url":"http:\/\/www.24baires.com\/?p=120226","url_meta":{"origin":59224,"position":3},"title":"Cristina recibi\u00f3 a Scioli: \u201cA seguir trabajando, que es lo que hay que hacer\u201d","author":"AF","date":"28\/06\/2023","format":false,"excerpt":"\"Hablamos mucho, con sinceridad y con el respeto de siempre. Me transmiti\u00f3 que su vocaci\u00f3n es ayudar y colaborar como un compa\u00f1ero m\u00e1s\", asegur\u00f3 a trav\u00e9s de las redes sociales la Vicepresidenta sobre el encuentro. La Vicepresidenta Cristina Fern\u00e1ndez de Kirchner public\u00f3 en redes sociales una foto con el embajador\u2026","rel":"","context":"En \u00abPol\u00edtica\u00bb","block_context":{"text":"Pol\u00edtica","link":"http:\/\/www.24baires.com\/?cat=51"},"img":{"alt_text":"","src":"https:\/\/i0.wp.com\/www.24baires.com\/wp-content\/uploads\/2023\/06\/WhatsApp-Image-2023-06-28-at-23.30.42.jpeg?resize=350%2C200","width":350,"height":200,"srcset":"https:\/\/i0.wp.com\/www.24baires.com\/wp-content\/uploads\/2023\/06\/WhatsApp-Image-2023-06-28-at-23.30.42.jpeg?resize=350%2C200 1x, https:\/\/i0.wp.com\/www.24baires.com\/wp-content\/uploads\/2023\/06\/WhatsApp-Image-2023-06-28-at-23.30.42.jpeg?resize=525%2C300 1.5x, https:\/\/i0.wp.com\/www.24baires.com\/wp-content\/uploads\/2023\/06\/WhatsApp-Image-2023-06-28-at-23.30.42.jpeg?resize=700%2C400 2x"},"classes":[]},{"id":120705,"url":"http:\/\/www.24baires.com\/?p=120705","url_meta":{"origin":59224,"position":4},"title":"Milei quiere liberar \u00abtodos los precios de la econom\u00eda\u00bb","author":"AF","date":"29\/11\/2023","format":false,"excerpt":"El presidente electo Javier Milei confirm\u00f3 este mi\u00e9rcoles, en la previa de la Asamblea Legislativa que proclam\u00f3 oficialmente la f\u00f3rmula que integra junto a Victoria Villarruel, que, durante su gesti\u00f3n, la Secretar\u00eda de Comercio Interior no existir\u00e1 \"en el sentido que le han dado hist\u00f3ricamente\" otros gobiernos. El organismo, que\u2026","rel":"","context":"En \u00abSociedad\u00bb","block_context":{"text":"Sociedad","link":"http:\/\/www.24baires.com\/?cat=1"},"img":{"alt_text":"","src":"https:\/\/i0.wp.com\/www.24baires.com\/wp-content\/uploads\/2023\/11\/ministerio-economia.jpeg?resize=350%2C200","width":350,"height":200,"srcset":"https:\/\/i0.wp.com\/www.24baires.com\/wp-content\/uploads\/2023\/11\/ministerio-economia.jpeg?resize=350%2C200 1x, https:\/\/i0.wp.com\/www.24baires.com\/wp-content\/uploads\/2023\/11\/ministerio-economia.jpeg?resize=525%2C300 1.5x, https:\/\/i0.wp.com\/www.24baires.com\/wp-content\/uploads\/2023\/11\/ministerio-economia.jpeg?resize=700%2C400 2x"},"classes":[]},{"id":658,"url":"http:\/\/www.24baires.com\/?p=658","url_meta":{"origin":59224,"position":5},"title":"En Miramar, Scioli supervis\u00f3 la obra de puesta en valor del Muelle de Pescadores","author":"Grupo Sierra","date":"28\/09\/2012","format":false,"excerpt":"El gobernador Daniel Scioli asegur\u00f3 hoy que \u201cdesde todos los niveles de responsabilidad se est\u00e1 trabajando intensamente para lograr un mejor servicio al turista\u201d de cara a la temporada 2012\/2013, al supervisar la obra de reconstrucci\u00f3n y puesta en valor del Muelle de Pescadores de la ciudad de Miramar, partido\u2026","rel":"","context":"En \u00abLocales\u00bb","block_context":{"text":"Locales","link":"http:\/\/www.24baires.com\/?cat=38"},"img":{"alt_text":"","src":"https:\/\/i0.wp.com\/www.24baires.com\/wp-content\/uploads\/2012\/09\/scioli-miramar.jpg?resize=350%2C200","width":350,"height":200,"srcset":"https:\/\/i0.wp.com\/www.24baires.com\/wp-content\/uploads\/2012\/09\/scioli-miramar.jpg?resize=350%2C200 1x, https:\/\/i0.wp.com\/www.24baires.com\/wp-content\/uploads\/2012\/09\/scioli-miramar.jpg?resize=525%2C300 1.5x"},"classes":[]}],"jetpack_sharing_enabled":true,"jetpack_likes_enabled":true,"jetpack_featured_media_url":"","_links":{"self":[{"href":"http:\/\/www.24baires.com\/index.php?rest_route=\/wp\/v2\/posts\/59224","targetHints":{"allow":["GET"]}}],"collection":[{"href":"http:\/\/www.24baires.com\/index.php?rest_route=\/wp\/v2\/posts"}],"about":[{"href":"http:\/\/www.24baires.com\/index.php?rest_route=\/wp\/v2\/types\/post"}],"author":[{"embeddable":true,"href":"http:\/\/www.24baires.com\/index.php?rest_route=\/wp\/v2\/users\/4"}],"replies":[{"embeddable":true,"href":"http:\/\/www.24baires.com\/index.php?rest_route=%2Fwp%2Fv2%2Fcomments&post=59224"}],"version-history":[{"count":1,"href":"http:\/\/www.24baires.com\/index.php?rest_route=\/wp\/v2\/posts\/59224\/revisions"}],"predecessor-version":[{"id":59225,"href":"http:\/\/www.24baires.com\/index.php?rest_route=\/wp\/v2\/posts\/59224\/revisions\/59225"}],"wp:attachment":[{"href":"http:\/\/www.24baires.com\/index.php?rest_route=%2Fwp%2Fv2%2Fmedia&parent=59224"}],"wp:term":[{"taxonomy":"category","embeddable":true,"href":"http:\/\/www.24baires.com\/index.php?rest_route=%2Fwp%2Fv2%2Fcategories&post=59224"},{"taxonomy":"post_tag","embeddable":true,"href":"http:\/\/www.24baires.com\/index.php?rest_route=%2Fwp%2Fv2%2Ftags&post=59224"}],"curies":[{"name":"wp","href":"https:\/\/api.w.org\/{rel}","templated":true}]}}