{"id":59214,"date":"2014-12-27T17:00:46","date_gmt":"2014-12-27T20:00:46","guid":{"rendered":"http:\/\/www.24baires.com\/?p=59214"},"modified":"2014-12-27T16:16:33","modified_gmt":"2014-12-27T19:16:33","slug":"anibal-fernandez-defendio-futbol-para-todos","status":"publish","type":"post","link":"http:\/\/www.24baires.com\/?p=59214","title":{"rendered":"An\u00edbal Fern\u00e1ndez defendi\u00f3 \u00abF\u00fatbol para Todos\u00bb"},"content":{"rendered":"<p><img data-recalc-dims=\"1\" loading=\"lazy\" decoding=\"async\" class=\"aligncenter size-full wp-image-5267\" src=\"https:\/\/i0.wp.com\/www.24baires.com\/wp-content\/uploads\/2012\/11\/fern%C3%A1ndez-an%C3%ADbal2.jpg?resize=560%2C361\" alt=\"fern\u00e1ndez an\u00edbal2\" width=\"560\" height=\"361\" srcset=\"https:\/\/i0.wp.com\/www.24baires.com\/wp-content\/uploads\/2012\/11\/fern%C3%A1ndez-an%C3%ADbal2.jpg?w=560 560w, https:\/\/i0.wp.com\/www.24baires.com\/wp-content\/uploads\/2012\/11\/fern%C3%A1ndez-an%C3%ADbal2.jpg?resize=300%2C193 300w\" sizes=\"auto, (max-width: 560px) 100vw, 560px\" \/>El secretario general de la Presidencia, An\u00edbal Fern\u00e1ndez, afirm\u00f3 este viernes que \u00abhoy quienes hacen campa\u00f1a, y discuten su propuesta electoral, no discuten F\u00fatbol para Todos porque la aceptaci\u00f3n es alt\u00edsima y la gente entiende que es importante que llegue a todo el pueblo argentino\u00bb.<!--more--><\/p>\n<p>\u00abCuando ten\u00edamos que acceder a un servicio caro y pago para poder hablar de algo que le es popular al hombre y mujer com\u00fan de la Argentina nadie lo apreciaba o le llamaba la atenci\u00f3n\u00bb, asegur\u00f3 el funcionario, al tiempo que resalt\u00f3 que \u00ab&#8216;F\u00fatbol para Todos&#8217; es un divertimento que aprovecha el pueblo argentino\u00bb y que quienes le formulan cr\u00edticas incurren en \u00abpapanateadas para quedar lindo y c\u00f3modo\u00bb.<\/p>\n<p>&nbsp;<\/p>\n<p>&nbsp;<\/p>\n<p>&nbsp;<\/p>\n<p>&nbsp;<\/p>\n<p>&nbsp;<\/p>\n<p>&nbsp;<\/p>\n<p>&nbsp;<\/p>\n<p>&nbsp;<\/p>\n<p>&nbsp;<\/p>\n<p>&nbsp;<\/p>\n<p>&nbsp;<\/p>\n<p>&nbsp;<\/p>\n<p>&nbsp;<\/p>\n<p>&nbsp;<\/p>\n<p>&nbsp;<\/p>\n<p>&nbsp;<\/p>\n","protected":false},"excerpt":{"rendered":"<p>El secretario general de la Presidencia, An\u00edbal Fern\u00e1ndez, afirm\u00f3 este viernes que \u00abhoy quienes hacen campa\u00f1a, y discuten su propuesta electoral, no discuten F\u00fatbol para Todos porque la aceptaci\u00f3n es alt\u00edsima y la gente entiende que es importante que llegue a todo el pueblo argentino\u00bb.<\/p>\n","protected":false},"author":4,"featured_media":0,"comment_status":"open","ping_status":"open","sticky":false,"template":"","format":"standard","meta":{"_jetpack_newsletter_access":"","_jetpack_dont_email_post_to_subs":false,"_jetpack_newsletter_tier_id":0,"_jetpack_memberships_contains_paywalled_content":false,"_jetpack_memberships_contains_paid_content":false,"footnotes":""},"categories":[51],"tags":[],"class_list":["post-59214","post","type-post","status-publish","format-standard","hentry","category-politica"],"jetpack_shortlink":"https:\/\/wp.me\/p2JWE0-fp4","jetpack-related-posts":[{"id":103789,"url":"http:\/\/www.24baires.com\/?p=103789","url_meta":{"origin":59214,"position":0},"title":"\u00abEl blindaje al gobierno se termina cuando quer\u00e9s darle de comer a los pibes y no te alcanza\u00bb","author":"AF","date":"09\/08\/2018","format":false,"excerpt":"A contramano del remanido \"lo peor ya pas\u00f3\" del presidente Mauricio Macri, An\u00edbal Fern\u00e1ndez advirti\u00f3 que el estancamiento econ\u00f3mico y la crisis va camino a profundizarse a\u00fan m\u00e1s. El ex jefe de Gabinete de la Naci\u00f3n, An\u00edbal Fern\u00e1ndez carg\u00f3 este jueves con dureza contra el gobierno de Mauricio Macri, al\u2026","rel":"","context":"En \u00abPol\u00edtica\u00bb","block_context":{"text":"Pol\u00edtica","link":"http:\/\/www.24baires.com\/?cat=51"},"img":{"alt_text":"","src":"https:\/\/i0.wp.com\/www.24baires.com\/wp-content\/uploads\/2015\/08\/an%C3%ADbal-cierre.jpg?resize=350%2C200","width":350,"height":200,"srcset":"https:\/\/i0.wp.com\/www.24baires.com\/wp-content\/uploads\/2015\/08\/an%C3%ADbal-cierre.jpg?resize=350%2C200 1x, https:\/\/i0.wp.com\/www.24baires.com\/wp-content\/uploads\/2015\/08\/an%C3%ADbal-cierre.jpg?resize=525%2C300 1.5x"},"classes":[]},{"id":66655,"url":"http:\/\/www.24baires.com\/?p=66655","url_meta":{"origin":59214,"position":1},"title":"\u00abEl Estado podr\u00eda pedir la intervenci\u00f3n de empresa sospechada de coimas\u00bb","author":"AF","date":"28\/05\/2015","format":false,"excerpt":"El jefe de Gabinete, An\u00edbal Fern\u00e1ndez, inst\u00f3 a que \"se investigue todo a fondo y hasta las \u00faltimas consecuencias y se llegue a las conclusiones que correspondan\" en la causa judicial por el esc\u00e1ndalo de coimas en la Federaci\u00f3n Internacional del F\u00fatbol Asociado (FIFA). En torno a la vinculaci\u00f3n con\u2026","rel":"","context":"En \u00abSociedad\u00bb","block_context":{"text":"Sociedad","link":"http:\/\/www.24baires.com\/?cat=1"},"img":{"alt_text":"anibal","src":"https:\/\/i0.wp.com\/www.24baires.com\/wp-content\/uploads\/2015\/01\/anibal.jpg?resize=350%2C200","width":350,"height":200,"srcset":"https:\/\/i0.wp.com\/www.24baires.com\/wp-content\/uploads\/2015\/01\/anibal.jpg?resize=350%2C200 1x, https:\/\/i0.wp.com\/www.24baires.com\/wp-content\/uploads\/2015\/01\/anibal.jpg?resize=525%2C300 1.5x"},"classes":[]},{"id":35351,"url":"http:\/\/www.24baires.com\/?p=35351","url_meta":{"origin":59214,"position":2},"title":"\u00abLa reforma al C\u00f3digo Civil mejorar\u00e1 la relaci\u00f3n del Estado con la sociedad argentina\u00bb","author":"AF","date":"18\/11\/2013","format":false,"excerpt":"As\u00ed lo asegur\u00f3 el senador nacional por el Frente para la Victoria, An\u00edbal Fern\u00e1ndez, quien resalt\u00f3 que \"se aceptaron cerca de 170 modificaciones, 150 consensuadas y 20 aceptadas\". Asimismo se refiri\u00f3 a los medios concentrados que apuntan contra la reforma y subray\u00f3 que \"no vamos para atr\u00e1s, vamos para adelante,\u2026","rel":"","context":"En \u00abPol\u00edtica\u00bb","block_context":{"text":"Pol\u00edtica","link":"http:\/\/www.24baires.com\/?cat=51"},"img":{"alt_text":"fern\u00e1ndez an\u00edbal","src":"https:\/\/i0.wp.com\/www.24baires.com\/wp-content\/uploads\/2012\/12\/fern%C3%A1ndez-an%C3%ADbal.jpg?resize=350%2C200","width":350,"height":200,"srcset":"https:\/\/i0.wp.com\/www.24baires.com\/wp-content\/uploads\/2012\/12\/fern%C3%A1ndez-an%C3%ADbal.jpg?resize=350%2C200 1x, https:\/\/i0.wp.com\/www.24baires.com\/wp-content\/uploads\/2012\/12\/fern%C3%A1ndez-an%C3%ADbal.jpg?resize=525%2C300 1.5x"},"classes":[]},{"id":7041,"url":"http:\/\/www.24baires.com\/?p=7041","url_meta":{"origin":59214,"position":3},"title":"Los 125 a\u00f1os del Club Atl\u00e9tico Quilmes se festejaron a puro f\u00fatbol","author":"Grupo Sierra","date":"27\/11\/2012","format":false,"excerpt":"Quilmes, el club m\u00e1s antiguo del f\u00fatbol argentino, festej\u00f3 sus 125 a\u00f1os de vida con un partido amistoso frente a Santiago Wanderers de Chile, equipo que es dirigido por Ivo Basay. \u00a0 Previo al comienzo del encuentro, arbitrado por Federico Beligoy y en el que actuaron jugadores que habitualmente no\u2026","rel":"","context":"En \u00abDeportes\u00bb","block_context":{"text":"Deportes","link":"http:\/\/www.24baires.com\/?cat=12"},"img":{"alt_text":"","src":"https:\/\/i0.wp.com\/www.24baires.com\/wp-content\/uploads\/2012\/11\/quilmes-125-anios.jpg?resize=350%2C200","width":350,"height":200,"srcset":"https:\/\/i0.wp.com\/www.24baires.com\/wp-content\/uploads\/2012\/11\/quilmes-125-anios.jpg?resize=350%2C200 1x, https:\/\/i0.wp.com\/www.24baires.com\/wp-content\/uploads\/2012\/11\/quilmes-125-anios.jpg?resize=525%2C300 1.5x"},"classes":[]},{"id":50920,"url":"http:\/\/www.24baires.com\/?p=50920","url_meta":{"origin":59214,"position":4},"title":"An\u00edbal Fern\u00e1ndez: \u00abNo voy a ser candidato de AFA\u00bb","author":"Grupo Sierra","date":"31\/07\/2014","format":false,"excerpt":"El presidente de Quilmes y de la Confederaci\u00f3n Argentina de Hockey neg\u00f3 querer reemplazar a Grondona y dijo que \"habr\u00e1 que ver qui\u00e9n tiene la estatura para sucederlo\". \"Grondona fue un dirigente con peso, hay que ver qui\u00e9n tiene la estatura para sucederlo\", remarc\u00f3 Fern\u00e1ndez, quien, a la vez, resalt\u00f3\u2026","rel":"","context":"En \u00abGeneral\u00bb","block_context":{"text":"General","link":"http:\/\/www.24baires.com\/?cat=67"},"img":{"alt_text":"fern\u00e1ndez an\u00edbal","src":"https:\/\/i0.wp.com\/www.24baires.com\/wp-content\/uploads\/2012\/12\/fern%C3%A1ndez-an%C3%ADbal.jpg?resize=350%2C200","width":350,"height":200,"srcset":"https:\/\/i0.wp.com\/www.24baires.com\/wp-content\/uploads\/2012\/12\/fern%C3%A1ndez-an%C3%ADbal.jpg?resize=350%2C200 1x, https:\/\/i0.wp.com\/www.24baires.com\/wp-content\/uploads\/2012\/12\/fern%C3%A1ndez-an%C3%ADbal.jpg?resize=525%2C300 1.5x"},"classes":[]},{"id":57066,"url":"http:\/\/www.24baires.com\/?p=57066","url_meta":{"origin":59214,"position":5},"title":"\u00abVoy a intentar ganarle a Scioli\u00bb, asegur\u00f3 An\u00edbal Fern\u00e1ndez","author":"GB","date":"13\/11\/2014","format":false,"excerpt":"El Senador Nacional por el FpV, An\u00edbal Fern\u00e1ndez, confirm\u00f3 hoy que va a ir a la primaria para ser candidato a presidente. \u201cVoy a intentar ganarle a Scioli. Yo camino de la forma que me gusta a m\u00ed y de la que creo que lo tengo que hacer. Si eso\u2026","rel":"","context":"En \u00abLocales\u00bb","block_context":{"text":"Locales","link":"http:\/\/www.24baires.com\/?cat=38"},"img":{"alt_text":"fern\u00e1ndez an\u00edbal","src":"https:\/\/i0.wp.com\/www.24baires.com\/wp-content\/uploads\/2012\/12\/fern%C3%A1ndez-an%C3%ADbal.jpg?resize=350%2C200","width":350,"height":200,"srcset":"https:\/\/i0.wp.com\/www.24baires.com\/wp-content\/uploads\/2012\/12\/fern%C3%A1ndez-an%C3%ADbal.jpg?resize=350%2C200 1x, https:\/\/i0.wp.com\/www.24baires.com\/wp-content\/uploads\/2012\/12\/fern%C3%A1ndez-an%C3%ADbal.jpg?resize=525%2C300 1.5x"},"classes":[]}],"jetpack_sharing_enabled":true,"jetpack_likes_enabled":true,"jetpack_featured_media_url":"","_links":{"self":[{"href":"http:\/\/www.24baires.com\/index.php?rest_route=\/wp\/v2\/posts\/59214","targetHints":{"allow":["GET"]}}],"collection":[{"href":"http:\/\/www.24baires.com\/index.php?rest_route=\/wp\/v2\/posts"}],"about":[{"href":"http:\/\/www.24baires.com\/index.php?rest_route=\/wp\/v2\/types\/post"}],"author":[{"embeddable":true,"href":"http:\/\/www.24baires.com\/index.php?rest_route=\/wp\/v2\/users\/4"}],"replies":[{"embeddable":true,"href":"http:\/\/www.24baires.com\/index.php?rest_route=%2Fwp%2Fv2%2Fcomments&post=59214"}],"version-history":[{"count":1,"href":"http:\/\/www.24baires.com\/index.php?rest_route=\/wp\/v2\/posts\/59214\/revisions"}],"predecessor-version":[{"id":59215,"href":"http:\/\/www.24baires.com\/index.php?rest_route=\/wp\/v2\/posts\/59214\/revisions\/59215"}],"wp:attachment":[{"href":"http:\/\/www.24baires.com\/index.php?rest_route=%2Fwp%2Fv2%2Fmedia&parent=59214"}],"wp:term":[{"taxonomy":"category","embeddable":true,"href":"http:\/\/www.24baires.com\/index.php?rest_route=%2Fwp%2Fv2%2Fcategories&post=59214"},{"taxonomy":"post_tag","embeddable":true,"href":"http:\/\/www.24baires.com\/index.php?rest_route=%2Fwp%2Fv2%2Ftags&post=59214"}],"curies":[{"name":"wp","href":"https:\/\/api.w.org\/{rel}","templated":true}]}}