{"id":59210,"date":"2014-12-27T15:00:00","date_gmt":"2014-12-27T18:00:00","guid":{"rendered":"http:\/\/www.24baires.com\/?p=59210"},"modified":"2014-12-27T14:54:19","modified_gmt":"2014-12-27T17:54:19","slug":"la-mediacion-judicial-obligatoria-podra-realizarse-en-los-municipios","status":"publish","type":"post","link":"http:\/\/www.24baires.com\/?p=59210","title":{"rendered":"La mediaci\u00f3n judicial obligatoria podr\u00e1 realizarse en los municipios"},"content":{"rendered":"<p>Una resoluci\u00f3n del gobierno que encabeza Daniel Scioli dispuso que haya sedes para llevarla adelante. Ya no ser\u00e1 necesario viajar hasta la cabecera del departamento judicial.<!--more--><\/p>\n<p>El gobierno de Daniel Scioli, mediante una resoluci\u00f3n del Ministerio de Justicia, dispuso acercar el proceso de mediaci\u00f3n judicial previa obligatoria a todos los distritos de la Provincia. Hasta ahora s\u00f3lo pod\u00eda hacerse en las sedes de los departamentos judiciales lo que implicaba en algunos casos realizar largos viajes. Por a\u00f1o se resuelven m\u00e1s de 30.000 causas por esta v\u00eda.<\/p>\n<p>A partir de esta iniciativa, las instancias de mediaci\u00f3n judicial obligatoria en la Provincia podr\u00e1n resolverse en cada distrito bonaerense y no ser\u00e1 necesario viajar a la cabecera del Departamento Judicial para resolver esta instancia.<\/p>\n<p>Esto se da a partir de la resoluci\u00f3n firmada por el ministro de Justicia, Ricardo Casal, que habilita a que los municipios cuenten con la posibilidad de tener sedes para llevar adelante las mediaciones judiciales.<\/p>\n<p>\u00abLa iniciativa se dirige a evitar que las partes est\u00e9n obligadas a largos y, a veces, dificultosos traslados, por lo que a partir de ahora las audiencias podr\u00e1n realizarse en cualquiera de las cabeceras de partido provincial, independientemente de haber iniciado la acci\u00f3n judicial en los Departamentos Judiciales correspondientes\u00bb, explic\u00f3 el ministro Ricardo Casal.<\/p>\n<p>Cada a\u00f1o 50.000 causas se sortean para mediaci\u00f3n en la Provincia, para lo cual se cuenta con 2200 mediadores matriculados en los 21 departamentos judiciales.<\/p>\n<p>Desde su puesta en marcha, hace dos a\u00f1os, se han sorteado m\u00e1s de 100 mil expedientes de Mediaci\u00f3n Previa Obligatoria.<\/p>\n<p>\u00abLa experiencia hasta el momento en las mediaciones realizadas a partir de la implementaci\u00f3n de la ley 13.951 indica que el 65 por ciento de las causas que pasaron por la mediaci\u00f3n no continuaron con la demanda en el juzgado designado\u00bb, indic\u00f3 Casal.<\/p>\n<p>Para que pueda llevarse a cabo la audiencia de mediaci\u00f3n previa obligatoria en una sede local, se requiere que las partes coincidan con su domicilio en la misma ciudad.<\/p>\n<p>A partir de esta decisi\u00f3n, se instrumentar\u00e1n convenios con aquellos municipios que pongan a disposici\u00f3n un \u00e1mbito espec\u00edfico para realizar las audiencias de mediaci\u00f3n judicial previa obligatoria para los vecinos de sus localidades.<\/p>\n<p>\u00abConsideramos que este mecanismo resulta una herramienta valiosa para que las partes resuelvan en esta etapa sus conflictos en el \u00e1mbito de sus domicilios reales\u00bb, agreg\u00f3 el titular de la cartera de Justicia.<\/p>\n<p>&nbsp;<\/p>\n<p>&nbsp;<\/p>\n<p>&nbsp;<\/p>\n<p>&nbsp;<\/p>\n<p>&nbsp;<\/p>\n<p>&nbsp;<\/p>\n<p>&nbsp;<\/p>\n<p>&nbsp;<\/p>\n<p>&nbsp;<\/p>\n<p>&nbsp;<\/p>\n<p>&nbsp;<\/p>\n<p>&nbsp;<\/p>\n<p>&nbsp;<\/p>\n<p>&nbsp;<\/p>\n<p>&nbsp;<\/p>\n","protected":false},"excerpt":{"rendered":"<p>Una resoluci\u00f3n del gobierno que encabeza Daniel Scioli dispuso que haya sedes para llevarla adelante. Ya no ser\u00e1 necesario viajar hasta la cabecera del departamento judicial.<\/p>\n","protected":false},"author":8,"featured_media":0,"comment_status":"open","ping_status":"open","sticky":false,"template":"","format":"standard","meta":{"_jetpack_newsletter_access":"","_jetpack_dont_email_post_to_subs":false,"_jetpack_newsletter_tier_id":0,"_jetpack_memberships_contains_paywalled_content":false,"_jetpack_memberships_contains_paid_content":false,"footnotes":""},"categories":[51],"tags":[],"class_list":["post-59210","post","type-post","status-publish","format-standard","hentry","category-politica"],"jetpack_shortlink":"https:\/\/wp.me\/p2JWE0-fp0","jetpack-related-posts":[{"id":101388,"url":"http:\/\/www.24baires.com\/?p=101388","url_meta":{"origin":59210,"position":0},"title":"Impulsan fuertes cambios en la tramitaci\u00f3n de juicios laborales","author":"GB","date":"03\/04\/2018","format":false,"excerpt":"El gobierno bonaerense impulsar\u00e1 una profunda reforma de la Justicia laboral para acelerar el procedimiento de las m\u00e1s de 60 mil causas que se inician anualmente en ese fuero, con la divisi\u00f3n de los actuales tribunales en juzgados unipersonales y la creaci\u00f3n de instancias regionales de revisi\u00f3n. El proyecto, que\u2026","rel":"","context":"En \u00abProvincia\u00bb","block_context":{"text":"Provincia","link":"http:\/\/www.24baires.com\/?cat=40"},"img":{"alt_text":"","src":"https:\/\/i0.wp.com\/www.24baires.com\/wp-content\/uploads\/2018\/01\/vidal-anuncios.jpg?resize=350%2C200","width":350,"height":200,"srcset":"https:\/\/i0.wp.com\/www.24baires.com\/wp-content\/uploads\/2018\/01\/vidal-anuncios.jpg?resize=350%2C200 1x, https:\/\/i0.wp.com\/www.24baires.com\/wp-content\/uploads\/2018\/01\/vidal-anuncios.jpg?resize=525%2C300 1.5x"},"classes":[]},{"id":112263,"url":"http:\/\/www.24baires.com\/?p=112263","url_meta":{"origin":59210,"position":1},"title":"El Gobierno bonaerense oficializ\u00f3 designaciones de jueces, fiscales y defensores","author":"GB","date":"27\/09\/2019","format":false,"excerpt":"Los cambios se conocieron tras la publicaci\u00f3n de decretos en el Bolet\u00edn Oficial del distrito. La administraci\u00f3n de Mar\u00eda Eugenia Vidal, oficializ\u00f3 hoy las designaciones de jueces, fiscales y defensores de distintos departamentos judiciales bonaerenses tanto del interior como del Conurbano. Por medio de decretos publicados en el Bolet\u00edn Oficial\u2026","rel":"","context":"En \u00abPol\u00edtica\u00bb","block_context":{"text":"Pol\u00edtica","link":"http:\/\/www.24baires.com\/?cat=51"},"img":{"alt_text":"","src":"https:\/\/i0.wp.com\/www.24baires.com\/wp-content\/uploads\/2017\/05\/vidal-1.jpg?resize=350%2C200","width":350,"height":200,"srcset":"https:\/\/i0.wp.com\/www.24baires.com\/wp-content\/uploads\/2017\/05\/vidal-1.jpg?resize=350%2C200 1x, https:\/\/i0.wp.com\/www.24baires.com\/wp-content\/uploads\/2017\/05\/vidal-1.jpg?resize=525%2C300 1.5x"},"classes":[]},{"id":110796,"url":"http:\/\/www.24baires.com\/?p=110796","url_meta":{"origin":59210,"position":2},"title":"Bah\u00eda Blanca: suspenden por 90 d\u00edas a un juez acusado de haber asistido a un prost\u00edbulo","author":"GB","date":"14\/06\/2019","format":false,"excerpt":"La medida la dispuso la Suprema Corte bonaerense. El caso trascendi\u00f3 porque en la Casa de Citas le robaron dinero y tarjetas de cr\u00e9dito y el magistrado radic\u00f3 la denuncia. Se trata de Onildo Osvaldo Sthempelet, titular del juzgado de Ejecuci\u00f3n Penal 2 del Departamento Judicial de Bah\u00eda Blanca La\u2026","rel":"","context":"En \u00abMunicipios\u00bb","block_context":{"text":"Municipios","link":"http:\/\/www.24baires.com\/?cat=44"},"img":{"alt_text":"","src":"https:\/\/i0.wp.com\/www.24baires.com\/wp-content\/uploads\/2019\/06\/juez.jpg?resize=350%2C200","width":350,"height":200,"srcset":"https:\/\/i0.wp.com\/www.24baires.com\/wp-content\/uploads\/2019\/06\/juez.jpg?resize=350%2C200 1x, https:\/\/i0.wp.com\/www.24baires.com\/wp-content\/uploads\/2019\/06\/juez.jpg?resize=525%2C300 1.5x"},"classes":[]},{"id":114955,"url":"http:\/\/www.24baires.com\/?p=114955","url_meta":{"origin":59210,"position":3},"title":"Intendentes y fiscales buscan monitorear prisiones domiciliarias","author":"AF","date":"07\/05\/2020","format":false,"excerpt":"Con el objetivo puesto en \"llevarle tranquilidad a los vecinos\", mantuvieron un encuentro con funcionarios del Departamento Judicial de Mor\u00f3n. Intendentes del conurbano mantuvieron un encuentro con funcionarios del Departamento Judicial de Mor\u00f3n para conocer el estado de situaci\u00f3n respecto a las disposiciones excepcionales de prisiones domiciliarias por parte de\u2026","rel":"","context":"En \u00abProvincia\u00bb","block_context":{"text":"Provincia","link":"http:\/\/www.24baires.com\/?cat=40"},"img":{"alt_text":"","src":"https:\/\/i0.wp.com\/www.24baires.com\/wp-content\/uploads\/2020\/05\/630be49ae31a5e5086ecfd6e74dee07b.jpeg?resize=350%2C200","width":350,"height":200,"srcset":"https:\/\/i0.wp.com\/www.24baires.com\/wp-content\/uploads\/2020\/05\/630be49ae31a5e5086ecfd6e74dee07b.jpeg?resize=350%2C200 1x, https:\/\/i0.wp.com\/www.24baires.com\/wp-content\/uploads\/2020\/05\/630be49ae31a5e5086ecfd6e74dee07b.jpeg?resize=525%2C300 1.5x"},"classes":[]},{"id":103742,"url":"http:\/\/www.24baires.com\/?p=103742","url_meta":{"origin":59210,"position":4},"title":"Intiman a Barrionuevo para que entregue las llaves del PJ","author":"GB","date":"08\/08\/2018","format":false,"excerpt":"Una orden judicial exige que el exinterventor devuelva las llaves de la sede capital del partido hist\u00f3rico y que se cumpla con la resoluci\u00f3n de la C\u00e1mara Nacional Electoral que dictamin\u00f3 que la conducci\u00f3n regrese a sus apoderados originales. Gioja avis\u00f3 que en caso de no cumplir acudir\u00e1n con un\u2026","rel":"","context":"En \u00abPol\u00edtica\u00bb","block_context":{"text":"Pol\u00edtica","link":"http:\/\/www.24baires.com\/?cat=51"},"img":{"alt_text":"","src":"https:\/\/i0.wp.com\/www.24baires.com\/wp-content\/uploads\/2013\/12\/pj-bonaerense-300x180.jpg?resize=350%2C200","width":350,"height":200},"classes":[]},{"id":42462,"url":"http:\/\/www.24baires.com\/?p=42462","url_meta":{"origin":59210,"position":5},"title":"Los docentes y el gobierno vuelven a la discusi\u00f3n","author":"Grupo Sierra","date":"20\/03\/2014","format":false,"excerpt":"Los docentes bonaerenses, que cumplen su duod\u00e9cimo d\u00eda de paro, y representantes del gobierno provincial asistir\u00e1n esta ma\u00f1ana a la reuni\u00f3n convocada por el defensor del Pueblo, Carlos Bonicatto, en una nueva instancia para superar la medida de fuerza e iniciar el ciclo lectivo 2014. Los integrantes del Frente Gremial\u2026","rel":"","context":"En \u00abPol\u00edtica\u00bb","block_context":{"text":"Pol\u00edtica","link":"http:\/\/www.24baires.com\/?cat=51"},"img":{"alt_text":"scioli_docentes_270313_2_ef_70368","src":"https:\/\/i0.wp.com\/www.24baires.com\/wp-content\/uploads\/2013\/03\/scioli_docentes_270313_2_ef_70368.jpg?resize=350%2C200","width":350,"height":200,"srcset":"https:\/\/i0.wp.com\/www.24baires.com\/wp-content\/uploads\/2013\/03\/scioli_docentes_270313_2_ef_70368.jpg?resize=350%2C200 1x, https:\/\/i0.wp.com\/www.24baires.com\/wp-content\/uploads\/2013\/03\/scioli_docentes_270313_2_ef_70368.jpg?resize=525%2C300 1.5x"},"classes":[]}],"jetpack_sharing_enabled":true,"jetpack_likes_enabled":true,"jetpack_featured_media_url":"","_links":{"self":[{"href":"http:\/\/www.24baires.com\/index.php?rest_route=\/wp\/v2\/posts\/59210","targetHints":{"allow":["GET"]}}],"collection":[{"href":"http:\/\/www.24baires.com\/index.php?rest_route=\/wp\/v2\/posts"}],"about":[{"href":"http:\/\/www.24baires.com\/index.php?rest_route=\/wp\/v2\/types\/post"}],"author":[{"embeddable":true,"href":"http:\/\/www.24baires.com\/index.php?rest_route=\/wp\/v2\/users\/8"}],"replies":[{"embeddable":true,"href":"http:\/\/www.24baires.com\/index.php?rest_route=%2Fwp%2Fv2%2Fcomments&post=59210"}],"version-history":[{"count":1,"href":"http:\/\/www.24baires.com\/index.php?rest_route=\/wp\/v2\/posts\/59210\/revisions"}],"predecessor-version":[{"id":59211,"href":"http:\/\/www.24baires.com\/index.php?rest_route=\/wp\/v2\/posts\/59210\/revisions\/59211"}],"wp:attachment":[{"href":"http:\/\/www.24baires.com\/index.php?rest_route=%2Fwp%2Fv2%2Fmedia&parent=59210"}],"wp:term":[{"taxonomy":"category","embeddable":true,"href":"http:\/\/www.24baires.com\/index.php?rest_route=%2Fwp%2Fv2%2Fcategories&post=59210"},{"taxonomy":"post_tag","embeddable":true,"href":"http:\/\/www.24baires.com\/index.php?rest_route=%2Fwp%2Fv2%2Ftags&post=59210"}],"curies":[{"name":"wp","href":"https:\/\/api.w.org\/{rel}","templated":true}]}}