{"id":59201,"date":"2014-12-27T12:00:36","date_gmt":"2014-12-27T15:00:36","guid":{"rendered":"http:\/\/www.24baires.com\/?p=59201"},"modified":"2014-12-27T11:33:16","modified_gmt":"2014-12-27T14:33:16","slug":"la-mejor-politica-vial-es-tener-las-rutas-en-mejores-condiciones-dijo-scioli","status":"publish","type":"post","link":"http:\/\/www.24baires.com\/?p=59201","title":{"rendered":"\u00abLa mejor pol\u00edtica vial es tener las rutas en mejores condiciones\u00bb, dijo Scioli"},"content":{"rendered":"<p><img data-recalc-dims=\"1\" loading=\"lazy\" decoding=\"async\" class=\"aligncenter size-full wp-image-46433\" src=\"https:\/\/i0.wp.com\/www.24baires.com\/wp-content\/uploads\/2014\/05\/scioli-sorteo.jpg?resize=560%2C314\" alt=\"scioli sorteo\" width=\"560\" height=\"314\" srcset=\"https:\/\/i0.wp.com\/www.24baires.com\/wp-content\/uploads\/2014\/05\/scioli-sorteo.jpg?w=560 560w, https:\/\/i0.wp.com\/www.24baires.com\/wp-content\/uploads\/2014\/05\/scioli-sorteo.jpg?resize=300%2C168 300w\" sizes=\"auto, (max-width: 560px) 100vw, 560px\" \/>El gobernador de la provincia de Buenos Aires supervisa los controles que se realizan en el marco del Operativo Sol.<!--more--><\/p>\n<p>Scioli valor\u00f3 que la Autopista 2 es de \u00abvanguardia\u00bb. Ayer, Provincia impuls\u00f3 \u00abManej\u00e1 lo que tom\u00e1s\u00bb.<\/p>\n<p>El gobernador de la provincia de Buenos Aires, Daniel Scioli, indic\u00f3 hoy que \u201cla mejor pol\u00edtica de seguridad vial es tener las rutas en mejores condiciones\u201d al visitar el peaje Hudson de la autopista Buenos Aires-La Plata para supervisar los controles que se realizan en el marco del Operativo Sol.<\/p>\n<p>El mandatario bonaerense destac\u00f3 el equipamiento de seguridad con el que cuenta la autov\u00eda, junto a la ruta 2 la m\u00e1s transitada en \u00e9poca de vacaciones, que incluye 63 c\u00e1maras fijas en HD, 97 domos que reciben im\u00e1genes a 360\u00b0 y un nuevo centro de monitoreo que opera las 24 horas.<\/p>\n<p>\u201dLa mejor pol\u00edtica de seguridad vial es tener las rutas en mejores condiciones, y esta es una autopista de vanguardia\u201d, se\u00f1al\u00f3 Scioli, que adem\u00e1s resalt\u00f3 el nuevo sistema de guardrail \u201cque es de los m\u00e1s modernos del mundo\u201d al reducir el impacto en el caso de un siniestro vial.<\/p>\n<p>Tambi\u00e9n subray\u00f3 que m\u00e1s de 12 mil polic\u00edas custodiar\u00e1n a los veraneantes en la Costa Atl\u00e1ntica y otros destinos de la provincia, que incluye m\u00e1s de 5.000 efectivos reci\u00e9n egresados de la Escuela Juan Vucetich.<\/p>\n<p>\u201cLas familias hacen un sacrificio todo el a\u00f1o para planificar las vacaciones y queremos que la pasen bien\u201d, recalc\u00f3 Scioli.<\/p>\n<p>\u201cPrevemos una gran temporada y estos feriados por las fiestas ya vislumbran un gran movimiento tur\u00edstico durante todo el verano\u201d, concluy\u00f3.<\/p>\n<p>&nbsp;<\/p>\n<p>&nbsp;<\/p>\n<p>&nbsp;<\/p>\n<p>&nbsp;<\/p>\n<p>&nbsp;<\/p>\n<p>&nbsp;<\/p>\n<p>&nbsp;<\/p>\n<p>&nbsp;<\/p>\n<p>&nbsp;<\/p>\n<p>&nbsp;<\/p>\n<p>&nbsp;<\/p>\n<p>&nbsp;<\/p>\n<p>&nbsp;<\/p>\n<p>&nbsp;<\/p>\n","protected":false},"excerpt":{"rendered":"<p>El gobernador de la provincia de Buenos Aires supervisa los controles que se realizan en el marco del Operativo Sol.<\/p>\n","protected":false},"author":8,"featured_media":0,"comment_status":"open","ping_status":"open","sticky":false,"template":"","format":"standard","meta":{"_jetpack_newsletter_access":"","_jetpack_dont_email_post_to_subs":false,"_jetpack_newsletter_tier_id":0,"_jetpack_memberships_contains_paywalled_content":false,"_jetpack_memberships_contains_paid_content":false,"footnotes":""},"categories":[51],"tags":[],"class_list":["post-59201","post","type-post","status-publish","format-standard","hentry","category-politica"],"jetpack_shortlink":"https:\/\/wp.me\/p2JWE0-foR","jetpack-related-posts":[{"id":59176,"url":"http:\/\/www.24baires.com\/?p=59176","url_meta":{"origin":59201,"position":0},"title":"Scioli supervisar\u00e1 el Operativo Sol en el peaje de Hudson","author":"AF","date":"26\/12\/2014","format":false,"excerpt":"El gobernador Daniel Scioli supervisar\u00e1 este s\u00e1bado a partir de las 10, en Hudson, los controles viales que, en el marco del Operativo Sol, el Gobierno provincial realiza en diferentes puntos de las rutas que conducen a los destinos tur\u00edsticos de la Costa Atl\u00e1ntica. Seg\u00fan se inform\u00f3 oficialmente, en la\u2026","rel":"","context":"En \u00abLocales\u00bb","block_context":{"text":"Locales","link":"http:\/\/www.24baires.com\/?cat=38"},"img":{"alt_text":"scioli5","src":"https:\/\/i0.wp.com\/www.24baires.com\/wp-content\/uploads\/2014\/08\/scioli5.jpg?resize=350%2C200","width":350,"height":200,"srcset":"https:\/\/i0.wp.com\/www.24baires.com\/wp-content\/uploads\/2014\/08\/scioli5.jpg?resize=350%2C200 1x, https:\/\/i0.wp.com\/www.24baires.com\/wp-content\/uploads\/2014\/08\/scioli5.jpg?resize=525%2C300 1.5x"},"classes":[]},{"id":37755,"url":"http:\/\/www.24baires.com\/?p=37755","url_meta":{"origin":59201,"position":1},"title":"1 de enero: Scioli supervisar\u00e1 el Operativo Sol","author":"GB","date":"31\/12\/2013","format":false,"excerpt":"El gobernador Daniel Scioli supervisar\u00e1 ma\u00f1ana, desde las 12, la marcha del Operativo Sol 2013-2014. Lo har\u00e1 en el puesto caminero vial ubicado sobre Ruta 2, en el ingreso a la ciudad de Mar del Plata. Scioli traz\u00f3 como \u201cfundamental\u201d las acciones de prevenci\u00f3n dispuestas desde las diferentes \u00e1reas del\u2026","rel":"","context":"En \u00abProvincia\u00bb","block_context":{"text":"Provincia","link":"http:\/\/www.24baires.com\/?cat=40"},"img":{"alt_text":"Scioli operativo sol1","src":"https:\/\/i0.wp.com\/www.24baires.com\/wp-content\/uploads\/2013\/12\/Scioli-operativo-sol1.jpg?resize=350%2C200","width":350,"height":200,"srcset":"https:\/\/i0.wp.com\/www.24baires.com\/wp-content\/uploads\/2013\/12\/Scioli-operativo-sol1.jpg?resize=350%2C200 1x, https:\/\/i0.wp.com\/www.24baires.com\/wp-content\/uploads\/2013\/12\/Scioli-operativo-sol1.jpg?resize=525%2C300 1.5x"},"classes":[]},{"id":35704,"url":"http:\/\/www.24baires.com\/?p=35704","url_meta":{"origin":59201,"position":2},"title":"Labraron m\u00e1s de 1.200 infracciones sobre rutas a la Costa","author":"AF","date":"25\/11\/2013","format":false,"excerpt":"M\u00e1s de 4 mil veh\u00edculos controlados y 118 licencias de conducir retenidas por falta de VTV son el resultado del operativo vial coordinado por la Jefatura de Gabinete bonaerense en el inicio del \u00faltimo fin de semana largo del a\u00f1o. \u201cDe cada 5 turistas que recorren el pa\u00eds este fin\u2026","rel":"","context":"En \u00abProvincia\u00bb","block_context":{"text":"Provincia","link":"http:\/\/www.24baires.com\/?cat=40"},"img":{"alt_text":"vialidad","src":"https:\/\/i0.wp.com\/www.24baires.com\/wp-content\/uploads\/2013\/11\/vialidad.png?resize=350%2C200","width":350,"height":200},"classes":[]},{"id":100804,"url":"http:\/\/www.24baires.com\/?p=100804","url_meta":{"origin":59201,"position":3},"title":"Vidal abre las sesiones ordinarias con el conflicto docente en puerta","author":"GB","date":"01\/03\/2018","format":false,"excerpt":"Una vez m\u00e1s, la mandataria vuelve al Congreso en una disputa con los gremios docentes. En su discurso del a\u00f1o pasado puso como eje central a la educaci\u00f3n La gobernadora de la provincia de Buenos Aires, Mar\u00eda Eugenia Vidal, abrir\u00e1 las sesiones legislativas ordinarias de este a\u00f1o y brindar\u00e1 el\u2026","rel":"","context":"En \u00abProvincia\u00bb","block_context":{"text":"Provincia","link":"http:\/\/www.24baires.com\/?cat=40"},"img":{"alt_text":"","src":"https:\/\/i0.wp.com\/www.24baires.com\/wp-content\/uploads\/2018\/01\/vidal-anuncios.jpg?resize=350%2C200","width":350,"height":200,"srcset":"https:\/\/i0.wp.com\/www.24baires.com\/wp-content\/uploads\/2018\/01\/vidal-anuncios.jpg?resize=350%2C200 1x, https:\/\/i0.wp.com\/www.24baires.com\/wp-content\/uploads\/2018\/01\/vidal-anuncios.jpg?resize=525%2C300 1.5x"},"classes":[]},{"id":1631,"url":"http:\/\/www.24baires.com\/?p=1631","url_meta":{"origin":59201,"position":4},"title":"Traspaso a Provincia de Autopista Buenos Aires-La Plata tras incumplimiento de concesionaria","author":"AF","date":"10\/10\/2012","format":false,"excerpt":"El convenio se suscribi\u00f3 en la sede del Palacio de Hacienda de la Naci\u00f3n. \"El traspaso nos permitir\u00e1 seguir redise\u00f1ando la red vial de Buenos Aires con obras como la ruta 6 y la autopista Presidente Per\u00f3n\u201d, dijo el gobernador Daniel Scioli. Construir\u00e1n nuevos carriles en el tramo de Quilmes\u2026","rel":"","context":"En \u00abProvincia\u00bb","block_context":{"text":"Provincia","link":"http:\/\/www.24baires.com\/?cat=40"},"img":{"alt_text":"","src":"","width":0,"height":0},"classes":[]},{"id":5238,"url":"http:\/\/www.24baires.com\/?p=5238","url_meta":{"origin":59201,"position":5},"title":"La Provincia realiza fuerte operativo de control de peso y dimensiones en rutas","author":"AF","date":"13\/11\/2012","format":false,"excerpt":"El ministro de Infraestructura, Alejandro Arl\u00eda supervis\u00f3 los controles de pesos y dimensiones del transporte automotor de cargas, que se est\u00e1n realizando en diferentes puntos estrat\u00e9gicos de la provincia de Buenos Aires, acompa\u00f1ado por la subsecretaria de Obras P\u00fablicas, Patricia Tombesi, y por el administrador general de Vialidad, Ricardo Curetti.\u2026","rel":"","context":"En \u00abProvincia\u00bb","block_context":{"text":"Provincia","link":"http:\/\/www.24baires.com\/?cat=40"},"img":{"alt_text":"","src":"https:\/\/i0.wp.com\/www.24baires.com\/wp-content\/uploads\/2012\/11\/201211121752400.DSC_6042-300x199.jpg?resize=350%2C200","width":350,"height":200},"classes":[]}],"jetpack_sharing_enabled":true,"jetpack_likes_enabled":true,"jetpack_featured_media_url":"","_links":{"self":[{"href":"http:\/\/www.24baires.com\/index.php?rest_route=\/wp\/v2\/posts\/59201","targetHints":{"allow":["GET"]}}],"collection":[{"href":"http:\/\/www.24baires.com\/index.php?rest_route=\/wp\/v2\/posts"}],"about":[{"href":"http:\/\/www.24baires.com\/index.php?rest_route=\/wp\/v2\/types\/post"}],"author":[{"embeddable":true,"href":"http:\/\/www.24baires.com\/index.php?rest_route=\/wp\/v2\/users\/8"}],"replies":[{"embeddable":true,"href":"http:\/\/www.24baires.com\/index.php?rest_route=%2Fwp%2Fv2%2Fcomments&post=59201"}],"version-history":[{"count":1,"href":"http:\/\/www.24baires.com\/index.php?rest_route=\/wp\/v2\/posts\/59201\/revisions"}],"predecessor-version":[{"id":59202,"href":"http:\/\/www.24baires.com\/index.php?rest_route=\/wp\/v2\/posts\/59201\/revisions\/59202"}],"wp:attachment":[{"href":"http:\/\/www.24baires.com\/index.php?rest_route=%2Fwp%2Fv2%2Fmedia&parent=59201"}],"wp:term":[{"taxonomy":"category","embeddable":true,"href":"http:\/\/www.24baires.com\/index.php?rest_route=%2Fwp%2Fv2%2Fcategories&post=59201"},{"taxonomy":"post_tag","embeddable":true,"href":"http:\/\/www.24baires.com\/index.php?rest_route=%2Fwp%2Fv2%2Ftags&post=59201"}],"curies":[{"name":"wp","href":"https:\/\/api.w.org\/{rel}","templated":true}]}}