{"id":59192,"date":"2014-12-27T10:07:27","date_gmt":"2014-12-27T13:07:27","guid":{"rendered":"http:\/\/www.24baires.com\/?p=59192"},"modified":"2014-12-28T10:08:47","modified_gmt":"2014-12-28T13:08:47","slug":"cristina-sufrio-una-fractura-en-su-tobillo-izquierdo-y-regreso-a-buenos-aires","status":"publish","type":"post","link":"http:\/\/www.24baires.com\/?p=59192","title":{"rendered":"Cristina sufri\u00f3 una fractura en su tobillo izquierdo y regres\u00f3 a Buenos Aires"},"content":{"rendered":"<p><img data-recalc-dims=\"1\" loading=\"lazy\" decoding=\"async\" class=\"aligncenter size-full wp-image-51375\" src=\"https:\/\/i0.wp.com\/www.24baires.com\/wp-content\/uploads\/2014\/08\/cristina3.jpg?resize=560%2C373\" alt=\"cristina3\" width=\"560\" height=\"373\" srcset=\"https:\/\/i0.wp.com\/www.24baires.com\/wp-content\/uploads\/2014\/08\/cristina3.jpg?w=560 560w, https:\/\/i0.wp.com\/www.24baires.com\/wp-content\/uploads\/2014\/08\/cristina3.jpg?resize=300%2C199 300w\" sizes=\"auto, (max-width: 560px) 100vw, 560px\" \/>La presidenta Cristina Fern\u00e1ndez de Kirchner regres\u00f3 esta noche a Buenos Aires desde R\u00edo Gallegos, tras sufrir \u00abuna fractura bimaleolar sin desplazamiento\u00bb en su tobillo izquierdo, seg\u00fan se inform\u00f3 oficialmente.<!--more--><\/p>\n<p>A trav\u00e9s de un comunicado de la Unidad M\u00e9dica presidencial, se inform\u00f3 que la jefa de Estado \u00absufri\u00f3 una contusi\u00f3n del tobillo izquierdo, lo cual le produjo una fractura bimaleolar sin despalazamiento\u00bb.<\/p>\n<p>A ra\u00edz de esto, explica el texto firmado por los doctores Marcelo Ballesteros y Daniel Fern\u00e1ndez, \u00abse indic\u00f3 inmovilizaci\u00f3n, tratamiento sintom\u00e1tico y control evolutivo\u00bb.<\/p>\n<p>La Presidenta arrib\u00f3 cerca de las 23 al Aeroparque metropolitano en el avi\u00f3n Tango 01 procedente de Santa Cruz, y seg\u00fan se inform\u00f3 guardar\u00e1 reposo en la residencia de Olivos.<\/p>\n<p>&nbsp;<\/p>\n<p>&nbsp;<\/p>\n<p>&nbsp;<\/p>\n<p>&nbsp;<\/p>\n<p>&nbsp;<\/p>\n<p>&nbsp;<\/p>\n<p>&nbsp;<\/p>\n<p>&nbsp;<\/p>\n<p>&nbsp;<\/p>\n<p>&nbsp;<\/p>\n<p>&nbsp;<\/p>\n<p>&nbsp;<\/p>\n<p>&nbsp;<\/p>\n","protected":false},"excerpt":{"rendered":"<p>La presidenta Cristina Fern\u00e1ndez de Kirchner regres\u00f3 esta noche a Buenos Aires desde R\u00edo Gallegos, tras sufrir \u00abuna fractura bimaleolar sin desplazamiento\u00bb en su tobillo izquierdo, seg\u00fan se inform\u00f3 oficialmente.<\/p>\n","protected":false},"author":8,"featured_media":0,"comment_status":"open","ping_status":"open","sticky":false,"template":"","format":"standard","meta":{"_jetpack_newsletter_access":"","_jetpack_dont_email_post_to_subs":false,"_jetpack_newsletter_tier_id":0,"_jetpack_memberships_contains_paywalled_content":false,"_jetpack_memberships_contains_paid_content":false,"footnotes":""},"categories":[51],"tags":[],"class_list":["post-59192","post","type-post","status-publish","format-standard","hentry","category-politica"],"jetpack_shortlink":"https:\/\/wp.me\/p2JWE0-foI","jetpack-related-posts":[{"id":59259,"url":"http:\/\/www.24baires.com\/?p=59259","url_meta":{"origin":59192,"position":0},"title":"An\u00edbal Fern\u00e1ndez dijo que Cristina \u00abest\u00e1 de muy buen \u00e1nimo\u00bb","author":"AF","date":"29\/12\/2014","format":false,"excerpt":"El secretario General de la Presidencia, An\u00edbal Fern\u00e1ndez, inform\u00f3 que la presidenta Cristina Fern\u00e1ndez de Kirchner se encuentra \"de muy buen \u00e1nimo\" tras sufrir una fractura en su tobillo izquierdo, y asegur\u00f3 que la jefa de Estado seguir\u00e1 trabajando \"con sus colaboradores y miembros del gabinete\". Lo expres\u00f3 en un\u2026","rel":"","context":"En \u00abSociedad\u00bb","block_context":{"text":"Sociedad","link":"http:\/\/www.24baires.com\/?cat=1"},"img":{"alt_text":"cristina","src":"https:\/\/i0.wp.com\/www.24baires.com\/wp-content\/uploads\/2014\/12\/cristina3.jpg?resize=350%2C200","width":350,"height":200,"srcset":"https:\/\/i0.wp.com\/www.24baires.com\/wp-content\/uploads\/2014\/12\/cristina3.jpg?resize=350%2C200 1x, https:\/\/i0.wp.com\/www.24baires.com\/wp-content\/uploads\/2014\/12\/cristina3.jpg?resize=525%2C300 1.5x"},"classes":[]},{"id":59285,"url":"http:\/\/www.24baires.com\/?p=59285","url_meta":{"origin":59192,"position":1},"title":"Cristina recibe a funcionarios en Olivos","author":"GB","date":"29\/12\/2014","format":false,"excerpt":"La presidenta Cristina Fern\u00e1ndez de Kirchner desarrolla hoy su actividad oficial en su gabinete de trabajo de la residencia de Olivos, informaron fuentes oficiales. La jefa de Estado, quien sufri\u00f3 una fractura del tobillo izquierdo, recibir\u00e1 esta tarde al jefe de Gabinete, Jorge Capitanich. Poco despu\u00e9s, en forma separada, ingresar\u00e1n\u2026","rel":"","context":"En \u00abPol\u00edtica\u00bb","block_context":{"text":"Pol\u00edtica","link":"http:\/\/www.24baires.com\/?cat=51"},"img":{"alt_text":"cristina","src":"https:\/\/i0.wp.com\/www.24baires.com\/wp-content\/uploads\/2014\/09\/cristina3.jpg?resize=350%2C200","width":350,"height":200,"srcset":"https:\/\/i0.wp.com\/www.24baires.com\/wp-content\/uploads\/2014\/09\/cristina3.jpg?resize=350%2C200 1x, https:\/\/i0.wp.com\/www.24baires.com\/wp-content\/uploads\/2014\/09\/cristina3.jpg?resize=525%2C300 1.5x"},"classes":[]},{"id":59718,"url":"http:\/\/www.24baires.com\/?p=59718","url_meta":{"origin":59192,"position":2},"title":"El presidente de Corea del Norte se fractur\u00f3 los tobillos por usar tacos altos","author":"GB","date":"07\/01\/2015","format":false,"excerpt":"Kim Jong-un, el presidente de Corea del Norte, hac\u00eda tiempo que no aparec\u00eda en p\u00fablico, y ahora se sabe por qu\u00e9: sufre del complejo del petizo. En efecto, el inefable l\u00edder norcoreano tuvo que ser operado recientemente tras quebrarse los tobillos por usar tacos para parecer m\u00e1s alto, seg\u00fan inform\u00f3\u2026","rel":"","context":"En \u00abGeneral\u00bb","block_context":{"text":"General","link":"http:\/\/www.24baires.com\/?cat=67"},"img":{"alt_text":"","src":"https:\/\/i0.wp.com\/www.24baires.com\/wp-content\/uploads\/2015\/01\/presidente-corea-norte.jpg?resize=350%2C200","width":350,"height":200,"srcset":"https:\/\/i0.wp.com\/www.24baires.com\/wp-content\/uploads\/2015\/01\/presidente-corea-norte.jpg?resize=350%2C200 1x, https:\/\/i0.wp.com\/www.24baires.com\/wp-content\/uploads\/2015\/01\/presidente-corea-norte.jpg?resize=525%2C300 1.5x"},"classes":[]},{"id":59382,"url":"http:\/\/www.24baires.com\/?p=59382","url_meta":{"origin":59192,"position":3},"title":"Ahora los perros tambi\u00e9n pueden viajar en avi\u00f3n","author":"Grupo Sierra","date":"30\/12\/2014","format":false,"excerpt":"La Presidenta viaj\u00f3 a Santa Cruz para recibir el a\u00f1o nuevo, acompa\u00f1ada por su mascota. Anticip\u00f3 la medida que implementar\u00e1n Aerol\u00edneas y Austral. Cristina Fern\u00e1ndez de Kirchner parti\u00f3 en la tarde del martes rumbo a la provincia de Santa Cruz, donde pasar\u00e1 las fiestas de A\u00f1o Nuevo junto a su\u2026","rel":"","context":"En \u00abSociedad\u00bb","block_context":{"text":"Sociedad","link":"http:\/\/www.24baires.com\/?cat=1"},"img":{"alt_text":"","src":"https:\/\/i0.wp.com\/www.24baires.com\/wp-content\/uploads\/2014\/12\/cristina-perro-avi%C3%B3n.jpg?resize=350%2C200","width":350,"height":200,"srcset":"https:\/\/i0.wp.com\/www.24baires.com\/wp-content\/uploads\/2014\/12\/cristina-perro-avi%C3%B3n.jpg?resize=350%2C200 1x, https:\/\/i0.wp.com\/www.24baires.com\/wp-content\/uploads\/2014\/12\/cristina-perro-avi%C3%B3n.jpg?resize=525%2C300 1.5x"},"classes":[]},{"id":39254,"url":"http:\/\/www.24baires.com\/?p=39254","url_meta":{"origin":59192,"position":4},"title":"Una joven herida como consecuencia de la ca\u00edda del techo de un boliche en Pinamar","author":"GB","date":"26\/01\/2014","format":false,"excerpt":"Paula, la hija de Mar\u00eda Bourd\u00edn, fue derivada a un centro de complejidad neurol\u00f3gica desde el Hospital de Pinamar, donde lleg\u00f3 luego de que sufriera un accidente en un boliche. Sufri\u00f3 un hematoma subdural, como el que padeci\u00f3 la Presidenta de la Naci\u00f3n Cristina Fern\u00e1ndez de Kirchner. El hecho sucedi\u00f3\u2026","rel":"","context":"En \u00abSociedad\u00bb","block_context":{"text":"Sociedad","link":"http:\/\/www.24baires.com\/?cat=1"},"img":{"alt_text":"boliche ku","src":"https:\/\/i0.wp.com\/www.24baires.com\/wp-content\/uploads\/2014\/01\/boliche-ku-300x178.jpg?resize=350%2C200","width":350,"height":200},"classes":[]},{"id":60100,"url":"http:\/\/www.24baires.com\/?p=60100","url_meta":{"origin":59192,"position":5},"title":"Cristina firm\u00f3 un acuerdo con la industria del vino para evitar precios abusivos","author":"Grupo Sierra","date":"14\/01\/2015","format":false,"excerpt":"La presidenta Cristina Fern\u00e1ndez de Kirchner anunci\u00f3 la reglamentaci\u00f3n del Observatorio de Precios para ese sector productivo, con el objetivo de evitar conductas abusivas en los precios e impulsar su financiamiento. \u00a0 De acuerdo a fuentes oficiales, Cristina firm\u00f3 \"convenios de colaboraci\u00f3n con el fin de evitar potenciales conductas oligop\u00f3licas\u2026","rel":"","context":"En \u00abEconom\u00eda\u00bb","block_context":{"text":"Econom\u00eda","link":"http:\/\/www.24baires.com\/?cat=45"},"img":{"alt_text":"","src":"https:\/\/i0.wp.com\/www.24baires.com\/wp-content\/uploads\/2015\/01\/cristina-vino.jpg?resize=350%2C200","width":350,"height":200,"srcset":"https:\/\/i0.wp.com\/www.24baires.com\/wp-content\/uploads\/2015\/01\/cristina-vino.jpg?resize=350%2C200 1x, https:\/\/i0.wp.com\/www.24baires.com\/wp-content\/uploads\/2015\/01\/cristina-vino.jpg?resize=525%2C300 1.5x"},"classes":[]}],"jetpack_sharing_enabled":true,"jetpack_likes_enabled":true,"jetpack_featured_media_url":"","_links":{"self":[{"href":"http:\/\/www.24baires.com\/index.php?rest_route=\/wp\/v2\/posts\/59192","targetHints":{"allow":["GET"]}}],"collection":[{"href":"http:\/\/www.24baires.com\/index.php?rest_route=\/wp\/v2\/posts"}],"about":[{"href":"http:\/\/www.24baires.com\/index.php?rest_route=\/wp\/v2\/types\/post"}],"author":[{"embeddable":true,"href":"http:\/\/www.24baires.com\/index.php?rest_route=\/wp\/v2\/users\/8"}],"replies":[{"embeddable":true,"href":"http:\/\/www.24baires.com\/index.php?rest_route=%2Fwp%2Fv2%2Fcomments&post=59192"}],"version-history":[{"count":1,"href":"http:\/\/www.24baires.com\/index.php?rest_route=\/wp\/v2\/posts\/59192\/revisions"}],"predecessor-version":[{"id":59193,"href":"http:\/\/www.24baires.com\/index.php?rest_route=\/wp\/v2\/posts\/59192\/revisions\/59193"}],"wp:attachment":[{"href":"http:\/\/www.24baires.com\/index.php?rest_route=%2Fwp%2Fv2%2Fmedia&parent=59192"}],"wp:term":[{"taxonomy":"category","embeddable":true,"href":"http:\/\/www.24baires.com\/index.php?rest_route=%2Fwp%2Fv2%2Fcategories&post=59192"},{"taxonomy":"post_tag","embeddable":true,"href":"http:\/\/www.24baires.com\/index.php?rest_route=%2Fwp%2Fv2%2Ftags&post=59192"}],"curies":[{"name":"wp","href":"https:\/\/api.w.org\/{rel}","templated":true}]}}