{"id":59174,"date":"2014-12-26T17:30:43","date_gmt":"2014-12-26T20:30:43","guid":{"rendered":"http:\/\/www.24baires.com\/?p=59174"},"modified":"2014-12-27T15:57:26","modified_gmt":"2014-12-27T18:57:26","slug":"macri-expresa-a-quienes-desprecian-la-memoria-la-verdad-y-la-justicia","status":"publish","type":"post","link":"http:\/\/www.24baires.com\/?p=59174","title":{"rendered":"\u00abMacri expresa a quienes desprecian la Memoria, la Verdad y la Justicia\u00bb"},"content":{"rendered":"<p><img data-recalc-dims=\"1\" loading=\"lazy\" decoding=\"async\" class=\"aligncenter size-full wp-image-30847\" src=\"https:\/\/i0.wp.com\/www.24baires.com\/wp-content\/uploads\/2013\/08\/guido-carlotto.jpg?resize=560%2C307\" alt=\"guido carlotto\" width=\"560\" height=\"307\" srcset=\"https:\/\/i0.wp.com\/www.24baires.com\/wp-content\/uploads\/2013\/08\/guido-carlotto.jpg?w=560 560w, https:\/\/i0.wp.com\/www.24baires.com\/wp-content\/uploads\/2013\/08\/guido-carlotto.jpg?resize=300%2C164 300w\" sizes=\"auto, (max-width: 560px) 100vw, 560px\" \/>El secretario de Derechos Humanos bonaerense, Guido Carlotto, se refiri\u00f3 de esta manera a las cr\u00edticas del l\u00edder del PRO sobre la pol\u00edtica nacional en el \u00e1rea.<!--more--><\/p>\n<p>El secretario de Derechos Humanos bonaerense, Guido Carlotto, asegur\u00f3 hoy que el jefe de Gobierno porte\u00f1o, Mauricio Macri, expresa a quienes \u00abdesprecian la memoria, la verdad y la justicia\u201d, en referencia a las criticas del l\u00edder del PRO sobre la pol\u00edtica nacional sobre derechos humanos.<\/p>\n<p>En un comunicado, Carlotto dijo que \u00abcuando Mauricio Macri habla de &#8216;revancha&#8217;, pone en escena -sin ning\u00fan tipo de inocencia- la teor\u00eda de los dos demonios; teor\u00eda que soslaya el genocidio, la responsabilidad del Estado y las complicidades empresariales\u00bb.<\/p>\n<p>Evalu\u00f3 que \u00ablo que expresa el jefe del Pro se da de frente con la realidad: no existe un s\u00f3lo caso de intento de justicia por mano propia contra los genocidas\u00bb, y remarc\u00f3 que \u00abMacri no es naif. Cuando dice lo que dice, les habla expl\u00edcitamente a quienes son los sujetos centrales de su proyecto pol\u00edtico\u00bb.<\/p>\n<p>Se pregunt\u00f3: \u00ab\u00bfQui\u00e9nes son aquellos que abrevan en el proyecto amarillo y que reciben estos &#8216;mimos&#8217; de Macri? Aquellos que desprecian la pol\u00edtica democr\u00e1tica y las herramientas institucionales que permiten desarrollar, en los \u00faltimos 11 a\u00f1os, un proceso de juzgamiento a los responsables y los c\u00f3mplices del genocidio que es ejemplo a nivel mundial. Aquellos que niegan los 400 nietos que a\u00fan faltan. Aquellos que a\u00f1oran la impunidad de anta\u00f1o\u00bb.<\/p>\n<p>Luego, analiz\u00f3 que \u00ablos derechos humanos forman parte del contrato social de los argentinos. Son conquistas conseguidas colectivamente que cuentan con el respaldo de la inmensa mayor\u00eda del pueblo\u00bb, y a\u00f1adi\u00f3 que \u00abestas afirmaciones del jefe de Gobierno porte\u00f1o no hacen m\u00e1s que subrayar su miop\u00eda pol\u00edtica y su visi\u00f3n de nuestra sociedad y del pa\u00eds\u00bb.<\/p>\n<p>Opin\u00f3 adem\u00e1s que \u00abMacri expresa a un sector minoritario pero poderoso que, utilizando a los militares como brazo armado, destruyeron el tejido social y el aparato productivo argentino durante la dictadura, al regreso de la democracia y en los &#8217;90; entregaron a los trabajadores en las mazmorras clandestinas; empujaron la liberalizaci\u00f3n de la econom\u00eda, la imposici\u00f3n de la matriz de especulaci\u00f3n financiera; y se hicieron millonarios a costa del Estado, la Naci\u00f3n y la Patria\u00bb.<\/p>\n<p>Sostuvo que \u00abno es casual que Macri ofrezca una enorme dosis de su honestidad bruta\u00bb, y agreg\u00f3 que \u00ablos juicios de lesa humanidad est\u00e1n poniendo luz sobre las complicidades empresariales con la dictadura 1976-83; Macri toma esa bandera y decide postularse como el candidato de esos sectores\u00bb.<\/p>\n<p>Carlotto consider\u00f3 que Macri siente \u00abdesprecio por el proceso de Memoria, Verdad y Justicia\u00bb, y subray\u00f3 que \u00ablo que dice contrasta con lo realizado a nivel nacional por la determinaci\u00f3n de \u200eN\u00e9stor\u202c y \u202a\u200eCristina\u202c y con el trabajo que llevamos adelante en la provincia de Buenos Aires\u00bb.<\/p>\n<p>\u00abPor decisi\u00f3n de Daniel Scioli, los derechos humanos son la concepci\u00f3n rectora que delimita las pol\u00edticas p\u00fablicas. Por eso la construcci\u00f3n de 5 Espacios de Memoria; por eso las 35 se\u00f1alizaciones a ex centros clandestinos; por eso la creaci\u00f3n del Equipo de Delitos Sexuales para juzgar esos delitos en el marco del genocidio; por eso las m\u00e1s de 4000 pensiones para reparar\u00bb, finaliz\u00f3.<\/p>\n","protected":false},"excerpt":{"rendered":"<p>El secretario de Derechos Humanos bonaerense, Guido Carlotto, se refiri\u00f3 de esta manera a las cr\u00edticas del l\u00edder del PRO sobre la pol\u00edtica nacional en el \u00e1rea.<\/p>\n","protected":false},"author":4,"featured_media":0,"comment_status":"open","ping_status":"open","sticky":false,"template":"","format":"standard","meta":{"_jetpack_newsletter_access":"","_jetpack_dont_email_post_to_subs":false,"_jetpack_newsletter_tier_id":0,"_jetpack_memberships_contains_paywalled_content":false,"_jetpack_memberships_contains_paid_content":false,"footnotes":""},"categories":[51],"tags":[],"class_list":["post-59174","post","type-post","status-publish","format-standard","hentry","category-politica"],"jetpack_shortlink":"https:\/\/wp.me\/p2JWE0-foq","jetpack-related-posts":[{"id":101288,"url":"http:\/\/www.24baires.com\/?p=101288","url_meta":{"origin":59174,"position":0},"title":"\u00abA Macri le est\u00e1 saliendo mal tener presos pol\u00edticos; lleg\u00f3 la hora de liberarlos\u00bb","author":"AF","date":"26\/03\/2018","format":false,"excerpt":"As\u00ed lo dijo Estela en una entrevista junto a V\u00edctor Hugo Morales. \u201cCuando alguien no est\u00e1 conforme con la directiva del Gobierno empiezan a combatirlo\", denunci\u00f3. La titular de Abuelas de Plaza de Mayo, Estela de Carlotto, critic\u00f3 al Gobierno nacional por su injerencia en la Justicia y reclam\u00f3 por\u2026","rel":"","context":"En \u00abPol\u00edtica\u00bb","block_context":{"text":"Pol\u00edtica","link":"http:\/\/www.24baires.com\/?cat=51"},"img":{"alt_text":"","src":"https:\/\/i0.wp.com\/www.24baires.com\/wp-content\/uploads\/2017\/10\/carlotto-maldonado.jpg?resize=350%2C200","width":350,"height":200,"srcset":"https:\/\/i0.wp.com\/www.24baires.com\/wp-content\/uploads\/2017\/10\/carlotto-maldonado.jpg?resize=350%2C200 1x, https:\/\/i0.wp.com\/www.24baires.com\/wp-content\/uploads\/2017\/10\/carlotto-maldonado.jpg?resize=525%2C300 1.5x"},"classes":[]},{"id":63269,"url":"http:\/\/www.24baires.com\/?p=63269","url_meta":{"origin":59174,"position":1},"title":"Para Estela de Carlotto es \u00abhumillante\u00bb para el radicalismo el acuerdo con el PRO","author":"GB","date":"17\/03\/2015","format":false,"excerpt":"La titular de Abuelas de Plaza de Mayo asegur\u00f3 que \"lo del radicalismo es humillante\", record\u00f3 que su padre \"era radical\" y expres\u00f3 que le \"produce tristeza el acuerdo que hicieron con la derecha\", al referirse al acercamiento entre la Uni\u00f3n C\u00edvica Radical (UCR) y el PRO. \"Sin duda es\u2026","rel":"","context":"En \u00abPol\u00edtica\u00bb","block_context":{"text":"Pol\u00edtica","link":"http:\/\/www.24baires.com\/?cat=51"},"img":{"alt_text":"estela carlotto","src":"https:\/\/i0.wp.com\/www.24baires.com\/wp-content\/uploads\/2013\/04\/estela-carlotto.jpg?resize=350%2C200","width":350,"height":200,"srcset":"https:\/\/i0.wp.com\/www.24baires.com\/wp-content\/uploads\/2013\/04\/estela-carlotto.jpg?resize=350%2C200 1x, https:\/\/i0.wp.com\/www.24baires.com\/wp-content\/uploads\/2013\/04\/estela-carlotto.jpg?resize=525%2C300 1.5x"},"classes":[]},{"id":30846,"url":"http:\/\/www.24baires.com\/?p=30846","url_meta":{"origin":59174,"position":2},"title":"Guido Carlotto: \u00abqueremos que cada municipio tenga un \u00e1rea de derechos humanos\u00bb","author":"AF","date":"27\/08\/2013","format":false,"excerpt":"Guido Carlotto dijo que es una de las aspiraciones de la gesti\u00f3n, \u201cpara que todos los habitantes bonaerenses conozcan sus derechos\u201d. El secretario de Derechos Humanos de la provincia de Buenos Aires, Guido Carlotto, dijo que el gobierno bonaerense quiere que cada municipio tenga una secretar\u00eda de derechos humanos. En\u2026","rel":"","context":"En \u00abProvincia\u00bb","block_context":{"text":"Provincia","link":"http:\/\/www.24baires.com\/?cat=40"},"img":{"alt_text":"","src":"https:\/\/i0.wp.com\/www.24baires.com\/wp-content\/uploads\/2013\/08\/guido-carlotto1.jpg?resize=350%2C200","width":350,"height":200,"srcset":"https:\/\/i0.wp.com\/www.24baires.com\/wp-content\/uploads\/2013\/08\/guido-carlotto1.jpg?resize=350%2C200 1x, https:\/\/i0.wp.com\/www.24baires.com\/wp-content\/uploads\/2013\/08\/guido-carlotto1.jpg?resize=525%2C300 1.5x"},"classes":[]},{"id":98307,"url":"http:\/\/www.24baires.com\/?p=98307","url_meta":{"origin":59174,"position":3},"title":"Abuelas de Plaza de Mayo y el Gobierno se cruzaron en la CIDH","author":"AF","date":"24\/10\/2017","format":false,"excerpt":"Ocurri\u00f3 en la audiencia de la Comisi\u00f3n Interamericana de Derechos Humanos que tiene lugar en la ciudad de Montevideo, Uruguay. La organizaci\u00f3n de derechos humanos Abuelas de Plaza de Mayo acus\u00f3 al gobierno de Mauricio Macri de querer \"desandar el camino\" en materia de memoria, verdad y justicia en Argentina.\u2026","rel":"","context":"En \u00abPol\u00edtica\u00bb","block_context":{"text":"Pol\u00edtica","link":"http:\/\/www.24baires.com\/?cat=51"},"img":{"alt_text":"","src":"https:\/\/i0.wp.com\/www.24baires.com\/wp-content\/uploads\/2017\/10\/cidh.jpg?resize=350%2C200","width":350,"height":200,"srcset":"https:\/\/i0.wp.com\/www.24baires.com\/wp-content\/uploads\/2017\/10\/cidh.jpg?resize=350%2C200 1x, https:\/\/i0.wp.com\/www.24baires.com\/wp-content\/uploads\/2017\/10\/cidh.jpg?resize=525%2C300 1.5x"},"classes":[]},{"id":113777,"url":"http:\/\/www.24baires.com\/?p=113777","url_meta":{"origin":59174,"position":4},"title":"Los organismos de DDHH volvieron a ser recibidos en Casa Rosada","author":"AF","date":"13\/01\/2020","format":false,"excerpt":"Alberto Fern\u00e1ndez ratific\u00f3 su admiraci\u00f3n por la lucha de Madres, Abuelas e HIJOS y asegur\u00f3 que siempre tendr\u00e1n abiertas las puertas de la sede del Ejecutivo. El presidente Alberto Fern\u00e1ndez recibi\u00f3 este lunes en Casa Rosada a referentes de los organismos de Derechos Humanos. Tras el encuentro el mandatario destac\u00f3\u2026","rel":"","context":"En \u00abSociedad\u00bb","block_context":{"text":"Sociedad","link":"http:\/\/www.24baires.com\/?cat=1"},"img":{"alt_text":"","src":"https:\/\/i0.wp.com\/www.24baires.com\/wp-content\/uploads\/2020\/01\/0037302838-300x225.jpg?resize=350%2C200","width":350,"height":200},"classes":[]},{"id":31204,"url":"http:\/\/www.24baires.com\/?p=31204","url_meta":{"origin":59174,"position":5},"title":"Se se\u00f1alizaron en Tandil comisar\u00edas que funcionaron como centros clandestinos de detenci\u00f3n","author":"GB","date":"02\/09\/2013","format":false,"excerpt":"La Secretar\u00eda de Derechos Humanos de la Naci\u00f3n, a trav\u00e9s de la Red Federal de Sitios de Memoria, se\u00f1aliz\u00f3 los ex centros de detenci\u00f3n ilegal que funcionaron en las Comisar\u00edas 1era y 2da de Tandil, antes y durante la \u00faltima dictadura c\u00edvico militar. El acto fue organizado junto a la\u2026","rel":"","context":"En \u00abMemoria\u00bb","block_context":{"text":"Memoria","link":"http:\/\/www.24baires.com\/?cat=50"},"img":{"alt_text":"","src":"","width":0,"height":0},"classes":[]}],"jetpack_sharing_enabled":true,"jetpack_likes_enabled":true,"jetpack_featured_media_url":"","_links":{"self":[{"href":"http:\/\/www.24baires.com\/index.php?rest_route=\/wp\/v2\/posts\/59174","targetHints":{"allow":["GET"]}}],"collection":[{"href":"http:\/\/www.24baires.com\/index.php?rest_route=\/wp\/v2\/posts"}],"about":[{"href":"http:\/\/www.24baires.com\/index.php?rest_route=\/wp\/v2\/types\/post"}],"author":[{"embeddable":true,"href":"http:\/\/www.24baires.com\/index.php?rest_route=\/wp\/v2\/users\/4"}],"replies":[{"embeddable":true,"href":"http:\/\/www.24baires.com\/index.php?rest_route=%2Fwp%2Fv2%2Fcomments&post=59174"}],"version-history":[{"count":1,"href":"http:\/\/www.24baires.com\/index.php?rest_route=\/wp\/v2\/posts\/59174\/revisions"}],"predecessor-version":[{"id":59175,"href":"http:\/\/www.24baires.com\/index.php?rest_route=\/wp\/v2\/posts\/59174\/revisions\/59175"}],"wp:attachment":[{"href":"http:\/\/www.24baires.com\/index.php?rest_route=%2Fwp%2Fv2%2Fmedia&parent=59174"}],"wp:term":[{"taxonomy":"category","embeddable":true,"href":"http:\/\/www.24baires.com\/index.php?rest_route=%2Fwp%2Fv2%2Fcategories&post=59174"},{"taxonomy":"post_tag","embeddable":true,"href":"http:\/\/www.24baires.com\/index.php?rest_route=%2Fwp%2Fv2%2Ftags&post=59174"}],"curies":[{"name":"wp","href":"https:\/\/api.w.org\/{rel}","templated":true}]}}