{"id":59168,"date":"2014-12-26T16:30:27","date_gmt":"2014-12-26T19:30:27","guid":{"rendered":"http:\/\/www.24baires.com\/?p=59168"},"modified":"2014-12-26T15:13:28","modified_gmt":"2014-12-26T18:13:28","slug":"mussi-critico-a-la-oposicion-derrotar-al-kirchnerismo-es-lo-unico-que-los-une","status":"publish","type":"post","link":"http:\/\/www.24baires.com\/?p=59168","title":{"rendered":"Mussi critic\u00f3 a la oposici\u00f3n: \u00abDerrotar al kirchnerismo es lo \u00fanico que los une\u00bb"},"content":{"rendered":"<p><img data-recalc-dims=\"1\" loading=\"lazy\" decoding=\"async\" src=\"https:\/\/i0.wp.com\/www.24baires.com\/wp-content\/uploads\/2013\/01\/mussi-berazategui.jpg?resize=560%2C377\" alt=\"mussi berazategui\" width=\"560\" height=\"377\" class=\"aligncenter size-full wp-image-14055\" srcset=\"https:\/\/i0.wp.com\/www.24baires.com\/wp-content\/uploads\/2013\/01\/mussi-berazategui.jpg?w=560 560w, https:\/\/i0.wp.com\/www.24baires.com\/wp-content\/uploads\/2013\/01\/mussi-berazategui.jpg?resize=300%2C201 300w\" sizes=\"auto, (max-width: 560px) 100vw, 560px\" \/>El intendente de Berazategui, ejemplific\u00f3 la situaci\u00f3n en que no pueden consensuar siquiera \u201cun comunicado\u201d. Cont\u00f3, adem\u00e1s, que pas\u00f3 la Navidad en el Penal de Ezeiza junto a su familia con el fin de ponerse \u00aben los zapatos del otro\u00bb e \u00abintentando vivir distintas experiencias\u201d.<!--more--><\/p>\n<p>El intendente de Berazategui, Juan Patricio Mussi, dijo hoy que \u201cderrotar al kirchnerismo es lo \u00fanico\u201d que \u201cune a la oposici\u00f3n\u201d ya que no pueden consensuar siquiera \u201cun comunicado\u201d.<\/p>\n<p>\u00abDerrotar al kirchnerismo es lo \u00fanico que los une. No se pueden poner de acuerdo ni para sacar un comunicado de prensa\u201d, dijo en declaraciones a Radio Am\u00e9rica donde relat\u00f3 -adem\u00e1s- que pas\u00f3 la Navidad en el Penal de Ezeiza junto a su familia con el fin de ponerse \u00aben los zapatos del otro\u00bb e \u00abintentando vivir distintas experiencias\u201d.<\/p>\n<p>Mussi agreg\u00f3, en referencia a la oposici\u00f3n que \u201cestas supuestas alianzas pol\u00edticas, con muy pocas coincidencias ideol\u00f3gicas, terminan sufriendo las consecuencias\u201d.<\/p>\n<p>Por otra parte, al hablar de la inseguridad y su experiencia en el penal el d\u00eda navide\u00f1o evalu\u00f3 que \u201cson seres humanos que han cometido errores\u201d, y cuando se habla del tema hay que \u201ctener en cuenta todo el paquete\u201d.<\/p>\n<p>\u201cAyer nos contaban que les costaba mucho la relaci\u00f3n con los jueces, que no ten\u00edan contacto, que no tocaban el expediente. Ah\u00ed uno se da cuenta de que un expediente era una de estas chicas\u201d, las que algunas \u201ceducan y cr\u00edan a sus hijos a su lado, hasta los cuatro a\u00f1os\u201d.<\/p>\n","protected":false},"excerpt":{"rendered":"<p>El intendente de Berazategui, ejemplific\u00f3 la situaci\u00f3n en que no pueden consensuar siquiera \u201cun comunicado\u201d. Cont\u00f3, adem\u00e1s, que pas\u00f3 la Navidad en el Penal de Ezeiza junto a su familia con el fin de ponerse \u00aben los zapatos del otro\u00bb e \u00abintentando vivir distintas experiencias\u201d.<\/p>\n","protected":false},"author":11,"featured_media":0,"comment_status":"open","ping_status":"open","sticky":false,"template":"","format":"standard","meta":{"_jetpack_newsletter_access":"","_jetpack_dont_email_post_to_subs":false,"_jetpack_newsletter_tier_id":0,"_jetpack_memberships_contains_paywalled_content":false,"_jetpack_memberships_contains_paid_content":false,"footnotes":""},"categories":[51],"tags":[],"class_list":["post-59168","post","type-post","status-publish","format-standard","hentry","category-politica"],"jetpack_shortlink":"https:\/\/wp.me\/p2JWE0-fok","jetpack-related-posts":[{"id":114935,"url":"http:\/\/www.24baires.com\/?p=114935","url_meta":{"origin":59168,"position":0},"title":"Kicillof recibi\u00f3 a intendentes oficialistas de la Tercera Secci\u00f3n","author":"AF","date":"06\/05\/2020","format":false,"excerpt":"El gobernador estuvo con Fernando Espinoza, Jorge Ferraresi, Juan Jos\u00e9 Mussi, Mario Secco, Mart\u00edn Insaurralde y Mariano Cascallares. El gobernador bonaerense, Axel Kicillof, viene manteniendo una serie de encuentros con intendentes para evaluar la continuidad de la ayuda financiera de la Provincia a los municipios frente a la crisis que\u2026","rel":"","context":"En \u00abProvincia\u00bb","block_context":{"text":"Provincia","link":"http:\/\/www.24baires.com\/?cat=40"},"img":{"alt_text":"","src":"https:\/\/i0.wp.com\/www.24baires.com\/wp-content\/uploads\/2020\/05\/kicillof-intendentes.jpg?resize=350%2C200","width":350,"height":200,"srcset":"https:\/\/i0.wp.com\/www.24baires.com\/wp-content\/uploads\/2020\/05\/kicillof-intendentes.jpg?resize=350%2C200 1x, https:\/\/i0.wp.com\/www.24baires.com\/wp-content\/uploads\/2020\/05\/kicillof-intendentes.jpg?resize=525%2C300 1.5x"},"classes":[]},{"id":102097,"url":"http:\/\/www.24baires.com\/?p=102097","url_meta":{"origin":59168,"position":1},"title":"Berazategui: piden investigar a Mussi por la muerte de dos ni\u00f1os tras ingerir agua contaminada","author":"AF","date":"11\/05\/2018","format":false,"excerpt":"Una fiscal federal pidi\u00f3 la declaraci\u00f3n indagatoria al intendente de Berazategui, Patricio Mussi, en la causa que investiga la muerte de dos ni\u00f1os a causa de la ingesta de agua con altos grados de contaminaci\u00f3n. La fiscal federal de Quilmes, Silvia Cavallo, le pidi\u00f3 al juez Luis Armella que cite\u2026","rel":"","context":"En \u00abLocales\u00bb","block_context":{"text":"Locales","link":"http:\/\/www.24baires.com\/?cat=38"},"img":{"alt_text":"","src":"https:\/\/i0.wp.com\/www.24baires.com\/wp-content\/uploads\/2018\/05\/mussi.jpg?resize=350%2C200","width":350,"height":200,"srcset":"https:\/\/i0.wp.com\/www.24baires.com\/wp-content\/uploads\/2018\/05\/mussi.jpg?resize=350%2C200 1x, https:\/\/i0.wp.com\/www.24baires.com\/wp-content\/uploads\/2018\/05\/mussi.jpg?resize=525%2C300 1.5x"},"classes":[]},{"id":114242,"url":"http:\/\/www.24baires.com\/?p=114242","url_meta":{"origin":59168,"position":2},"title":"Kicillof se reuni\u00f3 con intendentes del Frente de Todos","author":"AF","date":"28\/02\/2020","format":false,"excerpt":"El Gobernador bonaerense mantuvo un encuentro con jefes comunales de la Tercera Secci\u00f3n Electoral. Para avanzar en la construcci\u00f3n de una agenda en com\u00fan y conformar equipos de trabajo, Axel Kicillof recibi\u00f3 este viernes en La Plata a intendentes e intendentas del Frente de Todos. \u201cComo venimos haciendo desde el\u2026","rel":"","context":"En \u00abProvincia\u00bb","block_context":{"text":"Provincia","link":"http:\/\/www.24baires.com\/?cat=40"},"img":{"alt_text":"","src":"https:\/\/i0.wp.com\/www.24baires.com\/wp-content\/uploads\/2020\/02\/4e70b823aa9969498199c0d0698b57b6.jpg?resize=350%2C200","width":350,"height":200,"srcset":"https:\/\/i0.wp.com\/www.24baires.com\/wp-content\/uploads\/2020\/02\/4e70b823aa9969498199c0d0698b57b6.jpg?resize=350%2C200 1x, https:\/\/i0.wp.com\/www.24baires.com\/wp-content\/uploads\/2020\/02\/4e70b823aa9969498199c0d0698b57b6.jpg?resize=525%2C300 1.5x"},"classes":[]},{"id":54066,"url":"http:\/\/www.24baires.com\/?p=54066","url_meta":{"origin":59168,"position":3},"title":"Mussi: \u201cMe ofrec\u00ed como una alternativa para gobernador\u201d","author":"GB","date":"22\/09\/2014","format":false,"excerpt":"BERAZATEGUI-El intendente de Berazategui, Juan Patricio Mussi dialog\u00f3 sobre su encuentro con el Papa Francisco y sostuvo que charl\u00f3 sobre su candidatura a gobernador. \u201cMe ofrec\u00ed como una alternativa para gobernador. La presidenta no est\u00e1 pensando en la candidatura, no est\u00e1 pensando en la lista porque est\u00e1 pensando gobernar hasta\u2026","rel":"","context":"En \u00abMunicipios\u00bb","block_context":{"text":"Municipios","link":"http:\/\/www.24baires.com\/?cat=44"},"img":{"alt_text":"mussi berazategui","src":"https:\/\/i0.wp.com\/www.24baires.com\/wp-content\/uploads\/2013\/01\/mussi-berazategui.jpg?resize=350%2C200","width":350,"height":200,"srcset":"https:\/\/i0.wp.com\/www.24baires.com\/wp-content\/uploads\/2013\/01\/mussi-berazategui.jpg?resize=350%2C200 1x, https:\/\/i0.wp.com\/www.24baires.com\/wp-content\/uploads\/2013\/01\/mussi-berazategui.jpg?resize=525%2C300 1.5x"},"classes":[]},{"id":115240,"url":"http:\/\/www.24baires.com\/?p=115240","url_meta":{"origin":59168,"position":4},"title":"Kicillof recibi\u00f3 a los intendentes de municipios complicado por el coronavirus","author":"AF","date":"04\/06\/2020","format":false,"excerpt":"Se trata de los jefes comunales de la tercera secci\u00f3n electoral, donde se concentra la mayor cantidad de casos del AMBA. El gobernador, Axel Kicillof, recibi\u00f3 a los intendentes de los distritos donde se concentra la mayor cantidad de casos del AMBA. Se trata de los jefes comunales de la\u2026","rel":"","context":"En \u00abProvincia\u00bb","block_context":{"text":"Provincia","link":"http:\/\/www.24baires.com\/?cat=40"},"img":{"alt_text":"","src":"https:\/\/i0.wp.com\/www.24baires.com\/wp-content\/uploads\/2020\/05\/kicilof.jpg?resize=350%2C200","width":350,"height":200,"srcset":"https:\/\/i0.wp.com\/www.24baires.com\/wp-content\/uploads\/2020\/05\/kicilof.jpg?resize=350%2C200 1x, https:\/\/i0.wp.com\/www.24baires.com\/wp-content\/uploads\/2020\/05\/kicilof.jpg?resize=525%2C300 1.5x"},"classes":[]},{"id":116527,"url":"http:\/\/www.24baires.com\/?p=116527","url_meta":{"origin":59168,"position":5},"title":"Intendentes del PJ se reunieron para respaldar al Gobierno y evaluar aperturas","author":"AF","date":"22\/10\/2020","format":false,"excerpt":"Se reunieron en Berazategui para efectuar un respaldo al presidente Alberto Fern\u00e1ndez y al gobernador bonaerense Axel Kicillof. Adem\u00e1s evaluaron la implementaci\u00f3n en los distritos de las distintas aperturas tras la flexibilizaci\u00f3n de las restricciones sociales. Una treintena de intendentes peronistas del Conurbano se reunieron en Berazategui para respaldar al\u2026","rel":"","context":"En \u00abProvincia\u00bb","block_context":{"text":"Provincia","link":"http:\/\/www.24baires.com\/?cat=40"},"img":{"alt_text":"","src":"https:\/\/i0.wp.com\/www.24baires.com\/wp-content\/uploads\/2020\/10\/5f9236f601237_1004x565.jpg?resize=350%2C200","width":350,"height":200,"srcset":"https:\/\/i0.wp.com\/www.24baires.com\/wp-content\/uploads\/2020\/10\/5f9236f601237_1004x565.jpg?resize=350%2C200 1x, https:\/\/i0.wp.com\/www.24baires.com\/wp-content\/uploads\/2020\/10\/5f9236f601237_1004x565.jpg?resize=525%2C300 1.5x"},"classes":[]}],"jetpack_sharing_enabled":true,"jetpack_likes_enabled":true,"jetpack_featured_media_url":"","_links":{"self":[{"href":"http:\/\/www.24baires.com\/index.php?rest_route=\/wp\/v2\/posts\/59168","targetHints":{"allow":["GET"]}}],"collection":[{"href":"http:\/\/www.24baires.com\/index.php?rest_route=\/wp\/v2\/posts"}],"about":[{"href":"http:\/\/www.24baires.com\/index.php?rest_route=\/wp\/v2\/types\/post"}],"author":[{"embeddable":true,"href":"http:\/\/www.24baires.com\/index.php?rest_route=\/wp\/v2\/users\/11"}],"replies":[{"embeddable":true,"href":"http:\/\/www.24baires.com\/index.php?rest_route=%2Fwp%2Fv2%2Fcomments&post=59168"}],"version-history":[{"count":1,"href":"http:\/\/www.24baires.com\/index.php?rest_route=\/wp\/v2\/posts\/59168\/revisions"}],"predecessor-version":[{"id":59169,"href":"http:\/\/www.24baires.com\/index.php?rest_route=\/wp\/v2\/posts\/59168\/revisions\/59169"}],"wp:attachment":[{"href":"http:\/\/www.24baires.com\/index.php?rest_route=%2Fwp%2Fv2%2Fmedia&parent=59168"}],"wp:term":[{"taxonomy":"category","embeddable":true,"href":"http:\/\/www.24baires.com\/index.php?rest_route=%2Fwp%2Fv2%2Fcategories&post=59168"},{"taxonomy":"post_tag","embeddable":true,"href":"http:\/\/www.24baires.com\/index.php?rest_route=%2Fwp%2Fv2%2Ftags&post=59168"}],"curies":[{"name":"wp","href":"https:\/\/api.w.org\/{rel}","templated":true}]}}