{"id":59163,"date":"2014-12-26T14:35:35","date_gmt":"2014-12-26T17:35:35","guid":{"rendered":"http:\/\/www.24baires.com\/?p=59163"},"modified":"2014-12-26T10:37:57","modified_gmt":"2014-12-26T13:37:57","slug":"posse-termina-el-ano-con-pan-dulce-sidra-y-denuncias","status":"publish","type":"post","link":"http:\/\/www.24baires.com\/?p=59163","title":{"rendered":"Posse termina el a\u00f1o con pan dulce, sidra y denuncias"},"content":{"rendered":"<p><img data-recalc-dims=\"1\" loading=\"lazy\" decoding=\"async\" class=\"aligncenter size-full wp-image-55129\" src=\"https:\/\/i0.wp.com\/www.24baires.com\/wp-content\/uploads\/2014\/10\/gustavo-posse.jpg?resize=560%2C420\" alt=\"gustavo posse\" width=\"560\" height=\"420\" srcset=\"https:\/\/i0.wp.com\/www.24baires.com\/wp-content\/uploads\/2014\/10\/gustavo-posse.jpg?w=560 560w, https:\/\/i0.wp.com\/www.24baires.com\/wp-content\/uploads\/2014\/10\/gustavo-posse.jpg?resize=300%2C225 300w\" sizes=\"auto, (max-width: 560px) 100vw, 560px\" \/>Gustavo Posse fue denunciado por el PJ de San Isidro por irregularidades con el estacionamiento medido y por una pegatina atribuida a La C\u00e1mpora.<!--more--><\/p>\n<p>El intendente de San Isidro no cierra bien el a\u00f1o. El PJ de ese distrito present\u00f3 dos denuncias en su contra: una por presuntas irregularidades en el contrato de estacionamiento medido -SISTE- y otra por la pegatina de afiches y la distribuci\u00f3n de volantes con la firma de La C\u00e1mpora, pero que habr\u00edan sido distribuidos por el propio municipio.<\/p>\n<p>La primera de las denuncias, publica El Argentino Zona Norte, la realiz\u00f3 ante la Fiscal\u00eda General de San Isidro la diputada nacional y presidente del PJ del FPV Teresa Garc\u00eda y la edil Jacqueline Girassolli, quienes acusan a Gustavo Posse por los delitos de \u201cadministraci\u00f3n infiel en perjuicio de la administraci\u00f3n p\u00fablica, malversaci\u00f3n de caudales p\u00fablicos e incumplimiento de los deberes de funcionario p\u00fablico\u201d. El motivo: las sucesivas extensiones que el contrato de parqu\u00edmetros ha tenido en los \u00faltimos a\u00f1os, sin ninguna contraprestaci\u00f3n hacia el municipio y en reconocimiento de una deuda ileg\u00edtima.<\/p>\n<p>La empresa Chediak S.A. tiene la concesi\u00f3n del servicio SISTE desde 1992, en un contrato que establec\u00eda un plazo de 15 a\u00f1os a cambio de obras tasadas originalmente en unos 10 millones de d\u00f3lares. \u201cPero cumplido ese per\u00edodo se ha extendido el contrato sucesivamente, llegando a unos 9 a\u00f1os m\u00e1s, sin que el municipio reciba un s\u00f3lo centavo por todo ese tiempo de concesi\u00f3n\u201d, se\u00f1alaron las denunciantes en un comunicado.<\/p>\n<p>Estas extensiones fueron justificadas desde el oficialismo local en el reconocimiento de una deuda por el incumplimiento de una cl\u00e1usula de reajuste de las tarifas; pero esta cl\u00e1usula indexatoria se encuentra prohibida taxativamente desde la Ley de Convertibilidad y no genera derecho alguno, seg\u00fan inform\u00f3 el abogado del Partido Justicialista de San Isidro, Francisco Blaksley.<\/p>\n<p>La denuncia se present\u00f3 casi una semana despu\u00e9s de que el oficialismo aprobara la pr\u00f3rroga del servicio en una sesi\u00f3n extraordinaria en la que tambi\u00e9n se trataron otros temas pol\u00e9micos, como el proyecto de erradicaci\u00f3n de los vecinos del barrios Uspallata.<\/p>\n<p>Ese mismo d\u00eda, incluso, el centro de San Isidro y Mart\u00ednez aparecieron empapelados con afiches con los que se convocaba a una movilizaci\u00f3n por los vecinos de Uspallata a los que tildaban de \u201cvilleros\u201d. Desde la agrupaci\u00f3n kirchnerista La C\u00e1mpora denunciaron esta maniobra, reclamaron los videos de las c\u00e1maras de seguridad para identificar a los responsables de una pegatina y en estos d\u00edas presentar\u00e1n una denuncia penal contra el propio intendente.<\/p>\n<p>&nbsp;<\/p>\n<p>&nbsp;<\/p>\n<p>&nbsp;<\/p>\n<p>&nbsp;<\/p>\n","protected":false},"excerpt":{"rendered":"<p>Gustavo Posse fue denunciado por el PJ de San Isidro por irregularidades con el estacionamiento medido y por una pegatina atribuida a La C\u00e1mpora.<\/p>\n","protected":false},"author":11,"featured_media":0,"comment_status":"open","ping_status":"open","sticky":false,"template":"","format":"standard","meta":{"_jetpack_newsletter_access":"","_jetpack_dont_email_post_to_subs":false,"_jetpack_newsletter_tier_id":0,"_jetpack_memberships_contains_paywalled_content":false,"_jetpack_memberships_contains_paid_content":false,"footnotes":""},"categories":[51],"tags":[],"class_list":["post-59163","post","type-post","status-publish","format-standard","hentry","category-politica"],"jetpack_shortlink":"https:\/\/wp.me\/p2JWE0-fof","jetpack-related-posts":[{"id":58800,"url":"http:\/\/www.24baires.com\/?p=58800","url_meta":{"origin":59163,"position":0},"title":"La C\u00e1mpora denunci\u00f3 a Posse por afiches ap\u00f3crifos","author":"Grupo Sierra","date":"17\/12\/2014","format":false,"excerpt":"La agrupaci\u00f3n presentar\u00e1 en las pr\u00f3ximas horas una denuncia judicial contra el intendente de San Isidro para que brinde explicaciones y aporte los videos de las c\u00e1maras de seguridad de su municipio de modo de poder identificar a los responsables de una pegatina de afiches ap\u00f3crifos con la firma de\u2026","rel":"","context":"En \u00abPol\u00edtica\u00bb","block_context":{"text":"Pol\u00edtica","link":"http:\/\/www.24baires.com\/?cat=51"},"img":{"alt_text":"","src":"https:\/\/i0.wp.com\/www.24baires.com\/wp-content\/uploads\/2014\/12\/c%C3%A1mpora.jpg?resize=350%2C200","width":350,"height":200,"srcset":"https:\/\/i0.wp.com\/www.24baires.com\/wp-content\/uploads\/2014\/12\/c%C3%A1mpora.jpg?resize=350%2C200 1x, https:\/\/i0.wp.com\/www.24baires.com\/wp-content\/uploads\/2014\/12\/c%C3%A1mpora.jpg?resize=525%2C300 1.5x"},"classes":[]},{"id":38617,"url":"http:\/\/www.24baires.com\/?p=38617","url_meta":{"origin":59163,"position":1},"title":"San Isidrio: denunciaron penalmente al intendente Posse por la agresi\u00f3n a militantes","author":"GB","date":"16\/01\/2014","format":false,"excerpt":"El diputado nacional Horacio Pietragalla denunci\u00f3 penalmente al intendente de San Isidro, Gustavo Posse, por la agresi\u00f3n que sufrieron el s\u00e1bado \u00faltimo j\u00f3venes kirchneristas que pasaban dibujos animados a chicos en una plaza de ese partido bonaerense. \"Acabamos de presentar la denuncia contra Gustavo Posse en el ministerio p\u00fablico fiscal\u2026","rel":"","context":"En \u00abPoliciales\u00bb","block_context":{"text":"Policiales","link":"http:\/\/www.24baires.com\/?cat=49"},"img":{"alt_text":"represi\u00f3n en san isidro","src":"https:\/\/i0.wp.com\/www.24baires.com\/wp-content\/uploads\/2014\/01\/represi%C3%B3n-en-san-isidro.jpg?resize=350%2C200","width":350,"height":200},"classes":[]},{"id":92569,"url":"http:\/\/www.24baires.com\/?p=92569","url_meta":{"origin":59163,"position":2},"title":"Denuncian que Posse quiere privatizar la zona del puerto de San Isidro","author":"GB","date":"21\/02\/2017","format":false,"excerpt":"Desde la oposici\u00f3n local advirtieron que los vecinos no pueden circular libremente por la zona y le apuntaron al intendente por \"querer hacer negocios\" con privados. Dirigentes de la oposici\u00f3n local denunciaron que el intendente Gustavo Posse busca \"privatizar\" la zona del puerto de San Isidro, cuya administraci\u00f3n fue traspasada\u2026","rel":"","context":"En \u00abLocales\u00bb","block_context":{"text":"Locales","link":"http:\/\/www.24baires.com\/?cat=38"},"img":{"alt_text":"","src":"https:\/\/i0.wp.com\/www.24baires.com\/wp-content\/uploads\/2014\/10\/gustavo-posse.jpg?resize=350%2C200","width":350,"height":200,"srcset":"https:\/\/i0.wp.com\/www.24baires.com\/wp-content\/uploads\/2014\/10\/gustavo-posse.jpg?resize=350%2C200 1x, https:\/\/i0.wp.com\/www.24baires.com\/wp-content\/uploads\/2014\/10\/gustavo-posse.jpg?resize=525%2C300 1.5x"},"classes":[]},{"id":52955,"url":"http:\/\/www.24baires.com\/?p=52955","url_meta":{"origin":59163,"position":3},"title":"Denuncian a Posse por una estafa millonaria con un Plan de Viviendas","author":"Grupo Sierra","date":"02\/09\/2014","format":false,"excerpt":"La Justicia investiga el posible desv\u00edo de dinero p\u00fablico dedicado a un Plan Federal de Viviendas en 2005. Las obras a\u00fan no se terminaron. El intendente de San Isidro, Gustavo Posse, qued\u00f3 envuelto en un esc\u00e1ndalo por presunta corrupci\u00f3n y desv\u00edo de fondos p\u00fablicos, que hab\u00eda recibido su distrito San\u2026","rel":"","context":"En \u00abJUDICIALES\u00bb","block_context":{"text":"JUDICIALES","link":"http:\/\/www.24baires.com\/?cat=68"},"img":{"alt_text":"posse tribil\u00edn","src":"https:\/\/i0.wp.com\/www.24baires.com\/wp-content\/uploads\/2013\/02\/posse-tribil%C3%ADn.jpg?resize=350%2C200","width":350,"height":200,"srcset":"https:\/\/i0.wp.com\/www.24baires.com\/wp-content\/uploads\/2013\/02\/posse-tribil%C3%ADn.jpg?resize=350%2C200 1x, https:\/\/i0.wp.com\/www.24baires.com\/wp-content\/uploads\/2013\/02\/posse-tribil%C3%ADn.jpg?resize=525%2C300 1.5x"},"classes":[]},{"id":72506,"url":"http:\/\/www.24baires.com\/?p=72506","url_meta":{"origin":59163,"position":4},"title":"San Isidro: Denuncian penalmente al intendente Posse","author":"GB","date":"22\/09\/2015","format":false,"excerpt":"El apoderado del Frente UNA en San Isidro, el abogado Luis Sprovieri, present\u00f3 una denuncia penal ante la Fiscal\u00eda del distrito contra el intendente Gustavo Posse, la Jueza de Faltas Virginia Stella y empleados municipales por abuso de autoridad, incumplimiento de los deberes de funcionario p\u00fablico, amenazas y lesiones leves.\u2026","rel":"","context":"En \u00abPoliciales\u00bb","block_context":{"text":"Policiales","link":"http:\/\/www.24baires.com\/?cat=49"},"img":{"alt_text":"gustavo posse","src":"https:\/\/i0.wp.com\/www.24baires.com\/wp-content\/uploads\/2014\/10\/gustavo-posse.jpg?resize=350%2C200","width":350,"height":200,"srcset":"https:\/\/i0.wp.com\/www.24baires.com\/wp-content\/uploads\/2014\/10\/gustavo-posse.jpg?resize=350%2C200 1x, https:\/\/i0.wp.com\/www.24baires.com\/wp-content\/uploads\/2014\/10\/gustavo-posse.jpg?resize=525%2C300 1.5x"},"classes":[]},{"id":52064,"url":"http:\/\/www.24baires.com\/?p=52064","url_meta":{"origin":59163,"position":5},"title":"San Isidro: Denuncian a Posse por hacer campa\u00f1a con fondos municipales","author":"GB","date":"19\/08\/2014","format":false,"excerpt":"Concejales del partido ConVocaci\u00f3n de San Isidro denunciaron que el intendente Gustavo Posse gast\u00f3 tres millones de pesos en cl\u00ednicas de rugby, golf y cocina en la Costa Atl\u00e1ntica, y lo acusan de financiar su campa\u00f1a a gobernador con fondos del municipio. \"Esto no le sirve en nada al vecino\u2026","rel":"","context":"En \u00abLocales\u00bb","block_context":{"text":"Locales","link":"http:\/\/www.24baires.com\/?cat=38"},"img":{"alt_text":"gustavo-posse","src":"https:\/\/i0.wp.com\/www.24baires.com\/wp-content\/uploads\/2014\/01\/gustavo-posse.jpg?resize=350%2C200","width":350,"height":200,"srcset":"https:\/\/i0.wp.com\/www.24baires.com\/wp-content\/uploads\/2014\/01\/gustavo-posse.jpg?resize=350%2C200 1x, https:\/\/i0.wp.com\/www.24baires.com\/wp-content\/uploads\/2014\/01\/gustavo-posse.jpg?resize=525%2C300 1.5x"},"classes":[]}],"jetpack_sharing_enabled":true,"jetpack_likes_enabled":true,"jetpack_featured_media_url":"","_links":{"self":[{"href":"http:\/\/www.24baires.com\/index.php?rest_route=\/wp\/v2\/posts\/59163","targetHints":{"allow":["GET"]}}],"collection":[{"href":"http:\/\/www.24baires.com\/index.php?rest_route=\/wp\/v2\/posts"}],"about":[{"href":"http:\/\/www.24baires.com\/index.php?rest_route=\/wp\/v2\/types\/post"}],"author":[{"embeddable":true,"href":"http:\/\/www.24baires.com\/index.php?rest_route=\/wp\/v2\/users\/11"}],"replies":[{"embeddable":true,"href":"http:\/\/www.24baires.com\/index.php?rest_route=%2Fwp%2Fv2%2Fcomments&post=59163"}],"version-history":[{"count":1,"href":"http:\/\/www.24baires.com\/index.php?rest_route=\/wp\/v2\/posts\/59163\/revisions"}],"predecessor-version":[{"id":59164,"href":"http:\/\/www.24baires.com\/index.php?rest_route=\/wp\/v2\/posts\/59163\/revisions\/59164"}],"wp:attachment":[{"href":"http:\/\/www.24baires.com\/index.php?rest_route=%2Fwp%2Fv2%2Fmedia&parent=59163"}],"wp:term":[{"taxonomy":"category","embeddable":true,"href":"http:\/\/www.24baires.com\/index.php?rest_route=%2Fwp%2Fv2%2Fcategories&post=59163"},{"taxonomy":"post_tag","embeddable":true,"href":"http:\/\/www.24baires.com\/index.php?rest_route=%2Fwp%2Fv2%2Ftags&post=59163"}],"curies":[{"name":"wp","href":"https:\/\/api.w.org\/{rel}","templated":true}]}}