{"id":59127,"date":"2014-12-24T14:30:04","date_gmt":"2014-12-24T17:30:04","guid":{"rendered":"http:\/\/www.24baires.com\/?p=59127"},"modified":"2014-12-24T13:45:02","modified_gmt":"2014-12-24T16:45:02","slug":"si-milani-es-procesado-sera-pasado-a-retiro-aseguro-anibal-fernandez","status":"publish","type":"post","link":"http:\/\/www.24baires.com\/?p=59127","title":{"rendered":"\u00abSi Milani es procesado, ser\u00e1 pasado a retiro\u00bb, asegur\u00f3 An\u00edbal Fern\u00e1ndez"},"content":{"rendered":"<p><img data-recalc-dims=\"1\" loading=\"lazy\" decoding=\"async\" class=\"aligncenter size-full wp-image-5267\" src=\"https:\/\/i0.wp.com\/www.24baires.com\/wp-content\/uploads\/2012\/11\/fern%C3%A1ndez-an%C3%ADbal2.jpg?resize=560%2C361\" alt=\"fern\u00e1ndez an\u00edbal2\" width=\"560\" height=\"361\" srcset=\"https:\/\/i0.wp.com\/www.24baires.com\/wp-content\/uploads\/2012\/11\/fern%C3%A1ndez-an%C3%ADbal2.jpg?w=560 560w, https:\/\/i0.wp.com\/www.24baires.com\/wp-content\/uploads\/2012\/11\/fern%C3%A1ndez-an%C3%ADbal2.jpg?resize=300%2C193 300w\" sizes=\"auto, (max-width: 560px) 100vw, 560px\" \/>El Secretario General de la Presidencia, opin\u00f3 sobre el jefe del Ej\u00e9rcito luego de que esta semana el fiscal federal Carlos Brito, pidiera su indagatoria por los delitos de \u00abfalsedad ideol\u00f3gica y encubrimiento\u00bb en la causa por la desaparici\u00f3n del soldado Alberto Agapito Ledo.<!--more--><\/p>\n<p>En ese marco Anibal Fern\u00e1ndez, en declaraciones radiales a Nacional Rock, sostuvo esta ma\u00f1ana que el jefe del Ej\u00e9rcito \u00abno tiene absolutamente nada que le impida que se le otorgue el acuerdo\u00bb y que \u00aben ninguna causa est\u00e1 procesado\u00bb.<\/p>\n<p>\u00abSi el d\u00eda de ma\u00f1ana existiera alg\u00fan elemento que le diera raz\u00f3n a un juez para para dictar el autoprocesamiento, la Presidenta lo pasar\u00e1 a retiro\u00bb, asegur\u00f3 el recientemente nombrado Secretario presidencial.<\/p>\n<p>En agosto del a\u00f1o pasado, Brito dispuso el procesamiento de un ex jefe de Milani, Esteban Sanguinetti. La causa<\/p>\n<p>Ledo, que se abri\u00f3 en 2007, hab\u00eda quedado inactiva y se reactiv\u00f3 un a\u00f1o despu\u00e9s cuando se pidi\u00f3 la indagatoria de Sanguinetti. Se lo acusa de ser el responsable directo de la desaparici\u00f3n de Ledo.<\/p>\n<p>&nbsp;<\/p>\n<p>&nbsp;<\/p>\n<p>&nbsp;<\/p>\n<p>&nbsp;<\/p>\n<p>&nbsp;<\/p>\n<p>&nbsp;<\/p>\n<p>&nbsp;<\/p>\n<p>&nbsp;<\/p>\n<p>&nbsp;<\/p>\n<p>&nbsp;<\/p>\n<p>&nbsp;<\/p>\n<p>&nbsp;<\/p>\n<p>&nbsp;<\/p>\n","protected":false},"excerpt":{"rendered":"<p>El Secretario General de la Presidencia, opin\u00f3 sobre el jefe del Ej\u00e9rcito luego de que esta semana el fiscal federal Carlos Brito, pidiera su indagatoria por los delitos de \u00abfalsedad ideol\u00f3gica y encubrimiento\u00bb en la causa por la desaparici\u00f3n del soldado Alberto Agapito Ledo.<\/p>\n","protected":false},"author":8,"featured_media":0,"comment_status":"open","ping_status":"open","sticky":false,"template":"","format":"standard","meta":{"_jetpack_newsletter_access":"","_jetpack_dont_email_post_to_subs":false,"_jetpack_newsletter_tier_id":0,"_jetpack_memberships_contains_paywalled_content":false,"_jetpack_memberships_contains_paid_content":false,"footnotes":""},"categories":[51],"tags":[],"class_list":["post-59127","post","type-post","status-publish","format-standard","hentry","category-politica"],"jetpack_shortlink":"https:\/\/wp.me\/p2JWE0-fnF","jetpack-related-posts":[{"id":68043,"url":"http:\/\/www.24baires.com\/?p=68043","url_meta":{"origin":59127,"position":0},"title":"An\u00edbal se refiri\u00f3 al retiro de Milani: \u00abfue por razones personales, no le den m\u00e1s vueltas","author":"GB","date":"24\/06\/2015","format":false,"excerpt":"El jefe de Gabinete, An\u00edbal Fern\u00e1ndez, sostuvo hoy que la decisi\u00f3n \"es un hecho simple\" y afirm\u00f3 que se debe a motivos personales del ex jefe del Ej\u00e9rcito. \"Si el propio Milani lo dijo por qu\u00e9 hay que buscarle la vuelta a estas cosas\", se pregunt\u00f3. Lo expres\u00f3 en su\u2026","rel":"","context":"En \u00abPol\u00edtica\u00bb","block_context":{"text":"Pol\u00edtica","link":"http:\/\/www.24baires.com\/?cat=51"},"img":{"alt_text":"anibal conferencia","src":"https:\/\/i0.wp.com\/www.24baires.com\/wp-content\/uploads\/2015\/04\/anibal-conferencia.jpg?resize=350%2C200","width":350,"height":200,"srcset":"https:\/\/i0.wp.com\/www.24baires.com\/wp-content\/uploads\/2015\/04\/anibal-conferencia.jpg?resize=350%2C200 1x, https:\/\/i0.wp.com\/www.24baires.com\/wp-content\/uploads\/2015\/04\/anibal-conferencia.jpg?resize=525%2C300 1.5x"},"classes":[]},{"id":111535,"url":"http:\/\/www.24baires.com\/?p=111535","url_meta":{"origin":59127,"position":1},"title":"Absolvieron a Milani por el caso Olivera","author":"AF","date":"09\/08\/2019","format":false,"excerpt":"El ex jefe del Ej\u00e9rcito, C\u00e9sar Milani, result\u00f3 absuelto hoy en la causa que investigaba su presunta participaci\u00f3n en delitos de lesa humanidad cometidos durante la \u00faltima dictadura en la provincia de La Rioja y la Justicia de esa provincia orden\u00f3 su \"inmediata libertad\". As\u00ed lo resolvi\u00f3 el Tribunal Oral\u2026","rel":"","context":"En \u00abJUDICIALES\u00bb","block_context":{"text":"JUDICIALES","link":"http:\/\/www.24baires.com\/?cat=68"},"img":{"alt_text":"","src":"https:\/\/i0.wp.com\/www.24baires.com\/wp-content\/uploads\/2017\/02\/milani3.jpg?resize=350%2C200","width":350,"height":200,"srcset":"https:\/\/i0.wp.com\/www.24baires.com\/wp-content\/uploads\/2017\/02\/milani3.jpg?resize=350%2C200 1x, https:\/\/i0.wp.com\/www.24baires.com\/wp-content\/uploads\/2017\/02\/milani3.jpg?resize=525%2C300 1.5x"},"classes":[]},{"id":100960,"url":"http:\/\/www.24baires.com\/?p=100960","url_meta":{"origin":59127,"position":2},"title":"La Corte dej\u00f3 firme el procesamiento y la prisi\u00f3n preventiva de C\u00e9sar Milani","author":"AF","date":"09\/03\/2018","format":false,"excerpt":"Es por la causa de secuestro y tormentos a Pedro Olivera y su hijo Ram\u00f3n en marzo de 1977, en La Rioja, durante la dictadura c\u00edvico militar 76-83. La Corte Suprema de Justicia dej\u00f3 firme el procesamiento y prisi\u00f3n preventiva del ex jefe del Ej\u00e9rcito C\u00e9sar Milani por el secuestro\u2026","rel":"","context":"En \u00abLocales\u00bb","block_context":{"text":"Locales","link":"http:\/\/www.24baires.com\/?cat=38"},"img":{"alt_text":"","src":"https:\/\/i0.wp.com\/www.24baires.com\/wp-content\/uploads\/2015\/06\/milani2.jpg?resize=350%2C200","width":350,"height":200,"srcset":"https:\/\/i0.wp.com\/www.24baires.com\/wp-content\/uploads\/2015\/06\/milani2.jpg?resize=350%2C200 1x, https:\/\/i0.wp.com\/www.24baires.com\/wp-content\/uploads\/2015\/06\/milani2.jpg?resize=525%2C300 1.5x"},"classes":[]},{"id":113198,"url":"http:\/\/www.24baires.com\/?p=113198","url_meta":{"origin":59127,"position":3},"title":"Milani fue absuelto por la desaparici\u00f3n del soldado Ledo","author":"AF","date":"29\/11\/2019","format":false,"excerpt":"C\u00e9sar Milani, ex jefe del Ej\u00e9rcito del gobierno de Cristina Fern\u00e1ndez de Kirchner, acusado de falsear un acta sobre la presunta \"deserci\u00f3n\" del soldado Alberto Agapito Ledo, desaparecido en 1976, fue absuelto por el Tribunal Oral Federal de Tucum\u00e1n. \"Fue una campa\u00f1a pol\u00edtica, medi\u00e1tica y judicial in\u00e9dita contra un jefe\u2026","rel":"","context":"En \u00abJUDICIALES\u00bb","block_context":{"text":"JUDICIALES","link":"http:\/\/www.24baires.com\/?cat=68"},"img":{"alt_text":"","src":"https:\/\/i0.wp.com\/www.24baires.com\/wp-content\/uploads\/2015\/06\/milani2.jpg?resize=350%2C200","width":350,"height":200,"srcset":"https:\/\/i0.wp.com\/www.24baires.com\/wp-content\/uploads\/2015\/06\/milani2.jpg?resize=350%2C200 1x, https:\/\/i0.wp.com\/www.24baires.com\/wp-content\/uploads\/2015\/06\/milani2.jpg?resize=525%2C300 1.5x"},"classes":[]},{"id":68035,"url":"http:\/\/www.24baires.com\/?p=68035","url_meta":{"origin":59127,"position":4},"title":"Ricardo Luis Cundom es el nuevo jefe del Ej\u00e9rcito","author":"GB","date":"23\/06\/2015","format":false,"excerpt":"A trav\u00e9s de un comunicado se inform\u00f3 la designaci\u00f3n del nuevo Jefe del Estado Mayor del Ej\u00e9rcito Argentino, que se produjo tras el pedido de retiro efectuado hoy por el teniente general C\u00e9sar Milani. La presidenta Cristina Fern\u00e1ndez de Kirchner design\u00f3 hoy como nuevo Jefe del Estado Mayor del Ej\u00e9rcito\u2026","rel":"","context":"En \u00abPol\u00edtica\u00bb","block_context":{"text":"Pol\u00edtica","link":"http:\/\/www.24baires.com\/?cat=51"},"img":{"alt_text":"condum","src":"https:\/\/i0.wp.com\/www.24baires.com\/wp-content\/uploads\/2015\/06\/condum-216x300.jpg?resize=350%2C200","width":350,"height":200},"classes":[]},{"id":93379,"url":"http:\/\/www.24baires.com\/?p=93379","url_meta":{"origin":59127,"position":5},"title":"Procesaron con prisi\u00f3n preventiva a C\u00e9sar Milani","author":"AF","date":"28\/03\/2017","format":false,"excerpt":"El ex jefe del Ej\u00e9rcito del gobierno de Cristina Kirchner, C\u00e9sar Milani, fue procesado por una causa en la que se lo acusa de asociaci\u00f3n il\u00edcita con el represor Luciano Benjam\u00edn Men\u00e9ndez y un juez, y por otra en la que se lo considera part\u00edcipe necesario de la detenci\u00f3n ilegal\u2026","rel":"","context":"En \u00abJUDICIALES\u00bb","block_context":{"text":"JUDICIALES","link":"http:\/\/www.24baires.com\/?cat=68"},"img":{"alt_text":"","src":"https:\/\/i0.wp.com\/www.24baires.com\/wp-content\/uploads\/2017\/02\/milani3.jpg?resize=350%2C200","width":350,"height":200,"srcset":"https:\/\/i0.wp.com\/www.24baires.com\/wp-content\/uploads\/2017\/02\/milani3.jpg?resize=350%2C200 1x, https:\/\/i0.wp.com\/www.24baires.com\/wp-content\/uploads\/2017\/02\/milani3.jpg?resize=525%2C300 1.5x"},"classes":[]}],"jetpack_sharing_enabled":true,"jetpack_likes_enabled":true,"jetpack_featured_media_url":"","_links":{"self":[{"href":"http:\/\/www.24baires.com\/index.php?rest_route=\/wp\/v2\/posts\/59127","targetHints":{"allow":["GET"]}}],"collection":[{"href":"http:\/\/www.24baires.com\/index.php?rest_route=\/wp\/v2\/posts"}],"about":[{"href":"http:\/\/www.24baires.com\/index.php?rest_route=\/wp\/v2\/types\/post"}],"author":[{"embeddable":true,"href":"http:\/\/www.24baires.com\/index.php?rest_route=\/wp\/v2\/users\/8"}],"replies":[{"embeddable":true,"href":"http:\/\/www.24baires.com\/index.php?rest_route=%2Fwp%2Fv2%2Fcomments&post=59127"}],"version-history":[{"count":1,"href":"http:\/\/www.24baires.com\/index.php?rest_route=\/wp\/v2\/posts\/59127\/revisions"}],"predecessor-version":[{"id":59128,"href":"http:\/\/www.24baires.com\/index.php?rest_route=\/wp\/v2\/posts\/59127\/revisions\/59128"}],"wp:attachment":[{"href":"http:\/\/www.24baires.com\/index.php?rest_route=%2Fwp%2Fv2%2Fmedia&parent=59127"}],"wp:term":[{"taxonomy":"category","embeddable":true,"href":"http:\/\/www.24baires.com\/index.php?rest_route=%2Fwp%2Fv2%2Fcategories&post=59127"},{"taxonomy":"post_tag","embeddable":true,"href":"http:\/\/www.24baires.com\/index.php?rest_route=%2Fwp%2Fv2%2Ftags&post=59127"}],"curies":[{"name":"wp","href":"https:\/\/api.w.org\/{rel}","templated":true}]}}