{"id":59123,"date":"2014-12-24T13:30:13","date_gmt":"2014-12-24T16:30:13","guid":{"rendered":"http:\/\/www.24baires.com\/?p=59123"},"modified":"2014-12-24T13:18:58","modified_gmt":"2014-12-24T16:18:58","slug":"scioli-desde-tandil-el-ano-termina-con-paz-social-mucho-turismo-y-sin-cortes-de-luz","status":"publish","type":"post","link":"http:\/\/www.24baires.com\/?p=59123","title":{"rendered":"Scioli desde Tandil: \u00abEl a\u00f1o termina con paz social, mucho turismo y sin cortes de luz\u00bb"},"content":{"rendered":"<p><img data-recalc-dims=\"1\" loading=\"lazy\" decoding=\"async\" class=\"aligncenter size-full wp-image-52695\" src=\"https:\/\/i0.wp.com\/www.24baires.com\/wp-content\/uploads\/2014\/08\/scioli5.jpg?resize=560%2C280\" alt=\"scioli5\" width=\"560\" height=\"280\" srcset=\"https:\/\/i0.wp.com\/www.24baires.com\/wp-content\/uploads\/2014\/08\/scioli5.jpg?w=560 560w, https:\/\/i0.wp.com\/www.24baires.com\/wp-content\/uploads\/2014\/08\/scioli5.jpg?resize=300%2C150 300w\" sizes=\"auto, (max-width: 560px) 100vw, 560px\" \/>El gobernador bonaerense mand\u00f3 el saludo desde Tandil, en el marco de las celebraciones por las v\u00edsperas de la Navidad y luego de inaugurar la iluminaci\u00f3n en el \u00abCristo de las Sierras\u00bb<!--more--><\/p>\n<p>El gobernador bonaerense, Daniel Scioli, env\u00edo hoy desde Tandil un mensaje \u00abde paz, de unidad, de tolerancia y de convivencia democr\u00e1tica\u00bb en el marco de las celebraciones por las v\u00edsperas de la Navidad y luego de inaugurar la iluminaci\u00f3n en el \u00abCristo de las Sierras\u00bb, y entregar aportes en materia de infraestructura rural y tecnol\u00f3gica, junto al vicegobernador Gabriel Mariotto.<\/p>\n<p>En un acto realizado sobre la cima del Cerro Don Bosco, Scioli pidi\u00f3 \u00abm\u00e1s que nunca un esp\u00edritu de contribuci\u00f3n en estas navidades para seguir progresando y avanzando\u201d, al inaugurar las luminarias led sustentadas por energ\u00edas renovables, solares y e\u00f3licas, del paseo tur\u00edstico religioso \u00abCristo de las Sierras\u00bb, junto al intendente local Miguel \u00c1ngel Lunghi y el secretario de Servicios P\u00fablicos, Franco La Porta.<\/p>\n<p>Luego, en el Palacio Municipal, hizo entrega de aportes financieros para la recomposici\u00f3n de caminos rurales de la ciudad serrana; y para la construcci\u00f3n del nuevo edificio del Polo Inform\u00e1tico.<\/p>\n<p>\u00abEstamos llegando a Nochebuena sin ninguna alteraci\u00f3n en el orden p\u00fablico, cuando otros auguraban lo contrario, con muy buen di\u00e1logo con distintas organizaciones gremiales\u00bb asegur\u00f3 Scioli, y enfatiz\u00f3 que \u00abla diversidad nos tiene que nutrir a ser m\u00e1s fuertes, como nos marc\u00f3 el Papa Francisco: tenemos que llevar adelante no s\u00f3lo una agenda social sino de valores\u00bb.<\/p>\n<p>En ese marco, Scioli, acompa\u00f1ado por Mariotto, tambi\u00e9n visit\u00f3 al padre Ra\u00fal Troncoso, cura p\u00e1rroco de la Iglesia del Sant\u00edsimo Sacramento.<\/p>\n<p>&nbsp;<\/p>\n<p>&nbsp;<\/p>\n<p>&nbsp;<\/p>\n<p>&nbsp;<\/p>\n<p>&nbsp;<\/p>\n<p>&nbsp;<\/p>\n<p>&nbsp;<\/p>\n<p>&nbsp;<\/p>\n<p>&nbsp;<\/p>\n<p>&nbsp;<\/p>\n<p>&nbsp;<\/p>\n<p>&nbsp;<\/p>\n<p>&nbsp;<\/p>\n","protected":false},"excerpt":{"rendered":"<p>El gobernador bonaerense mand\u00f3 el saludo desde Tandil, en el marco de las celebraciones por las v\u00edsperas de la Navidad y luego de inaugurar la iluminaci\u00f3n en el \u00abCristo de las Sierras\u00bb<\/p>\n","protected":false},"author":8,"featured_media":0,"comment_status":"open","ping_status":"open","sticky":false,"template":"","format":"standard","meta":{"_jetpack_newsletter_access":"","_jetpack_dont_email_post_to_subs":false,"_jetpack_newsletter_tier_id":0,"_jetpack_memberships_contains_paywalled_content":false,"_jetpack_memberships_contains_paid_content":false,"footnotes":""},"categories":[51],"tags":[],"class_list":["post-59123","post","type-post","status-publish","format-standard","hentry","category-politica"],"jetpack_shortlink":"https:\/\/wp.me\/p2JWE0-fnB","jetpack-related-posts":[{"id":101122,"url":"http:\/\/www.24baires.com\/?p=101122","url_meta":{"origin":59123,"position":0},"title":"Indagar\u00e1n a Scioli por irregularidades en la construcci\u00f3n de las UPA 24","author":"AF","date":"17\/03\/2018","format":false,"excerpt":"El ex gobernador Daniel Scioli y quien fuera su ministro de Salud, Alejandro Collia, fueron imputados y citados a prestar declaraci\u00f3n indagatoria en el marco de una causa que investiga presuntas irregularidades en la adjudicaci\u00f3n de ocho Unidades de Pronta Atenci\u00f3n (UPA 24) para las que se destinaron m\u00e1s de\u2026","rel":"","context":"En \u00abJUDICIALES\u00bb","block_context":{"text":"JUDICIALES","link":"http:\/\/www.24baires.com\/?cat=68"},"img":{"alt_text":"","src":"https:\/\/i0.wp.com\/www.24baires.com\/wp-content\/uploads\/2014\/05\/Daniel-Scioli.jpg?resize=350%2C200","width":350,"height":200,"srcset":"https:\/\/i0.wp.com\/www.24baires.com\/wp-content\/uploads\/2014\/05\/Daniel-Scioli.jpg?resize=350%2C200 1x, https:\/\/i0.wp.com\/www.24baires.com\/wp-content\/uploads\/2014\/05\/Daniel-Scioli.jpg?resize=525%2C300 1.5x"},"classes":[]},{"id":41323,"url":"http:\/\/www.24baires.com\/?p=41323","url_meta":{"origin":59123,"position":1},"title":"El libro del Papa por la provincia tendr\u00e1 su historia en Tandil","author":"Grupo Sierra","date":"01\/03\/2014","format":false,"excerpt":"\"Los Senderos de Francisco\" describe los recorridos emblem\u00e1ticos que forjaron la personalidad de Jorge Bergoglio. El objetivo del libro tambi\u00e9n radica en el fomento del turismo de las zonas bonaerenses por donde Bergoglio transit\u00f3 a lo largo de su vida, desde su infancia, formaci\u00f3n acad\u00e9mica y eclesi\u00e1stica y sus trabajos\u2026","rel":"","context":"En \u00abLocales\u00bb","block_context":{"text":"Locales","link":"http:\/\/www.24baires.com\/?cat=38"},"img":{"alt_text":"","src":"","width":0,"height":0},"classes":[]},{"id":24852,"url":"http:\/\/www.24baires.com\/?p=24852","url_meta":{"origin":59123,"position":2},"title":"Expectativa por el discurso de Scioli en la inauguraci\u00f3n de una comisar\u00eda en Tandil","author":"AF","date":"01\/06\/2013","format":false,"excerpt":"El gobernador bonaerense Daniel Scioli estar\u00e1 este s\u00e1bado en Tandil para poner en marcha, junto al Intendente local, Miguel Lunghi, la Comisaria Cuarta de esa ciudad. Ser\u00e1 la primera aparici\u00f3n p\u00fablica luego de los dichos de la Presidenta que lo habr\u00eda tenido como principal receptor y se espera con expectativa\u2026","rel":"","context":"En \u00abPol\u00edtica\u00bb","block_context":{"text":"Pol\u00edtica","link":"http:\/\/www.24baires.com\/?cat=51"},"img":{"alt_text":"scioli tierras","src":"https:\/\/i0.wp.com\/www.24baires.com\/wp-content\/uploads\/2012\/10\/scioli-tierras-300x180.jpg?resize=350%2C200","width":350,"height":200},"classes":[]},{"id":106709,"url":"http:\/\/www.24baires.com\/?p=106709","url_meta":{"origin":59123,"position":3},"title":"Vidal inaugur\u00f3 obras hidr\u00e1ulicas en La Plata","author":"GB","date":"06\/02\/2019","format":false,"excerpt":"En tono de campa\u00f1a y con fuertes cr\u00edticas a la gesti\u00f3n anterior, la gobernadora Mar\u00eda Eugenia Vidal inaugur\u00f3 hoy obras hidr\u00e1ulicas en la ciudad de La Plata, donde en 2013 una inundaci\u00f3n caus\u00f3 la muerte de 89 personas. Junto al intendente local Julio Garro, Vidal inaugur\u00f3 hoy el ensanche y\u2026","rel":"","context":"En \u00abProvincia\u00bb","block_context":{"text":"Provincia","link":"http:\/\/www.24baires.com\/?cat=40"},"img":{"alt_text":"","src":"https:\/\/i0.wp.com\/www.24baires.com\/wp-content\/uploads\/2019\/02\/vidal-en-la-plata-300x200.jpg?resize=350%2C200","width":350,"height":200},"classes":[]},{"id":33781,"url":"http:\/\/www.24baires.com\/?p=33781","url_meta":{"origin":59123,"position":4},"title":"Construir\u00e1n un parque tecnol\u00f3gico provincial en Tandil","author":"AF","date":"19\/10\/2013","format":false,"excerpt":"El gobernador Daniel Scioli se comprometi\u00f3 a gestionar fondos para emprendedores de ese sector que es \u201cla clave del desarrollo y futuro de la provincia\". Daniel Scioli visit\u00f3 la ciudad de Tandil. El gobernador y el titular de ANSES, Diego Bossio, encabezaron un acto en la facultad de Ciencias Exactas\u2026","rel":"","context":"En \u00abLocales\u00bb","block_context":{"text":"Locales","link":"http:\/\/www.24baires.com\/?cat=38"},"img":{"alt_text":"tandil","src":"https:\/\/i0.wp.com\/www.24baires.com\/wp-content\/uploads\/2013\/03\/tandil.png?resize=350%2C200","width":350,"height":200},"classes":[]},{"id":52831,"url":"http:\/\/www.24baires.com\/?p=52831","url_meta":{"origin":59123,"position":5},"title":"Tandil: Scioli le tir\u00f3 flores al Intendente radical Lunghi","author":"AF","date":"31\/08\/2014","format":false,"excerpt":"El gobernador Daniel Scioli afirm\u00f3 hoy que \"uniendo voluntades se pueden cumplir sue\u00f1os\", al inaugurar el Centro de Salud Mental de D\u00eda \"Alicia Tita Brivio\", entregar escrituras y materiales para el desarrollo de obras cloacales en la ciudad serrana de Tandil, junto a su esposa y presidenta de la Fundaci\u00f3n\u2026","rel":"","context":"En \u00abLocales\u00bb","block_context":{"text":"Locales","link":"http:\/\/www.24baires.com\/?cat=38"},"img":{"alt_text":"","src":"https:\/\/i0.wp.com\/www.24baires.com\/wp-content\/uploads\/2014\/08\/scioli-tandil.jpg?resize=350%2C200","width":350,"height":200,"srcset":"https:\/\/i0.wp.com\/www.24baires.com\/wp-content\/uploads\/2014\/08\/scioli-tandil.jpg?resize=350%2C200 1x, https:\/\/i0.wp.com\/www.24baires.com\/wp-content\/uploads\/2014\/08\/scioli-tandil.jpg?resize=525%2C300 1.5x"},"classes":[]}],"jetpack_sharing_enabled":true,"jetpack_likes_enabled":true,"jetpack_featured_media_url":"","_links":{"self":[{"href":"http:\/\/www.24baires.com\/index.php?rest_route=\/wp\/v2\/posts\/59123","targetHints":{"allow":["GET"]}}],"collection":[{"href":"http:\/\/www.24baires.com\/index.php?rest_route=\/wp\/v2\/posts"}],"about":[{"href":"http:\/\/www.24baires.com\/index.php?rest_route=\/wp\/v2\/types\/post"}],"author":[{"embeddable":true,"href":"http:\/\/www.24baires.com\/index.php?rest_route=\/wp\/v2\/users\/8"}],"replies":[{"embeddable":true,"href":"http:\/\/www.24baires.com\/index.php?rest_route=%2Fwp%2Fv2%2Fcomments&post=59123"}],"version-history":[{"count":1,"href":"http:\/\/www.24baires.com\/index.php?rest_route=\/wp\/v2\/posts\/59123\/revisions"}],"predecessor-version":[{"id":59124,"href":"http:\/\/www.24baires.com\/index.php?rest_route=\/wp\/v2\/posts\/59123\/revisions\/59124"}],"wp:attachment":[{"href":"http:\/\/www.24baires.com\/index.php?rest_route=%2Fwp%2Fv2%2Fmedia&parent=59123"}],"wp:term":[{"taxonomy":"category","embeddable":true,"href":"http:\/\/www.24baires.com\/index.php?rest_route=%2Fwp%2Fv2%2Fcategories&post=59123"},{"taxonomy":"post_tag","embeddable":true,"href":"http:\/\/www.24baires.com\/index.php?rest_route=%2Fwp%2Fv2%2Ftags&post=59123"}],"curies":[{"name":"wp","href":"https:\/\/api.w.org\/{rel}","templated":true}]}}