{"id":59107,"date":"2014-12-24T10:00:10","date_gmt":"2014-12-24T13:00:10","guid":{"rendered":"http:\/\/www.24baires.com\/?p=59107"},"modified":"2014-12-26T10:07:25","modified_gmt":"2014-12-26T13:07:25","slug":"formalizaron-la-designacion-de-alejandro-vanoli-al-frente-del-banco-central","status":"publish","type":"post","link":"http:\/\/www.24baires.com\/?p=59107","title":{"rendered":"Formalizaron la designaci\u00f3n de Alejandro Vanoli al frente del Banco Central"},"content":{"rendered":"<p><img data-recalc-dims=\"1\" loading=\"lazy\" decoding=\"async\" class=\"aligncenter size-full wp-image-54914\" src=\"https:\/\/i0.wp.com\/www.24baires.com\/wp-content\/uploads\/2014\/10\/vanoli-1.jpg?resize=560%2C316\" alt=\"vanoli 1\" width=\"560\" height=\"316\" srcset=\"https:\/\/i0.wp.com\/www.24baires.com\/wp-content\/uploads\/2014\/10\/vanoli-1.jpg?w=560 560w, https:\/\/i0.wp.com\/www.24baires.com\/wp-content\/uploads\/2014\/10\/vanoli-1.jpg?resize=300%2C169 300w\" sizes=\"auto, (max-width: 560px) 100vw, 560px\" \/>El funcionario se desempe\u00f1a en comisi\u00f3n al frente de la autoridad monetaria desde el 1\u00b0 de octubre pasado. El nombramiento es por cinco a\u00f1os, y completar\u00e1 el mandato del anterior titular del Central, Juan Carlos F\u00e1brega, hasta el 2019.<!--more--><br \/>\nEl gobierno nacional formaliz\u00f3 hoy la designaci\u00f3n de Alejandro Vanoli al frente del Banco Central de la Rep\u00fablica Argentina (BCRA), luego de que la semana pasada el pliego de su nombramiento fuera aprobado en el Senado.<\/p>\n<p>La medida se concret\u00f3 a trav\u00e9s del decreto 2527, que se publica en el Bolet\u00edn Oficial con la firma de la presidenta Cristina Fern\u00e1ndez de Kirchner; del jefe de Gabinete, Jorge Capitanich; y del ministro de Econom\u00eda y Finanzas P\u00fablicas, Axel Kicillof.<\/p>\n<p>La c\u00e1mara alta otorg\u00f3 el acuerdo a la designaci\u00f3n de Vanoli Long Biocca (tal es su apellido completo), como tambi\u00e9n de Pedro Mart\u00edn Biscay como director del BCRA.<\/p>\n<p>El nombramiento de este \u00faltimo funcionario fue convalidado mediante el decreto 2528, tambi\u00e9n publicado hoy en el Bolet\u00edn Oficial.<\/p>\n<p>Vanoli se desempe\u00f1a en comisi\u00f3n al frente de la autoridad monetaria desde el 1\u00b0 de octubre pasado, la designaci\u00f3n es por cinco a\u00f1os, y completar\u00e1 el mandato del anterior titular del Central, Juan Carlos F\u00e1brega, hasta el 2019.<\/p>\n","protected":false},"excerpt":{"rendered":"<p>El funcionario se desempe\u00f1a en comisi\u00f3n al frente de la autoridad monetaria desde el 1\u00b0 de octubre pasado. El nombramiento es por cinco a\u00f1os, y completar\u00e1 el mandato del anterior titular del Central, Juan Carlos F\u00e1brega, hasta el 2019.<\/p>\n","protected":false},"author":4,"featured_media":0,"comment_status":"open","ping_status":"open","sticky":false,"template":"","format":"standard","meta":{"_jetpack_newsletter_access":"","_jetpack_dont_email_post_to_subs":false,"_jetpack_newsletter_tier_id":0,"_jetpack_memberships_contains_paywalled_content":false,"_jetpack_memberships_contains_paid_content":false,"footnotes":""},"categories":[51],"tags":[],"class_list":["post-59107","post","type-post","status-publish","format-standard","hentry","category-politica"],"jetpack_shortlink":"https:\/\/wp.me\/p2JWE0-fnl","jetpack-related-posts":[{"id":54630,"url":"http:\/\/www.24baires.com\/?p=54630","url_meta":{"origin":59107,"position":0},"title":"\u00abVanoli buscar\u00e1 establecer condiciones claras de estabilidad monetaria y cambiaria\u00bb","author":"AF","date":"02\/10\/2014","format":false,"excerpt":"El jefe de Gabinete, Jorge Capitanich, consign\u00f3 que el Poder Ejecutivo enviar\u00e1 de manera \u201cinmediata\u201d al Senado de la Naci\u00f3n para su aprobaci\u00f3n el pliego del designado nuevo titular del Banco Central de la Rep\u00fablica Argentina (BCRA), Alejandro Vanoli. Se trata de \u201cpropiciar las condiciones para el crecimiento de la\u2026","rel":"","context":"En \u00abEconom\u00eda\u00bb","block_context":{"text":"Econom\u00eda","link":"http:\/\/www.24baires.com\/?cat=45"},"img":{"alt_text":"alejandro vanoli","src":"https:\/\/i0.wp.com\/www.24baires.com\/wp-content\/uploads\/2014\/08\/alejandro-vanoli.jpg?resize=350%2C200","width":350,"height":200,"srcset":"https:\/\/i0.wp.com\/www.24baires.com\/wp-content\/uploads\/2014\/08\/alejandro-vanoli.jpg?resize=350%2C200 1x, https:\/\/i0.wp.com\/www.24baires.com\/wp-content\/uploads\/2014\/08\/alejandro-vanoli.jpg?resize=525%2C300 1.5x"},"classes":[]},{"id":54607,"url":"http:\/\/www.24baires.com\/?p=54607","url_meta":{"origin":59107,"position":1},"title":"En el Banco Central se baja F\u00e1brega, sube Vanoli","author":"Grupo Sierra","date":"01\/10\/2014","format":false,"excerpt":"La presidenta Cristina Fern\u00e1ndez de Kirchner design\u00f3 esta tarde como nuevo presidente del Banco Central a Alejandro Vanoli, en reemplazo de Juan Carlos F\u00e1brega, quien hoy renunci\u00f3 al cargo. Vanoli hasta el momento se desempe\u00f1aba al frente de la Comisi\u00f3n Nacional de Valores. La decisi\u00f3n fue comunicada por el vocero\u2026","rel":"","context":"En \u00abEconom\u00eda\u00bb","block_context":{"text":"Econom\u00eda","link":"http:\/\/www.24baires.com\/?cat=45"},"img":{"alt_text":"alejandro vanoli","src":"https:\/\/i0.wp.com\/www.24baires.com\/wp-content\/uploads\/2014\/08\/alejandro-vanoli.jpg?resize=350%2C200","width":350,"height":200,"srcset":"https:\/\/i0.wp.com\/www.24baires.com\/wp-content\/uploads\/2014\/08\/alejandro-vanoli.jpg?resize=350%2C200 1x, https:\/\/i0.wp.com\/www.24baires.com\/wp-content\/uploads\/2014\/08\/alejandro-vanoli.jpg?resize=525%2C300 1.5x"},"classes":[]},{"id":75205,"url":"http:\/\/www.24baires.com\/?p=75205","url_meta":{"origin":59107,"position":2},"title":"Vanoli, sobre el allanamiento al Banco Central: \u201cEs una maniobra pol\u00edtica\u00bb","author":"AF","date":"18\/11\/2015","format":false,"excerpt":"En conferencia de prensa junto al Jefe de Gabinete, An\u00edbal Fern\u00e1ndez, el Presidente del Banco Central, Alejandro Vanoli, sostuvo que la medida judicial enmarcada en una causa por venta de d\u00f3lar futuro, busca \"generar zozobra\". El presidente del Banco Central (BCRA), Alejandro Vanoli, sostuvo esta ma\u00f1ana que el allanamiento de\u2026","rel":"","context":"En \u00abEconom\u00eda\u00bb","block_context":{"text":"Econom\u00eda","link":"http:\/\/www.24baires.com\/?cat=45"},"img":{"alt_text":"vanoli 1","src":"https:\/\/i0.wp.com\/www.24baires.com\/wp-content\/uploads\/2014\/10\/vanoli-1.jpg?resize=350%2C200","width":350,"height":200,"srcset":"https:\/\/i0.wp.com\/www.24baires.com\/wp-content\/uploads\/2014\/10\/vanoli-1.jpg?resize=350%2C200 1x, https:\/\/i0.wp.com\/www.24baires.com\/wp-content\/uploads\/2014\/10\/vanoli-1.jpg?resize=525%2C300 1.5x"},"classes":[]},{"id":54877,"url":"http:\/\/www.24baires.com\/?p=54877","url_meta":{"origin":59107,"position":3},"title":"Di Tullio: \u00abVanoli pondr\u00e1 freno a la especulaci\u00f3n\u00bb","author":"AF","date":"06\/10\/2014","format":false,"excerpt":"La presidenta del bloque de diputados nacionales del FpV, Juliana Di Tullio, consider\u00f3 hoy \u201causpicioso\u201d el cambio en la conducci\u00f3n del Banco Central. \u201cEn lo que tiene que ver con ponerle un poco el freno a la especulaci\u00f3n, Vanoli va a tener un buen desempe\u00f1o en el Banco Central\u201d, asever\u00f3\u2026","rel":"","context":"En \u00abEconom\u00eda\u00bb","block_context":{"text":"Econom\u00eda","link":"http:\/\/www.24baires.com\/?cat=45"},"img":{"alt_text":"Di Tullio","src":"https:\/\/i0.wp.com\/www.24baires.com\/wp-content\/uploads\/2013\/05\/Di-Tullio.jpg?resize=350%2C200","width":350,"height":200,"srcset":"https:\/\/i0.wp.com\/www.24baires.com\/wp-content\/uploads\/2013\/05\/Di-Tullio.jpg?resize=350%2C200 1x, https:\/\/i0.wp.com\/www.24baires.com\/wp-content\/uploads\/2013\/05\/Di-Tullio.jpg?resize=525%2C300 1.5x"},"classes":[]},{"id":58345,"url":"http:\/\/www.24baires.com\/?p=58345","url_meta":{"origin":59107,"position":4},"title":"\u00abLos ahorristas ganaron, y los especuladores perdieron\u00bb, dijo Vanoli en el Senado","author":"GB","date":"09\/12\/2014","format":false,"excerpt":"El presidente del Banco Central, Alejandro Vanoli, asegur\u00f3 que en sus dos primeros meses de gesti\u00f3n al frente de la autoridad monetaria el BCRA \"gan\u00f3\" al igual que los peque\u00f1os ahorristas y, en cambio, \"los especuladores perdieron\". Al exponer ante la Comisi\u00f3n de Acuerdos del Senado, Vanoli precis\u00f3 que \"en\u2026","rel":"","context":"En \u00abEconom\u00eda\u00bb","block_context":{"text":"Econom\u00eda","link":"http:\/\/www.24baires.com\/?cat=45"},"img":{"alt_text":"vanoli 1","src":"https:\/\/i0.wp.com\/www.24baires.com\/wp-content\/uploads\/2014\/10\/vanoli-1.jpg?resize=350%2C200","width":350,"height":200,"srcset":"https:\/\/i0.wp.com\/www.24baires.com\/wp-content\/uploads\/2014\/10\/vanoli-1.jpg?resize=350%2C200 1x, https:\/\/i0.wp.com\/www.24baires.com\/wp-content\/uploads\/2014\/10\/vanoli-1.jpg?resize=525%2C300 1.5x"},"classes":[]},{"id":70499,"url":"http:\/\/www.24baires.com\/?p=70499","url_meta":{"origin":59107,"position":5},"title":"Denunciar\u00e1n a funcionarios de la Ciudad por habilitar \u00abcuevas\u00bb","author":"GB","date":"12\/08\/2015","format":false,"excerpt":"El presidente del Banco Central, Alejandro Vanoli, anunci\u00f3 este mi\u00e9rcoles que iniciar\u00e1 un juicio penal contra las autoridades del Gobierno de la Ciudad de Buenos Aires, por otorgar habilitaciones a \"comercios para que actuaran como casas de cambio\" conocidas como \"cuevas\". Vanoli fundament\u00f3 la denuncia en que ese poder de\u2026","rel":"","context":"En \u00abEconom\u00eda\u00bb","block_context":{"text":"Econom\u00eda","link":"http:\/\/www.24baires.com\/?cat=45"},"img":{"alt_text":"vanoli 1","src":"https:\/\/i0.wp.com\/www.24baires.com\/wp-content\/uploads\/2014\/10\/vanoli-1.jpg?resize=350%2C200","width":350,"height":200,"srcset":"https:\/\/i0.wp.com\/www.24baires.com\/wp-content\/uploads\/2014\/10\/vanoli-1.jpg?resize=350%2C200 1x, https:\/\/i0.wp.com\/www.24baires.com\/wp-content\/uploads\/2014\/10\/vanoli-1.jpg?resize=525%2C300 1.5x"},"classes":[]}],"jetpack_sharing_enabled":true,"jetpack_likes_enabled":true,"jetpack_featured_media_url":"","_links":{"self":[{"href":"http:\/\/www.24baires.com\/index.php?rest_route=\/wp\/v2\/posts\/59107","targetHints":{"allow":["GET"]}}],"collection":[{"href":"http:\/\/www.24baires.com\/index.php?rest_route=\/wp\/v2\/posts"}],"about":[{"href":"http:\/\/www.24baires.com\/index.php?rest_route=\/wp\/v2\/types\/post"}],"author":[{"embeddable":true,"href":"http:\/\/www.24baires.com\/index.php?rest_route=\/wp\/v2\/users\/4"}],"replies":[{"embeddable":true,"href":"http:\/\/www.24baires.com\/index.php?rest_route=%2Fwp%2Fv2%2Fcomments&post=59107"}],"version-history":[{"count":1,"href":"http:\/\/www.24baires.com\/index.php?rest_route=\/wp\/v2\/posts\/59107\/revisions"}],"predecessor-version":[{"id":59108,"href":"http:\/\/www.24baires.com\/index.php?rest_route=\/wp\/v2\/posts\/59107\/revisions\/59108"}],"wp:attachment":[{"href":"http:\/\/www.24baires.com\/index.php?rest_route=%2Fwp%2Fv2%2Fmedia&parent=59107"}],"wp:term":[{"taxonomy":"category","embeddable":true,"href":"http:\/\/www.24baires.com\/index.php?rest_route=%2Fwp%2Fv2%2Fcategories&post=59107"},{"taxonomy":"post_tag","embeddable":true,"href":"http:\/\/www.24baires.com\/index.php?rest_route=%2Fwp%2Fv2%2Ftags&post=59107"}],"curies":[{"name":"wp","href":"https:\/\/api.w.org\/{rel}","templated":true}]}}