{"id":59092,"date":"2014-12-23T19:00:36","date_gmt":"2014-12-23T22:00:36","guid":{"rendered":"http:\/\/www.24baires.com\/?p=59092"},"modified":"2014-12-23T18:56:06","modified_gmt":"2014-12-23T21:56:06","slug":"en-la-reunion-del-pj-le-pegaron-a-los-tibios","status":"publish","type":"post","link":"http:\/\/www.24baires.com\/?p=59092","title":{"rendered":"En la reuni\u00f3n del PJ, le pegaron a los \u00abtibios\u00bb"},"content":{"rendered":"<p><img data-recalc-dims=\"1\" loading=\"lazy\" decoding=\"async\" class=\"aligncenter size-full wp-image-40936\" src=\"https:\/\/i0.wp.com\/www.24baires.com\/wp-content\/uploads\/2014\/02\/PJ-sta-teresita.jpg?resize=560%2C368\" alt=\"PJ sta teresita\" width=\"560\" height=\"368\" srcset=\"https:\/\/i0.wp.com\/www.24baires.com\/wp-content\/uploads\/2014\/02\/PJ-sta-teresita.jpg?w=560 560w, https:\/\/i0.wp.com\/www.24baires.com\/wp-content\/uploads\/2014\/02\/PJ-sta-teresita.jpg?resize=300%2C197 300w\" sizes=\"auto, (max-width: 560px) 100vw, 560px\" \/>En el \u00faltimo encuentro del a\u00f1o del justicialismo bonaerense, el nombre de Insaurralde se hizo sentir con fuerza. Estaban todos, los que todav\u00eda lo quieren adentro y los que ya lo cuentan en el FR.<!--more--><\/p>\n<p>A diferencia de lo ocurrido en la ciudad de La Plata, donde hubo quejas al respecto, el PJ bonaerense, reunido en congreso extraordinario llevado a cabo en Caseros (Tres de Febrero), se mostr\u00f3 m\u00e1s cristinista que nunca. Y tambi\u00e9n les peg\u00f3 a los \u201ctibios\u201d. Se anunci\u00f3 que lleg\u00f3 la hora de las definiciones, que lleg\u00f3 la hora de decidir si se est\u00e1 o no, porque, aclararon, \u201cparece que falta mucho\u201d, pero para las elecciones 2015 \u201cno falta nada\u201d.<\/p>\n<p>\u201cSe necesita un PJ unido en toda la Provincia para condenar a los traidores y ratificar la conducci\u00f3n de la compa\u00f1era Cristina Fern\u00e1ndez de Kirchner\u201d, se\u00f1al\u00f3 Andrea Garc\u00eda, dirigente de la Cuarta secci\u00f3n y funcionaria de la cartera de Agricultura nacional. Lo de \u201ctraidores\u201d fue para Sergio Massa. Y lo de \u201ctibios\u201d para Mart\u00edn Insaurralde.<\/p>\n<p>El Congreso del PJ se dividi\u00f3 entre los que no quieren saber nada con el lomense, entre los que perdonan su tibieza y a\u00fan le hacen lugar, y entre los que aseguran que todav\u00eda est\u00e1 en el Frente para la Victoria y destacan que lo de la \u201cindefinici\u00f3n\u201d tiene que ver m\u00e1s con lo medi\u00e1tico que con la realidad.<\/p>\n<p>\u201cNo lo s\u00e9, la verdad que no lo s\u00e9\u201d, contest\u00f3 el jefe comunal de Avellaneda, Jorge Ferraresi, al ser consultado sobre el lugar pol\u00edtico en el que se encuentra el marido de J\u00e9sica Cirio. Y la verdad es \u00e9sa. Nadie sabe demasiado. Pero la tibieza y los rumores hacen mella. \u201cA m\u00ed me dijo Giustozzi (Dar\u00edo) que \u00e9l va a la interna del Frente Renovador con Posse y que Insaurralde va por afuera, con una colectora\u201d, cont\u00f3 a La Tecla una dirigente peronista de la Cuarta secci\u00f3n.<\/p>\n<p>El propio intendente de Florencio Varela, Julio Pereyra, quien hace apenas dos semanas comentaba a este medio que Insaurralde le hab\u00eda dicho que se quedaba en el FpV y que \u00e9l le cre\u00eda, se\u00f1al\u00f3 ahora que el misterio que el lomense imprime a su estrategia \u201cno est\u00e1 bueno\u201d, y resalt\u00f3 que \u201cuno en pol\u00edtica no puede ser independiente de lo que pasa alrededor, tiene que hacerse cargo; est\u00e1s ac\u00e1 o est\u00e1s all\u00e1\u201d.<\/p>\n<p>En esa cuesti\u00f3n, como en pocas otras, renovadores y kirchneristas parecen estar de acuerdo. La mitad de los primeros quiere a MI, y la otra mitad, no. Y con los segundos ocurre lo mismo. El desconcierto y la bronca, en este caso particular en el PJ, crecen de igual manera. \u201cTiene m\u00e1s chances con ellos (por el massismo); ac\u00e1 ya perdi\u00f3, no soportamos que no diga que es kirchnerista\u201d, afirm\u00f3 a la salida del encuentro un congresal de la Quinta.<\/p>\n<p>&nbsp;<\/p>\n<p>&nbsp;<\/p>\n<p>&nbsp;<\/p>\n","protected":false},"excerpt":{"rendered":"<p>En el \u00faltimo encuentro del a\u00f1o del justicialismo bonaerense, el nombre de Insaurralde se hizo sentir con fuerza. Estaban todos, los que todav\u00eda lo quieren adentro y los que ya lo cuentan en el FR.<\/p>\n","protected":false},"author":11,"featured_media":0,"comment_status":"open","ping_status":"open","sticky":false,"template":"","format":"standard","meta":{"_jetpack_newsletter_access":"","_jetpack_dont_email_post_to_subs":false,"_jetpack_newsletter_tier_id":0,"_jetpack_memberships_contains_paywalled_content":false,"_jetpack_memberships_contains_paid_content":false,"footnotes":""},"categories":[51],"tags":[],"class_list":["post-59092","post","type-post","status-publish","format-standard","hentry","category-politica"],"jetpack_shortlink":"https:\/\/wp.me\/p2JWE0-fn6","jetpack-related-posts":[{"id":108487,"url":"http:\/\/www.24baires.com\/?p=108487","url_meta":{"origin":59092,"position":0},"title":"El massismo define si avanza en un frente con el kirchnerismo","author":"GB","date":"30\/05\/2019","format":false,"excerpt":"El Frente Renovador bonaerense realizar\u00e1 este jueves su congreso partidario para definir el futuro del partido de cara a las elecciones. El tema central de la cumbre en Parque Norte ser\u00e1 la posibilidad de avanzar en un frente com\u00fan con el kirchnerismo y el PJ bonaerense. El congreso de los\u2026","rel":"","context":"En \u00abPol\u00edtica\u00bb","block_context":{"text":"Pol\u00edtica","link":"http:\/\/www.24baires.com\/?cat=51"},"img":{"alt_text":"","src":"https:\/\/i0.wp.com\/www.24baires.com\/wp-content\/uploads\/2019\/05\/alternativa-federal.jpg?resize=350%2C200","width":350,"height":200,"srcset":"https:\/\/i0.wp.com\/www.24baires.com\/wp-content\/uploads\/2019\/05\/alternativa-federal.jpg?resize=350%2C200 1x, https:\/\/i0.wp.com\/www.24baires.com\/wp-content\/uploads\/2019\/05\/alternativa-federal.jpg?resize=525%2C300 1.5x"},"classes":[]},{"id":100716,"url":"http:\/\/www.24baires.com\/?p=100716","url_meta":{"origin":59092,"position":1},"title":"Pablo Moyano: \u00abCristina tiene que estar incluida en el PJ\u00bb","author":"GB","date":"24\/02\/2018","format":false,"excerpt":"El secretario general adjunto de Camioneros record\u00f3 que la ex Presidenta \"sac\u00f3 m\u00e1s del 30 por ciento de votos en la Provincia\". El secretario general adjunto de Camioneros, Pablo Moyano, destac\u00f3 el caudal de votos de Cristina Fern\u00e1ndez de Kirchner y opin\u00f3 que la ex mandataria nacional \"tiene que estar\u2026","rel":"","context":"En \u00abPol\u00edtica\u00bb","block_context":{"text":"Pol\u00edtica","link":"http:\/\/www.24baires.com\/?cat=51"},"img":{"alt_text":"","src":"https:\/\/i0.wp.com\/www.24baires.com\/wp-content\/uploads\/2013\/07\/moyano-pablo.jpg?resize=350%2C200","width":350,"height":200,"srcset":"https:\/\/i0.wp.com\/www.24baires.com\/wp-content\/uploads\/2013\/07\/moyano-pablo.jpg?resize=350%2C200 1x, https:\/\/i0.wp.com\/www.24baires.com\/wp-content\/uploads\/2013\/07\/moyano-pablo.jpg?resize=525%2C300 1.5x"},"classes":[]},{"id":122357,"url":"http:\/\/www.24baires.com\/?p=122357","url_meta":{"origin":59092,"position":2},"title":"\u201cVamos a volver con m\u00e1s fuerza y sabidur\u00eda\u201d","author":"GB","date":"18\/06\/2025","format":false,"excerpt":"Militantes y dirigentes del peronismo provenientes de todo el pa\u00eds viajaron a Buenos Aires para una marcha desde Plaza de Mayo. El PJ estim\u00f3 que hubo medio mill\u00f3n de manifestantes. Finalmente, no fue en los tribunales federales de Comodoro Py, pero s\u00ed hubo movilizaci\u00f3n. Este mi\u00e9rcoles, Organizada por el Partido\u2026","rel":"","context":"En \u00abPol\u00edtica\u00bb","block_context":{"text":"Pol\u00edtica","link":"http:\/\/www.24baires.com\/?cat=51"},"img":{"alt_text":"","src":"https:\/\/i0.wp.com\/www.24baires.com\/wp-content\/uploads\/2025\/06\/marcha-cristina.gif?resize=350%2C200","width":350,"height":200,"srcset":"https:\/\/i0.wp.com\/www.24baires.com\/wp-content\/uploads\/2025\/06\/marcha-cristina.gif?resize=350%2C200 1x, https:\/\/i0.wp.com\/www.24baires.com\/wp-content\/uploads\/2025\/06\/marcha-cristina.gif?resize=525%2C300 1.5x, https:\/\/i0.wp.com\/www.24baires.com\/wp-content\/uploads\/2025\/06\/marcha-cristina.gif?resize=700%2C400 2x, https:\/\/i0.wp.com\/www.24baires.com\/wp-content\/uploads\/2025\/06\/marcha-cristina.gif?resize=1050%2C600 3x, https:\/\/i0.wp.com\/www.24baires.com\/wp-content\/uploads\/2025\/06\/marcha-cristina.gif?resize=1400%2C800 4x"},"classes":[]},{"id":122391,"url":"http:\/\/www.24baires.com\/?p=122391","url_meta":{"origin":59092,"position":3},"title":"El PJ bonarense defini\u00f3 la mesa de unidad para armar el frente electoral","author":"GB","date":"07\/07\/2025","format":false,"excerpt":"Los distintos sectores del peronismo acordaron una hoja de ruta com\u00fan, con representantes que garanticen consenso y el compromiso de sostener la campa\u00f1a por la libertad de Cristina Kirchner Tras una semana de turbulencias, las tribus del peronismo acordaron los delegados que tendr\u00e1n a cargo la conformaci\u00f3n del frente electoral\u2026","rel":"","context":"En \u00abProvincia\u00bb","block_context":{"text":"Provincia","link":"http:\/\/www.24baires.com\/?cat=40"},"img":{"alt_text":"","src":"https:\/\/i0.wp.com\/www.24baires.com\/wp-content\/uploads\/2025\/07\/pj-bonaerense.webp?resize=350%2C200","width":350,"height":200,"srcset":"https:\/\/i0.wp.com\/www.24baires.com\/wp-content\/uploads\/2025\/07\/pj-bonaerense.webp?resize=350%2C200 1x, https:\/\/i0.wp.com\/www.24baires.com\/wp-content\/uploads\/2025\/07\/pj-bonaerense.webp?resize=525%2C300 1.5x, https:\/\/i0.wp.com\/www.24baires.com\/wp-content\/uploads\/2025\/07\/pj-bonaerense.webp?resize=700%2C400 2x"},"classes":[]},{"id":121757,"url":"http:\/\/www.24baires.com\/?p=121757","url_meta":{"origin":59092,"position":4},"title":"\u00abLa l\u00f3gica de sometido o traidor caus\u00f3 malos resultados\u00bb","author":"GB","date":"21\/10\/2024","format":false,"excerpt":"Axel Kicillof respondi\u00f3 a los \"ataques\" del kirchnerismo con una extensa carta en la que defiende su prescindencia en la interna. Duro reproche a CFK. El gobernador Axel Kicillof sali\u00f3 a responder los ataques del kirchnerismo y a ratificar su pedido de unidad frente a la interna del PJ Nacional,\u2026","rel":"","context":"En \u00abProvincia\u00bb","block_context":{"text":"Provincia","link":"http:\/\/www.24baires.com\/?cat=40"},"img":{"alt_text":"","src":"https:\/\/i0.wp.com\/www.24baires.com\/wp-content\/uploads\/2022\/07\/kicillof.jpg?resize=350%2C200","width":350,"height":200,"srcset":"https:\/\/i0.wp.com\/www.24baires.com\/wp-content\/uploads\/2022\/07\/kicillof.jpg?resize=350%2C200 1x, https:\/\/i0.wp.com\/www.24baires.com\/wp-content\/uploads\/2022\/07\/kicillof.jpg?resize=525%2C300 1.5x, https:\/\/i0.wp.com\/www.24baires.com\/wp-content\/uploads\/2022\/07\/kicillof.jpg?resize=700%2C400 2x"},"classes":[]},{"id":107118,"url":"http:\/\/www.24baires.com\/?p=107118","url_meta":{"origin":59092,"position":5},"title":"El PJ invita a Massa y a los Gobernadores a una \u201cgran interna\u201d opositora","author":"GB","date":"07\/03\/2019","format":false,"excerpt":"El Partido Justicialista, en el orden nacional, celebra hoy un Congreso en el que se habilitar\u00e1 al espacio a conformar alianzas electorales. A su ingreso al estadio de Ferro, desde el kirchnerismo abrieron las puertas a espacios disidentes. Tal como el PJ Bonaerense hizo hace apenas unas semanas, el Partido\u2026","rel":"","context":"En \u00abProvincia\u00bb","block_context":{"text":"Provincia","link":"http:\/\/www.24baires.com\/?cat=40"},"img":{"alt_text":"","src":"https:\/\/i0.wp.com\/www.24baires.com\/wp-content\/uploads\/2019\/03\/congreso-justicialista.jpg?resize=350%2C200","width":350,"height":200,"srcset":"https:\/\/i0.wp.com\/www.24baires.com\/wp-content\/uploads\/2019\/03\/congreso-justicialista.jpg?resize=350%2C200 1x, https:\/\/i0.wp.com\/www.24baires.com\/wp-content\/uploads\/2019\/03\/congreso-justicialista.jpg?resize=525%2C300 1.5x"},"classes":[]}],"jetpack_sharing_enabled":true,"jetpack_likes_enabled":true,"jetpack_featured_media_url":"","_links":{"self":[{"href":"http:\/\/www.24baires.com\/index.php?rest_route=\/wp\/v2\/posts\/59092","targetHints":{"allow":["GET"]}}],"collection":[{"href":"http:\/\/www.24baires.com\/index.php?rest_route=\/wp\/v2\/posts"}],"about":[{"href":"http:\/\/www.24baires.com\/index.php?rest_route=\/wp\/v2\/types\/post"}],"author":[{"embeddable":true,"href":"http:\/\/www.24baires.com\/index.php?rest_route=\/wp\/v2\/users\/11"}],"replies":[{"embeddable":true,"href":"http:\/\/www.24baires.com\/index.php?rest_route=%2Fwp%2Fv2%2Fcomments&post=59092"}],"version-history":[{"count":2,"href":"http:\/\/www.24baires.com\/index.php?rest_route=\/wp\/v2\/posts\/59092\/revisions"}],"predecessor-version":[{"id":59094,"href":"http:\/\/www.24baires.com\/index.php?rest_route=\/wp\/v2\/posts\/59092\/revisions\/59094"}],"wp:attachment":[{"href":"http:\/\/www.24baires.com\/index.php?rest_route=%2Fwp%2Fv2%2Fmedia&parent=59092"}],"wp:term":[{"taxonomy":"category","embeddable":true,"href":"http:\/\/www.24baires.com\/index.php?rest_route=%2Fwp%2Fv2%2Fcategories&post=59092"},{"taxonomy":"post_tag","embeddable":true,"href":"http:\/\/www.24baires.com\/index.php?rest_route=%2Fwp%2Fv2%2Ftags&post=59092"}],"curies":[{"name":"wp","href":"https:\/\/api.w.org\/{rel}","templated":true}]}}