{"id":59077,"date":"2014-12-23T18:03:53","date_gmt":"2014-12-23T21:03:53","guid":{"rendered":"http:\/\/www.24baires.com\/?p=59077"},"modified":"2014-12-23T18:44:22","modified_gmt":"2014-12-23T21:44:22","slug":"me-voy-a-hacer-una-panzada-como-jefe-de-la-policia-judicial","status":"publish","type":"post","link":"http:\/\/www.24baires.com\/?p=59077","title":{"rendered":"\u00abMe voy a hacer una panzada como Jefe de la Polic\u00eda Judicial\u00bb"},"content":{"rendered":"<p><img data-recalc-dims=\"1\" loading=\"lazy\" decoding=\"async\" class=\"aligncenter size-full wp-image-15396\" src=\"https:\/\/i0.wp.com\/www.24baires.com\/wp-content\/uploads\/2013\/02\/sain-marcelo.jpg?resize=500%2C300\" alt=\"sain marcelo\" width=\"500\" height=\"300\" srcset=\"https:\/\/i0.wp.com\/www.24baires.com\/wp-content\/uploads\/2013\/02\/sain-marcelo.jpg?w=500 500w, https:\/\/i0.wp.com\/www.24baires.com\/wp-content\/uploads\/2013\/02\/sain-marcelo.jpg?resize=300%2C180 300w\" sizes=\"auto, (max-width: 500px) 100vw, 500px\" \/><\/p>\n<p>Lo afirm\u00f3 el diputado bonaerense, Marcelo Sa\u00edn, que sali\u00f3 al cruce de la iniciativa de la Procuradora Falbo para que se avance con la estabilidad. \u201cLos chetitos de la Justicia quieren estabilidad pero no se fijan si van a meter presos o no a los poderosos\u201d, lanz\u00f3.<!--more--><\/p>\n<p>El legislador bonaerense por Nuevo Encuentro, cruz\u00f3 la iniciativa de la Procuradora Mar\u00eda del Carmen Falbo para que los 23 cargos de jefatura de la Polic\u00eda Judicial tengan estabilidad. \u201cConsideran el cargo como judicial y no como administrativo policial\u201d, indic\u00f3 Sa\u00edn, quien anunci\u00f3 que se inscribir\u00e1 \u00e9l, ante el problema de la falta de anotados para los cupos.<\/p>\n<p>\u201cYo soy partidario de que no tenga estabilidad porque es la Jefatura de la Polic\u00eda. A nivel de jefatura deber\u00eda ser una persona que tenga designaci\u00f3n pol\u00edtica porque tiene que ver con la pol\u00edtica criminal y la estrategia del ministerio p\u00fablico fiscal\u201d, indic\u00f3 el diputado. Y agreg\u00f3: \u201cEl gran error que cometen ellos es que consideran el cargo como judicial y no como administrativo policial. Hay una confusi\u00f3n de cu\u00e1l debe ser el rol de la polic\u00eda judicial. Creen que es un sumariante m\u00e1s. En la Provincia de Buenos Aires los encargados de las investigaciones no investigan, son sumariantes\u201d.<\/p>\n<p>\u201cEst\u00e1n procurando que sea un cargo judicial m\u00e1s, y en segundo lugar no quieren semejante responsabilidad sin estabilidad. Y cuando vos ten\u00e9s estabilidad no investig\u00e1s porque tu principal cometido es no tener problemas con nadie para seguir ganando 70 lucas por mes\u201d, dispar\u00f3 Sa\u00edn.<\/p>\n<p>\u201cLas funciones de esta polic\u00eda son de investigaciones de delitos complejos, van a ir contra los poderosos. Ellos est\u00e1n pensando, yo no me voy a ir de un cargo con estabilidad para arriesgarme. \u00a1M\u00e1 que estabilidad hermano, banc\u00e1tela!\u201d, se indign\u00f3 el legislador.<\/p>\n<p>En ese sentido, respecto a la falta de anotados para los cupos, Sa\u00edn subi\u00f3 la apuesta y desafi\u00f3 a Falbo: \u201cMe voy a inscribir yo. Voy de jefe. No tengo ning\u00fan problema. A m\u00ed me fue muy bien armando sistemas de investigaci\u00f3n. Lo digo en serio, y varios diputados me lo han venido a plantear. Vas a ver como se inscriben todos los dem\u00e1s. Me hago una panzada ah\u00ed adentro si tengo la posibilidad de nombrar cuatro o cinco personas aunque est\u00e9n el resto de los cargos concursados\u201d, anticip\u00f3.<\/p>\n<p>Y cerr\u00f3: \u201cLos chetitos de la Justicia quieren estabilidad pero no se fijan si van a meter presos o no a los poderosos. Eso no les preocupa. Son terribles\u201d.<\/p>\n<p>&nbsp;<\/p>\n<p>&nbsp;<\/p>\n<p>&nbsp;<\/p>\n","protected":false},"excerpt":{"rendered":"<p>Lo afirm\u00f3 el diputado bonaerense, Marcelo Sa\u00edn, que sali\u00f3 al cruce de la iniciativa de la Procuradora Falbo para que se avance con la estabilidad. \u201cLos chetitos de la Justicia quieren estabilidad pero no se fijan si van a meter presos o no a los poderosos\u201d, lanz\u00f3.<\/p>\n","protected":false},"author":11,"featured_media":0,"comment_status":"open","ping_status":"open","sticky":false,"template":"","format":"standard","meta":{"_jetpack_newsletter_access":"","_jetpack_dont_email_post_to_subs":false,"_jetpack_newsletter_tier_id":0,"_jetpack_memberships_contains_paywalled_content":false,"_jetpack_memberships_contains_paid_content":false,"footnotes":""},"categories":[51],"tags":[],"class_list":["post-59077","post","type-post","status-publish","format-standard","hentry","category-politica"],"jetpack_shortlink":"https:\/\/wp.me\/p2JWE0-fmR","jetpack-related-posts":[{"id":43625,"url":"http:\/\/www.24baires.com\/?p=43625","url_meta":{"origin":59077,"position":0},"title":"Sa\u00edn:  \u201cLa Polic\u00eda Bonaerense no funciona bien y genera problemas enormes\u201d","author":"Grupo Sierra","date":"10\/04\/2014","format":false,"excerpt":"El diputado dijo que \u201cfue un error darle poder\u201d a la instituci\u00f3n y denunci\u00f3 que el ministerio p\u00fablico frena la implementaci\u00f3n de la polic\u00eda judicial. El diputado bonaerense por Nuevo Encuentro, Marcelo Sa\u00edn, destac\u00f3 la importancia de las polic\u00edas locales y destac\u00f3 \u201cla voluntad del gobernador\u201d Scioli para avanzar en\u2026","rel":"","context":"En \u00abPol\u00edtica\u00bb","block_context":{"text":"Pol\u00edtica","link":"http:\/\/www.24baires.com\/?cat=51"},"img":{"alt_text":"sain marcelo","src":"https:\/\/i0.wp.com\/www.24baires.com\/wp-content\/uploads\/2013\/02\/sain-marcelo-300x180.jpg?resize=350%2C200","width":350,"height":200},"classes":[]},{"id":89862,"url":"http:\/\/www.24baires.com\/?p=89862","url_meta":{"origin":59077,"position":1},"title":"La procuradora bonaerense Mar\u00eda del Carmen Falbo present\u00f3 su renuncia","author":"GB","date":"15\/11\/2016","format":false,"excerpt":"La jefa de los fiscales bonaerenses le llev\u00f3 la carta de renuncia firmada a la gobernadora Vidal. Dejar\u00e1 su cargo antes de fin de a\u00f1o. El reemplazante ser\u00e1 Julio Conte Grand. La procuradora general de la Suprema Corte de Justicia bonaerense, Mar\u00eda del Carmen Falbo, se retirar\u00e1 \"antes de fin\u2026","rel":"","context":"En \u00abProvincia\u00bb","block_context":{"text":"Provincia","link":"http:\/\/www.24baires.com\/?cat=40"},"img":{"alt_text":"","src":"","width":0,"height":0},"classes":[]},{"id":33772,"url":"http:\/\/www.24baires.com\/?p=33772","url_meta":{"origin":59077,"position":2},"title":"Falbo y Casal inauguraron nueva dependencia judicial para Castelli","author":"AF","date":"19\/10\/2013","format":false,"excerpt":"El ministro de Justicia bonaerense, Ricardo Casal, la Procuradora General de la Suprema Corte de Justicia, Mar\u00eda del Carmen Falbo y el intendente de Castelli, Francisco Echarren, inauguraron este viernes la nueva ayudant\u00eda fiscal de esa ciudad. \u201cEl intendente pidi\u00f3 tener una ayudant\u00eda fiscal para que los vecinos est\u00e9n m\u00e1s\u2026","rel":"","context":"En \u00abLocales\u00bb","block_context":{"text":"Locales","link":"http:\/\/www.24baires.com\/?cat=38"},"img":{"alt_text":"","src":"","width":0,"height":0},"classes":[]},{"id":100608,"url":"http:\/\/www.24baires.com\/?p=100608","url_meta":{"origin":59077,"position":3},"title":"Secuestraron 2500 motos en los \u00faltimos cinco d\u00edas","author":"AF","date":"19\/02\/2018","format":false,"excerpt":"La Polic\u00eda de la provincia de Buenos Aires secuestr\u00f3 2.474 motocicletas, identific\u00f3 a 127.892 personas, aprehendi\u00f3 a 1.348 de ellas y esclareci\u00f3 993 delitos en el marco de distintos operativos de prevenci\u00f3n de il\u00edcitos, bajo la modalidad \"motochorros\", llevados a cabo desde el pasado mi\u00e9rcoles hasta esta medianoche en territorio\u2026","rel":"","context":"En \u00abSociedad\u00bb","block_context":{"text":"Sociedad","link":"http:\/\/www.24baires.com\/?cat=1"},"img":{"alt_text":"","src":"https:\/\/i0.wp.com\/www.24baires.com\/wp-content\/uploads\/2017\/03\/moto-casco.jpg?resize=350%2C200","width":350,"height":200,"srcset":"https:\/\/i0.wp.com\/www.24baires.com\/wp-content\/uploads\/2017\/03\/moto-casco.jpg?resize=350%2C200 1x, https:\/\/i0.wp.com\/www.24baires.com\/wp-content\/uploads\/2017\/03\/moto-casco.jpg?resize=525%2C300 1.5x"},"classes":[]},{"id":9645,"url":"http:\/\/www.24baires.com\/?p=9645","url_meta":{"origin":59077,"position":4},"title":"Trata: \u00abLos 18 Departamentos Judiciales de la Provincia miran para el costado\u00bb dice Falbo","author":"Grupo Sierra","date":"18\/12\/2012","format":false,"excerpt":"La procuradora general de la Suprema Corte de Justicia bonaerense, Mar\u00eda del Carmen Falbo, asegur\u00f3 hoy que en la provincia \"hay 18 departamentos judiciales que miran para el costado\u201d, respecto de la trata de personas.\u00a0\"En 2008, decidimos dar el puntapi\u00e9 m\u00e1s fuerte y llegamos a la conclusi\u00f3n que hab\u00eda que\u2026","rel":"","context":"En \u00abProvincia\u00bb","block_context":{"text":"Provincia","link":"http:\/\/www.24baires.com\/?cat=40"},"img":{"alt_text":"FALBO","src":"https:\/\/i0.wp.com\/www.24baires.com\/wp-content\/uploads\/2012\/12\/FALBO-300x282.jpg?resize=350%2C200","width":350,"height":200},"classes":[]},{"id":49005,"url":"http:\/\/www.24baires.com\/?p=49005","url_meta":{"origin":59077,"position":5},"title":"Sa\u00edn: \u00abEl Frente Renovador pact\u00f3 con la Bonaerense\u00bb","author":"Grupo Sierra","date":"30\/06\/2014","format":false,"excerpt":"El diputado provincial por Nuevo Encuentro atribuy\u00f3 al bloque de Massa el fracaso del proyecto de ley para crear polic\u00edas comunales en territorio bonaerense y acus\u00f3 a su l\u00edder de haber \"pactado con la Polic\u00eda Bonaerense\". \"Todos llevamos adelante una propuesta, que fue consensuada, y se le hicieron modificaciones. Pero\u2026","rel":"","context":"En \u00abPol\u00edtica\u00bb","block_context":{"text":"Pol\u00edtica","link":"http:\/\/www.24baires.com\/?cat=51"},"img":{"alt_text":"sain marcelo","src":"https:\/\/i0.wp.com\/www.24baires.com\/wp-content\/uploads\/2013\/02\/sain-marcelo-300x180.jpg?resize=350%2C200","width":350,"height":200},"classes":[]}],"jetpack_sharing_enabled":true,"jetpack_likes_enabled":true,"jetpack_featured_media_url":"","_links":{"self":[{"href":"http:\/\/www.24baires.com\/index.php?rest_route=\/wp\/v2\/posts\/59077","targetHints":{"allow":["GET"]}}],"collection":[{"href":"http:\/\/www.24baires.com\/index.php?rest_route=\/wp\/v2\/posts"}],"about":[{"href":"http:\/\/www.24baires.com\/index.php?rest_route=\/wp\/v2\/types\/post"}],"author":[{"embeddable":true,"href":"http:\/\/www.24baires.com\/index.php?rest_route=\/wp\/v2\/users\/11"}],"replies":[{"embeddable":true,"href":"http:\/\/www.24baires.com\/index.php?rest_route=%2Fwp%2Fv2%2Fcomments&post=59077"}],"version-history":[{"count":2,"href":"http:\/\/www.24baires.com\/index.php?rest_route=\/wp\/v2\/posts\/59077\/revisions"}],"predecessor-version":[{"id":59087,"href":"http:\/\/www.24baires.com\/index.php?rest_route=\/wp\/v2\/posts\/59077\/revisions\/59087"}],"wp:attachment":[{"href":"http:\/\/www.24baires.com\/index.php?rest_route=%2Fwp%2Fv2%2Fmedia&parent=59077"}],"wp:term":[{"taxonomy":"category","embeddable":true,"href":"http:\/\/www.24baires.com\/index.php?rest_route=%2Fwp%2Fv2%2Fcategories&post=59077"},{"taxonomy":"post_tag","embeddable":true,"href":"http:\/\/www.24baires.com\/index.php?rest_route=%2Fwp%2Fv2%2Ftags&post=59077"}],"curies":[{"name":"wp","href":"https:\/\/api.w.org\/{rel}","templated":true}]}}