{"id":59075,"date":"2014-12-23T16:00:30","date_gmt":"2014-12-23T19:00:30","guid":{"rendered":"http:\/\/www.24baires.com\/?p=59075"},"modified":"2014-12-23T15:48:10","modified_gmt":"2014-12-23T18:48:10","slug":"perez-y-baradel-se-reunieron-con-la-cta-provincial","status":"publish","type":"post","link":"http:\/\/www.24baires.com\/?p=59075","title":{"rendered":"P\u00e9rez y Baradel se reunieron con la CTA provincial"},"content":{"rendered":"<p>El jefe de Gabinete, Alberto P\u00e9rez, encabez\u00f3 una reuni\u00f3n de trabajo en la que junto al Ministro de Salud, Alejandro Collia; la Directora General de Cultura y Educaci\u00f3n, Nora De Luc\u00eda; la ministra de Econom\u00eda, Silvina Batakis; el titular de la cartera de Trabajo, Oscar Cuartango y el secretario de Personal y Pol\u00edticas de Recursos Humanos, Luciano Di Gresia; avanzaron con representantes gremiales de la CTA provincial en distintos temas de la agenda laboral de la Provincia.<!--more--><\/p>\n<p>Por parte de los trabajadores participaron el Secretario General de SUTEBA y CTA Buenos Aires, Roberto Baradel, dirigentes del gremio de judiciales y otros secretarios gremiales enrolados en la Central de Trabajadores.<br \/>\nDurante el encuentro, los ministros de Daniel Scioli y los representantes de los trabajadores repasaron temas como la lucha contra el trabajo infantil, el empleo en negro y la mejora de la calidad de empleo. En ese marco, los trabajadores destacaron y agradecieron la ley de paritarias municipales y el proyecto de ley enviado por el Ejecutivo para concretar la autarqu\u00eda judicial.<br \/>\nFinalmente, las autoridades y los dirigentes de la CTA acordaron realizar reuniones de trabajo entre los representantes de las distintas \u00e1reas con los ministros correspondientes a fin de avanzar en una agenda com\u00fan en materia laboral.<\/p>\n<p>&nbsp;<\/p>\n<p>&nbsp;<\/p>\n<p>&nbsp;<\/p>\n<p>&nbsp;<\/p>\n<p>&nbsp;<\/p>\n<p>&nbsp;<\/p>\n<p>&nbsp;<\/p>\n<p>&nbsp;<\/p>\n<p>&nbsp;<\/p>\n<p>&nbsp;<\/p>\n<p>&nbsp;<\/p>\n<p>&nbsp;<\/p>\n<p>&nbsp;<\/p>\n<p>&nbsp;<\/p>\n","protected":false},"excerpt":{"rendered":"<p>El jefe de Gabinete, Alberto P\u00e9rez, encabez\u00f3 una reuni\u00f3n de trabajo en la que junto al Ministro de Salud, Alejandro Collia; la Directora General de Cultura y Educaci\u00f3n, Nora De Luc\u00eda; la ministra de Econom\u00eda, Silvina Batakis; el titular de la cartera de Trabajo, Oscar Cuartango y el secretario de Personal y Pol\u00edticas de Recursos Humanos, Luciano Di Gresia; avanzaron [&#8230;]<\/p>\n","protected":false},"author":8,"featured_media":0,"comment_status":"open","ping_status":"open","sticky":false,"template":"","format":"standard","meta":{"_jetpack_newsletter_access":"","_jetpack_dont_email_post_to_subs":false,"_jetpack_newsletter_tier_id":0,"_jetpack_memberships_contains_paywalled_content":false,"_jetpack_memberships_contains_paid_content":false,"footnotes":""},"categories":[51],"tags":[],"class_list":["post-59075","post","type-post","status-publish","format-standard","hentry","category-politica"],"jetpack_shortlink":"https:\/\/wp.me\/p2JWE0-fmP","jetpack-related-posts":[{"id":3054,"url":"http:\/\/www.24baires.com\/?p=3054","url_meta":{"origin":59075,"position":0},"title":"Segundo d\u00eda sin clases en la Provincia","author":"AF","date":"24\/10\/2012","format":false,"excerpt":"Los maestros llevan adelante las segundas 24 horas de su protesta. Habr\u00e1 concentraciones en diversos puntos de La Platal, en un clima de fuerte escalada verbal entre autoridades bonaerenses y gremialistas. Este mi\u00e9rcoles se cumple el segundo d\u00eda de paro en la Provincia de Buenos Aires luego del primero, que\u2026","rel":"","context":"En \u00abProvincia\u00bb","block_context":{"text":"Provincia","link":"http:\/\/www.24baires.com\/?cat=40"},"img":{"alt_text":"","src":"https:\/\/i0.wp.com\/www.24baires.com\/wp-content\/uploads\/2012\/10\/paro2324-300x200.jpg?resize=350%2C200","width":350,"height":200},"classes":[]},{"id":106536,"url":"http:\/\/www.24baires.com\/?p=106536","url_meta":{"origin":59075,"position":1},"title":"Mar del Plata march\u00f3 contra el tarifazo","author":"AF","date":"24\/01\/2019","format":false,"excerpt":"Las dos CTA, el Frente Sindical para el Modelo Nacional, la Multisectorial 21F y organizaciones de consumidores realizaron la edici\u00f3n balnearia de la movilizaci\u00f3n contra la suba de los servicios. Detr\u00e1s de una bandera con la consigna \"No a los tarifazos\" avanz\u00f3 por el centro de Mar del Plata la\u2026","rel":"","context":"En \u00abSociedad\u00bb","block_context":{"text":"Sociedad","link":"http:\/\/www.24baires.com\/?cat=1"},"img":{"alt_text":"","src":"https:\/\/i0.wp.com\/www.24baires.com\/wp-content\/uploads\/2019\/01\/tarifazo-mar-del-plata.jpg?resize=350%2C200","width":350,"height":200,"srcset":"https:\/\/i0.wp.com\/www.24baires.com\/wp-content\/uploads\/2019\/01\/tarifazo-mar-del-plata.jpg?resize=350%2C200 1x, https:\/\/i0.wp.com\/www.24baires.com\/wp-content\/uploads\/2019\/01\/tarifazo-mar-del-plata.jpg?resize=525%2C300 1.5x"},"classes":[]},{"id":121665,"url":"http:\/\/www.24baires.com\/?p=121665","url_meta":{"origin":59075,"position":2},"title":"Baradel confirm\u00f3 que preparan \u201cuna intersindical que defienda a los bonaerenses\u201d","author":"GB","date":"19\/09\/2024","format":false,"excerpt":"Tras el encuentro de las CTA, Baradel analiz\u00f3 el contexto social y la necesidad de \u201cdejar de lado los personalismos\u201d. Los nuevos trabajos en la agenda sindical. Luego de la reuni\u00f3n que mantuvieron los Secretarios Generales de las dos CTA de la Provincia, el l\u00edder sindical, Roberto Baradel, asegur\u00f3 que\u2026","rel":"","context":"En \u00abProvincia\u00bb","block_context":{"text":"Provincia","link":"http:\/\/www.24baires.com\/?cat=40"},"img":{"alt_text":"","src":"https:\/\/i0.wp.com\/www.24baires.com\/wp-content\/uploads\/2018\/09\/baradel.jpg?resize=350%2C200","width":350,"height":200,"srcset":"https:\/\/i0.wp.com\/www.24baires.com\/wp-content\/uploads\/2018\/09\/baradel.jpg?resize=350%2C200 1x, https:\/\/i0.wp.com\/www.24baires.com\/wp-content\/uploads\/2018\/09\/baradel.jpg?resize=525%2C300 1.5x, https:\/\/i0.wp.com\/www.24baires.com\/wp-content\/uploads\/2018\/09\/baradel.jpg?resize=700%2C400 2x"},"classes":[]},{"id":79269,"url":"http:\/\/www.24baires.com\/?p=79269","url_meta":{"origin":59075,"position":3},"title":"\u00abEstamos a tiempo de que el Gobierno pueda convocar a los gremios docentes\u00bb","author":"AF","date":"23\/02\/2016","format":false,"excerpt":"As\u00ed lo afirm\u00f3 el titular del Sindicato Unificado de Trabajadores de la Educaci\u00f3n de de Buenos Aires (SUTEBA), Roberto Baradel, en una conferencia de prensa sobre la jornada de protesta que realizar\u00e1 ma\u00f1ana la CTA bonaerense. \"Hay una expectativa en la sociedad para que comiencen las clases y estamos trabajando\u2026","rel":"","context":"En \u00abSociedad\u00bb","block_context":{"text":"Sociedad","link":"http:\/\/www.24baires.com\/?cat=1"},"img":{"alt_text":"baradel reuni\u00f3n","src":"https:\/\/i0.wp.com\/www.24baires.com\/wp-content\/uploads\/2012\/11\/baradel-reuni%C3%B3n.jpg?resize=350%2C200","width":350,"height":200,"srcset":"https:\/\/i0.wp.com\/www.24baires.com\/wp-content\/uploads\/2012\/11\/baradel-reuni%C3%B3n.jpg?resize=350%2C200 1x, https:\/\/i0.wp.com\/www.24baires.com\/wp-content\/uploads\/2012\/11\/baradel-reuni%C3%B3n.jpg?resize=525%2C300 1.5x"},"classes":[]},{"id":112909,"url":"http:\/\/www.24baires.com\/?p=112909","url_meta":{"origin":59075,"position":4},"title":"Docentes de todo el pa\u00eds paran este viernes","author":"AF","date":"07\/11\/2019","format":false,"excerpt":"Los docentes nucleados en Ctera anunciaron un nuevo paro nacional para ma\u00f1ana en todo el pa\u00eds en repudio de la \u201cbrutal represi\u00f3n en Chubut\u201d que sufrieron los docentes provinciales mientras realizaban una marcha frente a la Casa de Gobierno, en Rawson. La medida de fuerza, la tercera del a\u00f1o por\u2026","rel":"","context":"En \u00abSociedad\u00bb","block_context":{"text":"Sociedad","link":"http:\/\/www.24baires.com\/?cat=1"},"img":{"alt_text":"","src":"https:\/\/i0.wp.com\/www.24baires.com\/wp-content\/uploads\/2018\/04\/paro-docente.jpg?resize=350%2C200","width":350,"height":200,"srcset":"https:\/\/i0.wp.com\/www.24baires.com\/wp-content\/uploads\/2018\/04\/paro-docente.jpg?resize=350%2C200 1x, https:\/\/i0.wp.com\/www.24baires.com\/wp-content\/uploads\/2018\/04\/paro-docente.jpg?resize=525%2C300 1.5x"},"classes":[]},{"id":9661,"url":"http:\/\/www.24baires.com\/?p=9661","url_meta":{"origin":59075,"position":5},"title":"Ex Combatientes de Malvinas capacitar\u00e1n a docentes y dirigentes gremiales","author":"Grupo Sierra","date":"18\/12\/2012","format":false,"excerpt":"El Centro de Ex Combatientes de Islas Malvinas de La Plata y la Central de los Trabajadores de la Argentina acordaron formar sobre la soberan\u00eda de las Islas Malvinas a docentes, alumnos de los profesorados, delegados y dirigentes gremiales. Los trabajadores de la CTA firmaron un convenio con el CECIM\u2026","rel":"","context":"En \u00abSociedad\u00bb","block_context":{"text":"Sociedad","link":"http:\/\/www.24baires.com\/?cat=1"},"img":{"alt_text":"ex combatientes CTA","src":"https:\/\/i0.wp.com\/www.24baires.com\/wp-content\/uploads\/2012\/12\/ex-combatientes-CTA-300x202.png?resize=350%2C200","width":350,"height":200},"classes":[]}],"jetpack_sharing_enabled":true,"jetpack_likes_enabled":true,"jetpack_featured_media_url":"","_links":{"self":[{"href":"http:\/\/www.24baires.com\/index.php?rest_route=\/wp\/v2\/posts\/59075","targetHints":{"allow":["GET"]}}],"collection":[{"href":"http:\/\/www.24baires.com\/index.php?rest_route=\/wp\/v2\/posts"}],"about":[{"href":"http:\/\/www.24baires.com\/index.php?rest_route=\/wp\/v2\/types\/post"}],"author":[{"embeddable":true,"href":"http:\/\/www.24baires.com\/index.php?rest_route=\/wp\/v2\/users\/8"}],"replies":[{"embeddable":true,"href":"http:\/\/www.24baires.com\/index.php?rest_route=%2Fwp%2Fv2%2Fcomments&post=59075"}],"version-history":[{"count":1,"href":"http:\/\/www.24baires.com\/index.php?rest_route=\/wp\/v2\/posts\/59075\/revisions"}],"predecessor-version":[{"id":59076,"href":"http:\/\/www.24baires.com\/index.php?rest_route=\/wp\/v2\/posts\/59075\/revisions\/59076"}],"wp:attachment":[{"href":"http:\/\/www.24baires.com\/index.php?rest_route=%2Fwp%2Fv2%2Fmedia&parent=59075"}],"wp:term":[{"taxonomy":"category","embeddable":true,"href":"http:\/\/www.24baires.com\/index.php?rest_route=%2Fwp%2Fv2%2Fcategories&post=59075"},{"taxonomy":"post_tag","embeddable":true,"href":"http:\/\/www.24baires.com\/index.php?rest_route=%2Fwp%2Fv2%2Ftags&post=59075"}],"curies":[{"name":"wp","href":"https:\/\/api.w.org\/{rel}","templated":true}]}}