{"id":59018,"date":"2014-12-22T18:36:55","date_gmt":"2014-12-22T21:36:55","guid":{"rendered":"http:\/\/www.24baires.com\/?p=59018"},"modified":"2014-12-23T10:19:11","modified_gmt":"2014-12-23T13:19:11","slug":"clarin-le-cayo-a-larroque-y-cristina-lo-defendio","status":"publish","type":"post","link":"http:\/\/www.24baires.com\/?p=59018","title":{"rendered":"Clar\u00edn le cay\u00f3 a Larroque y Cristina lo defendi\u00f3"},"content":{"rendered":"<p><img data-recalc-dims=\"1\" loading=\"lazy\" decoding=\"async\" class=\"aligncenter size-full wp-image-59019\" src=\"https:\/\/i0.wp.com\/www.24baires.com\/wp-content\/uploads\/2014\/12\/cristina-larroque-tw.jpg?resize=538%2C560\" alt=\"cristina larroque tw\" width=\"538\" height=\"560\" srcset=\"https:\/\/i0.wp.com\/www.24baires.com\/wp-content\/uploads\/2014\/12\/cristina-larroque-tw.jpg?w=538 538w, https:\/\/i0.wp.com\/www.24baires.com\/wp-content\/uploads\/2014\/12\/cristina-larroque-tw.jpg?resize=288%2C300 288w\" sizes=\"auto, (max-width: 538px) 100vw, 538px\" \/><\/p>\n<p>La presidenta Cristina Fern\u00e1ndez de Kirchner calific\u00f3 esta tarde de \u00abimperdible\u00bb al art\u00edculo del diputado nacional Andr\u00e9s Larroque publicado hoy en el portal de la agencia de noticias T\u00e9lam, en el que el legislador rechaza la portada de ayer del diario Clar\u00edn que se refiere a la mandataria y a su hijo M\u00e1ximo, en una nota titulada \u201cAflojen un toque, se nota mucho\u2026\u201d.<!--more--><\/p>\n<p>La presidenta Cristina Fern\u00e1ndez de Kirchner calific\u00f3 esta tarde de \u00abimperdible\u00bb al art\u00edculo del diputado nacional Andr\u00e9s Larroque publicado hoy en el portal de la agencia de noticias T\u00e9lam, en el que el legislador rechaza la portada de ayer del diario Clar\u00edn que se refiere a la mandataria y a su hijo M\u00e1ximo, en una nota titulada \u201cAflojen un toque, se nota mucho\u2026\u201d.<\/p>\n<p>En sus cuentas en las redes sociales Twitter y Facebook, la mandataria manifest\u00f3: \u00abAcabo de leer la nota escrita por el Diputado Nacional y Secretario General de La C\u00e1mpora: Andr\u00e9s Larroque. Bueno, en realidad estoy demasiado solemne\u2026 Para todos: \u201cEl Cuervo\u201d \u00a1No, qu\u00e9 va a ser abogado!&#8230; Es porque es hincha de San Lorenzo\u00bb.<\/p>\n<p>A continuaci\u00f3n, se refiri\u00f3 a la nota publicada en el sitio web de T\u00e9lam bajo el t\u00edtulo &#8216;Aflojen un toque, se nota mucho\u2026'\u00bb y expres\u00f3: \u00abSencillamente, imperdible\u00bb.<\/p>\n<p>\u00abNo hay caso, los chicos la cazan al vuelo. Clarito como el agua\u00bb, escribi\u00f3 la Presidenta, quien agreg\u00f3: \u00abBueno, An\u00edbal Fern\u00e1ndez que no es tan chico ya lo hab\u00eda puesto en el t\u00edtulo de una nota en su blog: &#8216;La mentira y la confusi\u00f3n, como m\u00e9todo para que aparezca M\u00e1ximo en tapa de Clar\u00edn&#8217;\u201d.<\/p>\n<p>En el art\u00edculo publicado en el portal de la agencia T\u00e9lam, Larroque se refiere a la portada de ayer del diario Clar\u00edn con el t\u00edtulo \u201cHotesur: la Justicia analiza el verdadero rol de M\u00e1ximo\u201d y se\u00f1ala que el matutino \u00abdesarrolla el t\u00edtulo con una serie de imprecisiones, como que habr\u00eda firmado dos papeles y luego viene un divague que se va esfumando en la nada\u00bb.<\/p>\n<p>\u00abLa tapa tiene una sola explicaci\u00f3n\u00bb, afirma el legislador y a\u00f1ade: \u00abEl susodicho habl\u00f3 frente a 40.000 personas organizadas, marcando un punto de inflexi\u00f3n en el a\u00f1o pol\u00edtico que se est\u00e1 cerrando y hay que alertar sobre lo que eso significa hacia el futuro\u00bb.<\/p>\n<p>El secretario General de La C\u00e1mpora sostiene que Clar\u00edn \u00abdespu\u00e9s de haber fracasado con sus 2.500 tapas negativas contra Cristina, trasluce la preocupaci\u00f3n que lo desvela: el verdadero rol de M\u00e1ximo\u00bb, al que describe como \u00abun cuadro pol\u00edtico sensible, met\u00f3dico y apasionado en el que los propios, los extra\u00f1os, los amados por muchos y los &#8216;temidos&#8217; por pocos, ya avizoraron rasgos de sus padres\u00bb.<\/p>\n<p>Tras apuntar que \u00absiempre ha sido desigual la pelea entre las corporaciones y la pol\u00edtica\u00bb, Larroque se pregunta: \u00bfTal es el pavor que hoy les genera este proyecto pol\u00edtico, el nivel de organizaci\u00f3n y la conciencia de nuestro pueblo que han decidido utilizar las armas no convencionales de sus dispositivos medi\u00e1ticos y jur\u00eddicos con tanta anticipaci\u00f3n por temor a enfrentar lo que pueda ser una ulterior contienda pol\u00edtica?\u00bb.<\/p>\n<p>Y responde: \u00abQuiz\u00e1s habr\u00eda que empezar, de una vez por todas, a llamar a las cosas por su nombre. No existe explicaci\u00f3n, de otra manera, para dedicar una tapa a quien no ser\u00eda un actor principal de la pol\u00edtica o quiz\u00e1s lo sea para Clar\u00edn, y ha decidido anticipar los tiempos\u00bb.<\/p>\n<p>Tras advertir que \u00abllama poderosamente la atenci\u00f3n\u00bb la \u00abacci\u00f3n preventiva respecto del futuro de M\u00e1ximo Kirchner\u00bb, Larroque concluye: \u00ab\u00bfTan grande es el temor? Evidentemente s\u00ed\u00bb.<\/p>\n<p>La nota publicada en el sitio web de la agencia T\u00e9lam registraba pasadas las 18.30 unas 8.000 visitas \u00fanicas en las \u00faltimas cuatro horas, y fue compartida 5.000 veces en las redes sociales.<\/p>\n","protected":false},"excerpt":{"rendered":"<p>La presidenta Cristina Fern\u00e1ndez de Kirchner calific\u00f3 esta tarde de \u00abimperdible\u00bb al art\u00edculo del diputado nacional Andr\u00e9s Larroque publicado hoy en el portal de la agencia de noticias T\u00e9lam, en el que el legislador rechaza la portada de ayer del diario Clar\u00edn que se refiere a la mandataria y a su hijo M\u00e1ximo, en una nota titulada \u201cAflojen un toque, [&#8230;]<\/p>\n","protected":false},"author":11,"featured_media":0,"comment_status":"open","ping_status":"open","sticky":false,"template":"","format":"standard","meta":{"_jetpack_newsletter_access":"","_jetpack_dont_email_post_to_subs":false,"_jetpack_newsletter_tier_id":0,"_jetpack_memberships_contains_paywalled_content":false,"_jetpack_memberships_contains_paid_content":false,"footnotes":""},"categories":[51],"tags":[],"class_list":["post-59018","post","type-post","status-publish","format-standard","hentry","category-politica"],"jetpack_shortlink":"https:\/\/wp.me\/p2JWE0-flU","jetpack-related-posts":[{"id":59061,"url":"http:\/\/www.24baires.com\/?p=59061","url_meta":{"origin":59018,"position":0},"title":"Larroque: \u00abClar\u00edn se qued\u00f3 sin agenda\u00bb","author":"AF","date":"23\/12\/2014","format":false,"excerpt":"El diputado nacional Andr\u00e9s Larroque (Frente para la Victoria) asegur\u00f3 hoy que Clar\u00edn \u201cse ha quedado sin agenda\u201d y cuestion\u00f3 el \u201cataque indiscriminado de ese multimedio\u201d al gobierno nacional, al sostener que refleja \u201cla impotencia frente a la consolidaci\u00f3n del proyecto pol\u00edtico\u201d que encabeza la presidenta Cristina Fern\u00e1ndez de Kirchner.\u2026","rel":"","context":"En \u00abMedios\u00bb","block_context":{"text":"Medios","link":"http:\/\/www.24baires.com\/?cat=54"},"img":{"alt_text":"larroque cuervo","src":"https:\/\/i0.wp.com\/www.24baires.com\/wp-content\/uploads\/2013\/09\/larroque-cuervo.jpg?resize=350%2C200","width":350,"height":200,"srcset":"https:\/\/i0.wp.com\/www.24baires.com\/wp-content\/uploads\/2013\/09\/larroque-cuervo.jpg?resize=350%2C200 1x, https:\/\/i0.wp.com\/www.24baires.com\/wp-content\/uploads\/2013\/09\/larroque-cuervo.jpg?resize=525%2C300 1.5x"},"classes":[]},{"id":59667,"url":"http:\/\/www.24baires.com\/?p=59667","url_meta":{"origin":59018,"position":1},"title":"Larroque tambi\u00e9n critic\u00f3 a Scioli y calific\u00f3 a su hermano &#8216;Pepe&#8217; de \u00abarribista\u00bb","author":"Grupo Sierra","date":"06\/01\/2015","format":false,"excerpt":"El diputado nacional y secretario general de la organizaci\u00f3n pol\u00edtica La C\u00e1mpora, Andr\u00e9s \u201cCuervo\u201d Larroque, se refiri\u00f3 hoy a la visita del gobernador de la provincia de Buenos Aires, Daniel Scioli, al Espacio Clar\u00edn dispuesto en Mar del Plata para la temporada estival y se\u00f1al\u00f3 que \u201cmal que le pese\u2026","rel":"","context":"En \u00abElecciones 2015\u00bb","block_context":{"text":"Elecciones 2015","link":"http:\/\/www.24baires.com\/?cat=74"},"img":{"alt_text":"larroque cuervo","src":"https:\/\/i0.wp.com\/www.24baires.com\/wp-content\/uploads\/2013\/09\/larroque-cuervo.jpg?resize=350%2C200","width":350,"height":200,"srcset":"https:\/\/i0.wp.com\/www.24baires.com\/wp-content\/uploads\/2013\/09\/larroque-cuervo.jpg?resize=350%2C200 1x, https:\/\/i0.wp.com\/www.24baires.com\/wp-content\/uploads\/2013\/09\/larroque-cuervo.jpg?resize=525%2C300 1.5x"},"classes":[]},{"id":114902,"url":"http:\/\/www.24baires.com\/?p=114902","url_meta":{"origin":59018,"position":2},"title":"Larroque: \u00abEn este contexto dif\u00edcil nosotros venimos a poner todo y un poco m\u00e1s\u00bb","author":"AF","date":"04\/05\/2020","format":false,"excerpt":"El gobernador Axel Kicillof le tom\u00f3 el juramento al flamante ministro de Desarrollo de la Comunidad de la Provincia, Andr\u00e9s Larroque. Presencia de intendentes, M\u00e1ximo Kirchner y Sergio Massa, entre otros. El gobernador Axel Kicillof le tom\u00f3 juramento al nuevo ministro de Desarrollo de la Comunidad de la Provincia de\u2026","rel":"","context":"En \u00abProvincia\u00bb","block_context":{"text":"Provincia","link":"http:\/\/www.24baires.com\/?cat=40"},"img":{"alt_text":"","src":"https:\/\/i0.wp.com\/www.24baires.com\/wp-content\/uploads\/2020\/05\/kici-larroque.jpg?resize=350%2C200","width":350,"height":200,"srcset":"https:\/\/i0.wp.com\/www.24baires.com\/wp-content\/uploads\/2020\/05\/kici-larroque.jpg?resize=350%2C200 1x, https:\/\/i0.wp.com\/www.24baires.com\/wp-content\/uploads\/2020\/05\/kici-larroque.jpg?resize=525%2C300 1.5x"},"classes":[]},{"id":63813,"url":"http:\/\/www.24baires.com\/?p=63813","url_meta":{"origin":59018,"position":3},"title":"\u00abSi hay alguien oscuro en este pa\u00eds, \u00e9se es Mauricio Macri\u00bb, dijo Larroque","author":"GB","date":"01\/04\/2015","format":false,"excerpt":"El referente de La C\u00e1mpora respondi\u00f3 as\u00ed a las declaraciones del l\u00edder del PRO, quien asegur\u00f3 que \"es bueno que M\u00e1ximo Kirchner haya salido de la oscuridad\", luego de que concediera una extensa entrevista radial. El diputado nacional Andr\u00e9s Larroque (FPV) sostuvo este mi\u00e9rcoles que \"si hay alguien oscuro en\u2026","rel":"","context":"En \u00abPol\u00edtica\u00bb","block_context":{"text":"Pol\u00edtica","link":"http:\/\/www.24baires.com\/?cat=51"},"img":{"alt_text":"larroque cuervo","src":"https:\/\/i0.wp.com\/www.24baires.com\/wp-content\/uploads\/2013\/09\/larroque-cuervo.jpg?resize=350%2C200","width":350,"height":200,"srcset":"https:\/\/i0.wp.com\/www.24baires.com\/wp-content\/uploads\/2013\/09\/larroque-cuervo.jpg?resize=350%2C200 1x, https:\/\/i0.wp.com\/www.24baires.com\/wp-content\/uploads\/2013\/09\/larroque-cuervo.jpg?resize=525%2C300 1.5x"},"classes":[]},{"id":54787,"url":"http:\/\/www.24baires.com\/?p=54787","url_meta":{"origin":59018,"position":4},"title":"\u00abNosotros no queremos un Clar\u00edn propio sino que Clar\u00edn quiere un presidente propio\u00bb","author":"AF","date":"04\/10\/2014","format":false,"excerpt":"El diputado y secretario general de La C\u00e1mpora se refiri\u00f3 a la campa\u00f1a realizada por ese colectivo con el objetivo de visibilizar las consecuencias que tendr\u00eda el pago a los fondos buitre para la Argentina y respondi\u00f3 a una nota editorial del matutino. ntes de participar del acto de la\u2026","rel":"","context":"En \u00abMedios\u00bb","block_context":{"text":"Medios","link":"http:\/\/www.24baires.com\/?cat=54"},"img":{"alt_text":"larroque cuervo","src":"https:\/\/i0.wp.com\/www.24baires.com\/wp-content\/uploads\/2013\/09\/larroque-cuervo.jpg?resize=350%2C200","width":350,"height":200,"srcset":"https:\/\/i0.wp.com\/www.24baires.com\/wp-content\/uploads\/2013\/09\/larroque-cuervo.jpg?resize=350%2C200 1x, https:\/\/i0.wp.com\/www.24baires.com\/wp-content\/uploads\/2013\/09\/larroque-cuervo.jpg?resize=525%2C300 1.5x"},"classes":[]},{"id":119328,"url":"http:\/\/www.24baires.com\/?p=119328","url_meta":{"origin":59018,"position":5},"title":"Alberto: \u00abLos inculpados hablaban de que el pr\u00f3ximo soy yo\u00bb","author":"AF","date":"12\/09\/2022","format":false,"excerpt":"En una entrevista con el canal Telecinco Alberto Fern\u00e1ndez revel\u00f3 que los autores del ataque a la Vicepresidenta tambi\u00e9n lo ten\u00edan a \u00e9l como objetivo y agreg\u00f3 que \"es una banda de sinverg\u00fcenzas capaces de hacer semejante atrocidad\". El presidente Alberto Fern\u00e1ndez revel\u00f3 este lunes que los detenidos por el\u2026","rel":"","context":"En \u00abPol\u00edtica\u00bb","block_context":{"text":"Pol\u00edtica","link":"http:\/\/www.24baires.com\/?cat=51"},"img":{"alt_text":"","src":"https:\/\/i0.wp.com\/www.24baires.com\/wp-content\/uploads\/2022\/09\/alberto.jpg?resize=350%2C200","width":350,"height":200,"srcset":"https:\/\/i0.wp.com\/www.24baires.com\/wp-content\/uploads\/2022\/09\/alberto.jpg?resize=350%2C200 1x, https:\/\/i0.wp.com\/www.24baires.com\/wp-content\/uploads\/2022\/09\/alberto.jpg?resize=525%2C300 1.5x, https:\/\/i0.wp.com\/www.24baires.com\/wp-content\/uploads\/2022\/09\/alberto.jpg?resize=700%2C400 2x"},"classes":[]}],"jetpack_sharing_enabled":true,"jetpack_likes_enabled":true,"jetpack_featured_media_url":"","_links":{"self":[{"href":"http:\/\/www.24baires.com\/index.php?rest_route=\/wp\/v2\/posts\/59018","targetHints":{"allow":["GET"]}}],"collection":[{"href":"http:\/\/www.24baires.com\/index.php?rest_route=\/wp\/v2\/posts"}],"about":[{"href":"http:\/\/www.24baires.com\/index.php?rest_route=\/wp\/v2\/types\/post"}],"author":[{"embeddable":true,"href":"http:\/\/www.24baires.com\/index.php?rest_route=\/wp\/v2\/users\/11"}],"replies":[{"embeddable":true,"href":"http:\/\/www.24baires.com\/index.php?rest_route=%2Fwp%2Fv2%2Fcomments&post=59018"}],"version-history":[{"count":2,"href":"http:\/\/www.24baires.com\/index.php?rest_route=\/wp\/v2\/posts\/59018\/revisions"}],"predecessor-version":[{"id":59024,"href":"http:\/\/www.24baires.com\/index.php?rest_route=\/wp\/v2\/posts\/59018\/revisions\/59024"}],"wp:attachment":[{"href":"http:\/\/www.24baires.com\/index.php?rest_route=%2Fwp%2Fv2%2Fmedia&parent=59018"}],"wp:term":[{"taxonomy":"category","embeddable":true,"href":"http:\/\/www.24baires.com\/index.php?rest_route=%2Fwp%2Fv2%2Fcategories&post=59018"},{"taxonomy":"post_tag","embeddable":true,"href":"http:\/\/www.24baires.com\/index.php?rest_route=%2Fwp%2Fv2%2Ftags&post=59018"}],"curies":[{"name":"wp","href":"https:\/\/api.w.org\/{rel}","templated":true}]}}